{"id":51787,"date":"2025-03-26T20:15:05","date_gmt":"2025-03-26T23:15:05","guid":{"rendered":"https:\/\/radiorevelacionfm.cl\/?p=51787"},"modified":"2025-03-26T20:15:05","modified_gmt":"2025-03-26T23:15:05","slug":"laboratorio-electrico-de-edelaysen-recorrio-coyhaique-puerto-aysen-y-la-junta-para-reforzar-la-seguridad-electrica-en-la-zona","status":"publish","type":"post","link":"https:\/\/radiorevelacionfm.cl\/?p=51787","title":{"rendered":"Laboratorio el\u00e9ctrico de Edelaysen recorri\u00f3 Coyhaique, Puerto Ays\u00e9n y La Junta para reforzar la seguridad el\u00e9ctrica en la zona"},"content":{"rendered":"<div class=\"flex_column av_one_full  flex_column_div av-zero-column-padding first  avia-builder-el-0  el_before_av_one_full  avia-builder-el-first  \" style='border-radius:0px; '><div  class='avia-image-container  av-styling-    avia-builder-el-1  avia-builder-el-no-sibling  avia-align-center '  itemprop=\"image\" itemscope=\"itemscope\" itemtype=\"https:\/\/schema.org\/ImageObject\"  ><div class='avia-image-container-inner'><div class='avia-image-overlay-wrap'><img decoding=\"async\" class='wp-image-51788 avia-img-lazy-loading-not-51788 avia_image' src=\"https:\/\/radiorevelacionfm.cl\/wp-content\/uploads\/2025\/03\/Lab-electrico-Aysen-2-2-2.jpeg\" alt='' title='Lab el\u00e9ctrico Ays\u00e9n (2)-2-2' height=\"600\" width=\"797\"  itemprop=\"thumbnailUrl\" srcset=\"https:\/\/radiorevelacionfm.cl\/wp-content\/uploads\/2025\/03\/Lab-electrico-Aysen-2-2-2.jpeg 797w, https:\/\/radiorevelacionfm.cl\/wp-content\/uploads\/2025\/03\/Lab-electrico-Aysen-2-2-2-300x226.jpeg 300w, https:\/\/radiorevelacionfm.cl\/wp-content\/uploads\/2025\/03\/Lab-electrico-Aysen-2-2-2-768x578.jpeg 768w, https:\/\/radiorevelacionfm.cl\/wp-content\/uploads\/2025\/03\/Lab-electrico-Aysen-2-2-2-705x531.jpeg 705w, https:\/\/radiorevelacionfm.cl\/wp-content\/uploads\/2025\/03\/Lab-electrico-Aysen-2-2-2-450x339.jpeg 450w, https:\/\/radiorevelacionfm.cl\/wp-content\/uploads\/2025\/03\/Lab-electrico-Aysen-2-2-2-600x452.jpeg 600w\" sizes=\"(max-width: 797px) 100vw, 797px\" \/><\/div><\/div><\/div><\/div><div class=\"flex_column av_one_full  flex_column_div av-zero-column-padding first  avia-builder-el-2  el_after_av_one_full  el_before_av_one_full  column-top-margin\" style='border-radius:0px; '><section class=\"av_textblock_section \"  itemscope=\"itemscope\" itemtype=\"https:\/\/schema.org\/BlogPosting\" itemprop=\"blogPost\" ><div class='avia_textblock  '   itemprop=\"text\" ><p style=\"text-align: center;\"><strong><span style=\"font-size: 18pt;\">Laboratorio el\u00e9ctrico de Edelaysen recorri\u00f3 Coyhaique, Puerto Ays\u00e9n y La Junta para reforzar la seguridad el\u00e9ctrica en la zona<\/span><\/strong><\/p>\n<div id=\"gtx-trans\" style=\"position: absolute; left: -50px; top: 4.31534px;\">\n<div class=\"gtx-trans-icon\"><\/div>\n<\/div>\n<\/div><\/section><\/div><div class=\"flex_column av_one_full  flex_column_div av-zero-column-padding first  avia-builder-el-4  el_after_av_one_full  el_before_av_hr  column-top-margin\" style='border-radius:0px; '><section class=\"av_textblock_section \"  itemscope=\"itemscope\" itemtype=\"https:\/\/schema.org\/BlogPosting\" itemprop=\"blogPost\" ><div class='avia_textblock  '   itemprop=\"text\" ><ul>\n<li style=\"text-align: justify;\"><em>A trav\u00e9s de actividades pr\u00e1cticas y demostraciones en terreno, la el\u00e9ctrica llev\u00f3 su laboratorio el\u00e9ctrico a distintos puntos de la regi\u00f3n de Ays\u00e9n, capacitando en medidas de prevenci\u00f3n y seguridad en redes energizadas.<\/em><\/li>\n<\/ul>\n<p style=\"text-align: justify;\">Con el prop\u00f3sito de fortalecer la seguridad el\u00e9ctrica, el laboratorio el\u00e9ctrico m\u00f3vil recorri\u00f3 las comunas de Coyhaique, Puerto Ays\u00e9n y la localidad de La Junta, entregando conocimientos fundamentales sobre prevenci\u00f3n y riesgos el\u00e9ctricos a trabajadores, brigadas e instituciones p\u00fablicas.<\/p>\n<p style=\"text-align: justify;\">El laboratorio el\u00e9ctrico permiti\u00f3 fortalecer el aprendizaje de brigadas, profesionales el\u00e9ctricos y personal de apoyo a clientes, quienes participaron en una capacitaci\u00f3n fundamental sobre el trabajo con l\u00edneas energizadas. A trav\u00e9s de actividades pr\u00e1cticas, los equipos conocieron de cerca los riesgos asociados y las medidas esenciales para operar con seguridad en redes el\u00e9ctricas.<\/p>\n<p style=\"text-align: justify;\">Carlos \u00c1lvarez, encargado del laboratorio el\u00e9ctrico de Edelaysen destac\u00f3: \u201cEste laboratorio el\u00e9ctrico es un equipo \u00fanico en Sudam\u00e9rica, que lo tiene Grupo Saesa y permite poder concientizar sobre uno de nuestros principales focos que es la seguridad en el contacto el\u00e9ctrico. Lo que han aprendido nuestros colegas es la importancia del uso correcto de los equipos, de los implementos de seguridad, la distancia de seguridad que es s\u00faper importante respecto a la red energizada y el poder dar cumplimiento al 100% del instructivo que tiene Grupo Saesa para realizar un trabajo seguro\u201d.<\/p>\n<p style=\"text-align: justify;\">Por su parte Jorge Valencia, encargado de alumbrado p\u00fablico de la Municipalidad de Ays\u00e9n destac\u00f3: \u201cPara el \u00e1rea municipal, sobre todo el\u00e9ctrica, nos dimos cuenta de muchos factores que de repente no se toman en cuenta, de ver el tema de los riesgos el\u00e9ctricos, del arco el\u00e9ctrico, del peligro que conlleva, los guantes cuando est\u00e1n en mal estado y lo que pueden provocar en las personas y claramente para el personal el\u00e9ctrico municipal ha sido una capacitaci\u00f3n muy buena que tuvo mucho aprendizaje, es incre\u00edble el simulador, de verdad muy bueno y espero que sigan las capacitaciones por parte de Edelaysen\u201d.<\/p>\n<p style=\"text-align: justify;\">De esta manera, el laboratorio el\u00e9ctrico tambi\u00e9n estuvo en la comuna de Puerto Ays\u00e9n donde personal municipal e instituciones p\u00fablicas participaron de la jornada, recibiendo consejos pr\u00e1cticos y conocimientos clave sobre seguridad.<\/p>\n<p style=\"text-align: justify;\">La \u00faltima parada de esta iniciativa, tuvo lugar en la localidad de La Junta, donde se vivi\u00f3 una jornada junto al personal t\u00e9cnico de Edelaysen, brigadas de Sur Electricidad y supervisores. Tambi\u00e9n cont\u00f3 con la presencia de carabineros y trabajadores municipales, reforzando la importancia de la seguridad el\u00e9ctrica tanto en el trabajo como en la vida cotidiana.<\/p>\n<\/div><\/section><\/div><div  style='height:50px' class='hr hr-invisible   avia-builder-el-6  el_after_av_one_full  el_before_av_social_share '><span class='hr-inner ' ><span class='hr-inner-style'><\/span><\/span><\/div><\/p>\n<div  class='av-social-sharing-box  avia-builder-el-7  el_after_av_hr  el_before_av_hr  '><div class='av-share-box'><h5 class='av-share-link-description av-no-toc '>Compartir esta noticia<\/h5><ul class='av-share-box-list noLightbox'><li class='av-share-link av-social-link-facebook' ><a target=\"_blank\" aria-label=\"Compartir en Facebook\" href='https:\/\/www.facebook.com\/sharer.php?u=https:\/\/radiorevelacionfm.cl\/?p=51787&#038;t=Laboratorio%20el%C3%A9ctrico%20de%20Edelaysen%20recorri%C3%B3%20Coyhaique%2C%20Puerto%20Ays%C3%A9n%20y%20La%20Junta%20para%20reforzar%20la%20seguridad%20el%C3%A9ctrica%20en%20la%20zona' aria-hidden='false' data-av_icon='\ue8f3' data-av_iconfont='entypo-fontello' title='' data-avia-related-tooltip='Compartir en Facebook' rel=\"noopener\"><span class='avia_hidden_link_text'>Compartir en Facebook<\/span><\/a><\/li><li class='av-share-link av-social-link-twitter' ><a target=\"_blank\" aria-label=\"Compartir en Twitter\" href='https:\/\/twitter.com\/share?text=Laboratorio%20el%C3%A9ctrico%20de%20Edelaysen%20recorri%C3%B3%20Coyhaique%2C%20Puerto%20Ays%C3%A9n%20y%20La%20Junta%20para%20reforzar%20la%20seguridad%20el%C3%A9ctrica%20en%20la%20zona&#038;url=https:\/\/radiorevelacionfm.cl\/?p=51787' aria-hidden='false' data-av_icon='\ue8f1' data-av_iconfont='entypo-fontello' title='' data-avia-related-tooltip='Compartir en Twitter' rel=\"noopener\"><span class='avia_hidden_link_text'>Compartir en Twitter<\/span><\/a><\/li><li class='av-share-link av-social-link-whatsapp' ><a target=\"_blank\" aria-label=\"Compartir en Whatsapp\" href='https:\/\/api.whatsapp.com\/send?text=https:\/\/radiorevelacionfm.cl\/?p=51787' aria-hidden='false' data-av_icon='\uf232' data-av_iconfont='entypo-fontello' title='' data-avia-related-tooltip='Compartir en Whatsapp' rel=\"noopener\"><span class='avia_hidden_link_text'>Compartir en Whatsapp<\/span><\/a><\/li><li class='av-share-link av-social-link-linkedin' ><a target=\"_blank\" aria-label=\"Compartir en LinkedIn\" href='https:\/\/linkedin.com\/shareArticle?mini=true&#038;title=Laboratorio%20el%C3%A9ctrico%20de%20Edelaysen%20recorri%C3%B3%20Coyhaique%2C%20Puerto%20Ays%C3%A9n%20y%20La%20Junta%20para%20reforzar%20la%20seguridad%20el%C3%A9ctrica%20en%20la%20zona&#038;url=https:\/\/radiorevelacionfm.cl\/?p=51787' aria-hidden='false' data-av_icon='\ue8fc' data-av_iconfont='entypo-fontello' title='' data-avia-related-tooltip='Compartir en LinkedIn' rel=\"noopener\"><span class='avia_hidden_link_text'>Compartir en LinkedIn<\/span><\/a><\/li><li class='av-share-link av-social-link-mail' ><a  aria-label=\"Compartir por correo\" href='mailto:?subject=Laboratorio%20el%C3%A9ctrico%20de%20Edelaysen%20recorri%C3%B3%20Coyhaique%2C%20Puerto%20Ays%C3%A9n%20y%20La%20Junta%20para%20reforzar%20la%20seguridad%20el%C3%A9ctrica%20en%20la%20zona&#038;body=https:\/\/radiorevelacionfm.cl\/?p=51787' aria-hidden='false' data-av_icon='\ue805' data-av_iconfont='entypo-fontello' title='' data-avia-related-tooltip='Compartir por correo'><span class='avia_hidden_link_text'>Compartir por correo<\/span><\/a><\/li><\/ul><\/div><\/div>\n<div  style='height:50px' class='hr hr-invisible   avia-builder-el-8  el_after_av_social_share  el_before_av_comments_list '><span class='hr-inner ' ><span class='hr-inner-style'><\/span><\/span><\/div>\n<div  class='av-buildercomment  av-blog-meta-html-info-disabled av-blog-meta-tag-disabled  '><\/div>\n","protected":false},"excerpt":{"rendered":"","protected":false},"author":1,"featured_media":51788,"comment_status":"open","ping_status":"open","sticky":false,"template":"","format":"standard","meta":{"footnotes":""},"categories":[38],"tags":[],"class_list":["post-51787","post","type-post","status-publish","format-standard","has-post-thumbnail","hentry","category-regional"],"jetpack_featured_media_url":"https:\/\/radiorevelacionfm.cl\/wp-content\/uploads\/2025\/03\/Lab-electrico-Aysen-2-2-2.jpeg","_links":{"self":[{"href":"https:\/\/radiorevelacionfm.cl\/index.php?rest_route=\/wp\/v2\/posts\/51787","targetHints":{"allow":["GET"]}}],"collection":[{"href":"https:\/\/radiorevelacionfm.cl\/index.php?rest_route=\/wp\/v2\/posts"}],"about":[{"href":"https:\/\/radiorevelacionfm.cl\/index.php?rest_route=\/wp\/v2\/types\/post"}],"author":[{"embeddable":true,"href":"https:\/\/radiorevelacionfm.cl\/index.php?rest_route=\/wp\/v2\/users\/1"}],"replies":[{"embeddable":true,"href":"https:\/\/radiorevelacionfm.cl\/index.php?rest_route=%2Fwp%2Fv2%2Fcomments&post=51787"}],"version-history":[{"count":1,"href":"https:\/\/radiorevelacionfm.cl\/index.php?rest_route=\/wp\/v2\/posts\/51787\/revisions"}],"predecessor-version":[{"id":51789,"href":"https:\/\/radiorevelacionfm.cl\/index.php?rest_route=\/wp\/v2\/posts\/51787\/revisions\/51789"}],"wp:featuredmedia":[{"embeddable":true,"href":"https:\/\/radiorevelacionfm.cl\/index.php?rest_route=\/wp\/v2\/media\/51788"}],"wp:attachment":[{"href":"https:\/\/radiorevelacionfm.cl\/index.php?rest_route=%2Fwp%2Fv2%2Fmedia&parent=51787"}],"wp:term":[{"taxonomy":"category","embeddable":true,"href":"https:\/\/radiorevelacionfm.cl\/index.php?rest_route=%2Fwp%2Fv2%2Fcategories&post=51787"},{"taxonomy":"post_tag","embeddable":true,"href":"https:\/\/radiorevelacionfm.cl\/index.php?rest_route=%2Fwp%2Fv2%2Ftags&post=51787"}],"curies":[{"name":"wp","href":"https:\/\/api.w.org\/{rel}","templated":true}]}}