{"id":51784,"date":"2025-03-26T13:16:34","date_gmt":"2025-03-26T16:16:34","guid":{"rendered":"https:\/\/radiorevelacionfm.cl\/?p=51784"},"modified":"2025-03-26T13:16:34","modified_gmt":"2025-03-26T16:16:34","slug":"hito-para-la-conservacion-en-latinoamerica-argentina-y-chile-hacen-historia-con-la-primera-translocacion-binacional-de-fauna-silvestre","status":"publish","type":"post","link":"https:\/\/radiorevelacionfm.cl\/?p=51784","title":{"rendered":"Hito para la conservaci\u00f3n en Latinoam\u00e9rica: Argentina y Chile hacen historia con la primera translocaci\u00f3n binacional de fauna silvestre"},"content":{"rendered":"<div class=\"flex_column av_one_full  flex_column_div av-zero-column-padding first  avia-builder-el-0  el_before_av_one_full  avia-builder-el-first  \" style='border-radius:0px; '><div  class='avia-image-container  av-styling-    avia-builder-el-1  avia-builder-el-no-sibling  avia-align-center '  itemprop=\"image\" itemscope=\"itemscope\" itemtype=\"https:\/\/schema.org\/ImageObject\"  ><div class='avia-image-container-inner'><div class='avia-image-overlay-wrap'><img decoding=\"async\" class='wp-image-51785 avia-img-lazy-loading-not-51785 avia_image' src=\"https:\/\/radiorevelacionfm.cl\/wp-content\/uploads\/2025\/03\/marcelo_mascareno-0656-2-2.jpg\" alt='' title='marcelo_mascareno-0656-2-2' height=\"600\" width=\"902\"  itemprop=\"thumbnailUrl\" srcset=\"https:\/\/radiorevelacionfm.cl\/wp-content\/uploads\/2025\/03\/marcelo_mascareno-0656-2-2.jpg 902w, https:\/\/radiorevelacionfm.cl\/wp-content\/uploads\/2025\/03\/marcelo_mascareno-0656-2-2-300x200.jpg 300w, https:\/\/radiorevelacionfm.cl\/wp-content\/uploads\/2025\/03\/marcelo_mascareno-0656-2-2-768x511.jpg 768w, https:\/\/radiorevelacionfm.cl\/wp-content\/uploads\/2025\/03\/marcelo_mascareno-0656-2-2-705x469.jpg 705w, https:\/\/radiorevelacionfm.cl\/wp-content\/uploads\/2025\/03\/marcelo_mascareno-0656-2-2-450x299.jpg 450w, https:\/\/radiorevelacionfm.cl\/wp-content\/uploads\/2025\/03\/marcelo_mascareno-0656-2-2-600x399.jpg 600w\" sizes=\"(max-width: 902px) 100vw, 902px\" \/><\/div><\/div><\/div><\/div><div class=\"flex_column av_one_full  flex_column_div av-zero-column-padding first  avia-builder-el-2  el_after_av_one_full  el_before_av_one_full  column-top-margin\" style='border-radius:0px; '><section class=\"av_textblock_section \"  itemscope=\"itemscope\" itemtype=\"https:\/\/schema.org\/BlogPosting\" itemprop=\"blogPost\" ><div class='avia_textblock  '   itemprop=\"text\" ><p style=\"text-align: center;\"><span style=\"font-size: 18pt;\"><strong><em>Hito para la conservaci\u00f3n en Latinoam\u00e9rica:\u00a0<\/em><\/strong><strong>Argentina y Chile hacen historia con la primera translocaci\u00f3n binacional de fauna silvestre<\/strong><\/span><\/p>\n<div id=\"gtx-trans\" style=\"position: absolute; left: -50px; top: 4.31534px;\">\n<div class=\"gtx-trans-icon\"><\/div>\n<\/div>\n<\/div><\/section><\/div><div class=\"flex_column av_one_full  flex_column_div av-zero-column-padding first  avia-builder-el-4  el_after_av_one_full  el_before_av_hr  column-top-margin\" style='border-radius:0px; '><section class=\"av_textblock_section \"  itemscope=\"itemscope\" itemtype=\"https:\/\/schema.org\/BlogPosting\" itemprop=\"blogPost\" ><div class='avia_textblock  '   itemprop=\"text\" ><ul>\n<li style=\"text-align: justify;\"><em>15 choiques o \u00f1and\u00faes patag\u00f3nicos son translocados entre ambos pa\u00edses, para aportar a la diversidad gen\u00e9tica de la poblaci\u00f3n del Parque Nacional Patagonia Chile.<\/em><\/li>\n<\/ul>\n<p style=\"text-align: justify;\"><em>Esta es la primera vez que se realiza la captura y traslado de animales de origen silvestre de un pa\u00eds latinoamericano a otro con fines de conservaci\u00f3n.<\/em><\/p>\n<p style=\"text-align: justify;\">En un hito para la recuperaci\u00f3n de especies amenazadas, Rewilding Argentina y Rewilding Chile, organizaciones legado de Tompkins Conservation, concretaron la primera translocaci\u00f3n internacional de fauna silvestre en Latinoam\u00e9rica. Trasladaron 15 \u00f1and\u00faes patag\u00f3nicos (<em>Rhea pennata<\/em>) desde el Parque Patagonia Argentina, en la provincia de Santa Cruz, hasta el Parque Nacional Patagonia Chile en la regi\u00f3n de en Ays\u00e9n, para reforzar una poblaci\u00f3n que, hasta hace 15 a\u00f1os atr\u00e1s, estuvo al borde de la extinci\u00f3n local con menos de 20 individuos.<\/p>\n<p style=\"text-align: justify;\">El choique es una especie emblem\u00e1tica de la estepa patag\u00f3nica, clave para la regeneraci\u00f3n del ecosistema gracias a su rol en la dispersi\u00f3n de semillas. Sin embargo, en la regi\u00f3n de Ays\u00e9n, Chile, sus poblaciones han disminuido dr\u00e1sticamente debido a la sobreexplotaci\u00f3n ganadera, la persecuci\u00f3n por perros, la caza y la destrucci\u00f3n de nidos. Aunque la distancia entre ambos parques es de solo 90 km, barreras como alambrados, cercos ganaderos, entre otros, limitan su desplazamiento natural, lo que hace necesaria esta intervenci\u00f3n.<\/p>\n<p style=\"text-align: justify;\"><strong>Un trabajo conjunto por la conservaci\u00f3n<\/strong><\/p>\n<p style=\"text-align: justify;\">Los individuos trasladados provienen de una poblaci\u00f3n saludable en el Parque Patagonia Argentina, donde los esfuerzos de conservaci\u00f3n de Rewilding Argentina, con el apoyo de la Fundaci\u00f3n Freyja, han permitido su recuperaci\u00f3n. \u00abHemos seleccionado individuos de una poblaci\u00f3n en buen estado de conservaci\u00f3n, asegurando un impacto m\u00ednimo en el grupo original y contribuyendo a restaurar la especie en Chile\u00bb, explica Sebasti\u00e1n Di Martino, Director de Conservaci\u00f3n de Rewilding Argentina. A trav\u00e9s del uso de tecnolog\u00eda GPS y telemetr\u00eda, se est\u00e1 ampliando el conocimiento sobre sus h\u00e1bitos y ecolog\u00eda espacial.<\/p>\n<p style=\"text-align: justify;\">Por su parte, Cristian Saucedo, Director de Vida Silvestre de Rewilding Chile, destaca la relevancia de esta acci\u00f3n: \u00abHasta ahora no exist\u00edan protocolos espec\u00edficos para recuperar especies mediante la colaboraci\u00f3n entre pa\u00edses a trav\u00e9s de sus fronteras. Este hito demuestra que, por necesidad, nuestros sistemas institucionales pueden evolucionar y responder de manera m\u00e1s din\u00e1mica a la crisis de biodiversidad\u00bb.<\/p>\n<p style=\"text-align: justify;\">La translocaci\u00f3n de los choiques implic\u00f3 rigurosos controles sanitarios para mitigar cualquier riesgo, especialmente ante la preocupaci\u00f3n por la influenza aviar. Cada ave pas\u00f3 por ex\u00e1menes veterinarios, muestreos y un per\u00edodo de cuarentena tanto en Argentina como en Chile. Finalmente, fueron transportadas en un cami\u00f3n especial hasta su nuevo hogar en el Parque Nacional Patagonia en Chile, donde completar\u00e1n su proceso de adaptaci\u00f3n en corrales de pre-suelta antes de ser liberadas.<\/p>\n<p style=\"text-align: justify;\">El ministro de Agricultura de Chile, Esteban Valenzuela, destac\u00f3 c\u00f3mo el esfuerzo conjunto entre pa\u00edses, liderado por el Servicio Agr\u00edcola y Ganadero (SAG), logr\u00f3 coordinar los aspectos sanitarios y de control fronterizo para la exportaci\u00f3n y cuarentena de los \u00f1and\u00faes. \u00abEsta iniciativa, que une lo p\u00fablico y lo privado y a pa\u00edses fronterizos en favor de la conservaci\u00f3n, podr\u00eda convertirse en un modelo para futuras acciones que permitan\u00a0 a las especies amenazadas regresar a los ecosistemas donde alguna vez prosperaron, contribuyendo as\u00ed a enfrentar con decisi\u00f3n la crisis de biodiversidad\u00bb enfatiz\u00f3 el ministro Valenzuela.<\/p>\n<p style=\"text-align: justify;\"><strong>Una acci\u00f3n pionera para la conservaci\u00f3n en Latinoam\u00e9rica<\/strong><\/p>\n<p style=\"text-align: justify;\">A nivel mundial, las translocaciones para la conservaci\u00f3n se han convertido en una herramienta clave para restaurar especies en peligro. Sin embargo, en Latinoam\u00e9rica su uso ha sido limitado. Este primer caso de translocaci\u00f3n internacional de fauna silvestre en la regi\u00f3n marca un precedente y refuerza la necesidad de una mayor cooperaci\u00f3n entre pa\u00edses para enfrentar la crisis de biodiversidad.<\/p>\n<p style=\"text-align: justify;\">\u00abHoy alcanzamos un hito hist\u00f3rico para el rewilding. Si queremos revertir la crisis de extinci\u00f3n masiva, la cooperaci\u00f3n internacional es fundamental. Me siento muy orgullosa del trabajo de nuestras organizaciones y espero que esta acci\u00f3n ampl\u00ede nuestras esperanzas para la restauraci\u00f3n de la naturaleza, porque la naturaleza no conoce fronteras\u00bb, celebra Kristine Tompkins, Presidenta de Tompkins Conservation.<\/p>\n<p style=\"text-align: justify;\">Este esfuerzo conjunto ha sido posible gracias a la colaboraci\u00f3n de las provincias de Santa Cruz, el Ministerio de Agricultura del Gobierno de Chile, la Corporaci\u00f3n Nacional Forestal de Chile (CONAF), el Servicio Agr\u00edcola y Ganadero (SAG), SENASA, Servicio de Aduanas, Seremi de Transportes de la regi\u00f3n de Ays\u00e9n y las Fundaciones Rewilding Argentina, Freyja y Rewilding Chile.<\/p>\n<p style=\"text-align: justify;\"><strong><em>\u00a0<\/em><\/strong><\/p>\n<\/div><\/section><\/div><div  style='height:50px' class='hr hr-invisible   avia-builder-el-6  el_after_av_one_full  el_before_av_social_share '><span class='hr-inner ' ><span class='hr-inner-style'><\/span><\/span><\/div><\/p>\n<div  class='av-social-sharing-box  avia-builder-el-7  el_after_av_hr  el_before_av_hr  '><div class='av-share-box'><h5 class='av-share-link-description av-no-toc '>Compartir esta noticia<\/h5><ul class='av-share-box-list noLightbox'><li class='av-share-link av-social-link-facebook' ><a target=\"_blank\" aria-label=\"Compartir en Facebook\" href='https:\/\/www.facebook.com\/sharer.php?u=https:\/\/radiorevelacionfm.cl\/?p=51784&#038;t=Hito%20para%20la%20conservaci%C3%B3n%20en%20Latinoam%C3%A9rica%3A%20Argentina%20y%20Chile%20hacen%20historia%20con%20la%20primera%20translocaci%C3%B3n%20binacional%20de%20fauna%20silvestre' aria-hidden='false' data-av_icon='\ue8f3' data-av_iconfont='entypo-fontello' title='' data-avia-related-tooltip='Compartir en Facebook' rel=\"noopener\"><span class='avia_hidden_link_text'>Compartir en Facebook<\/span><\/a><\/li><li class='av-share-link av-social-link-twitter' ><a target=\"_blank\" aria-label=\"Compartir en Twitter\" href='https:\/\/twitter.com\/share?text=Hito%20para%20la%20conservaci%C3%B3n%20en%20Latinoam%C3%A9rica%3A%20Argentina%20y%20Chile%20hacen%20historia%20con%20la%20primera%20translocaci%C3%B3n%20binacional%20de%20fauna%20silvestre&#038;url=https:\/\/radiorevelacionfm.cl\/?p=51784' aria-hidden='false' data-av_icon='\ue8f1' data-av_iconfont='entypo-fontello' title='' data-avia-related-tooltip='Compartir en Twitter' rel=\"noopener\"><span class='avia_hidden_link_text'>Compartir en Twitter<\/span><\/a><\/li><li class='av-share-link av-social-link-whatsapp' ><a target=\"_blank\" aria-label=\"Compartir en Whatsapp\" href='https:\/\/api.whatsapp.com\/send?text=https:\/\/radiorevelacionfm.cl\/?p=51784' aria-hidden='false' data-av_icon='\uf232' data-av_iconfont='entypo-fontello' title='' data-avia-related-tooltip='Compartir en Whatsapp' rel=\"noopener\"><span class='avia_hidden_link_text'>Compartir en Whatsapp<\/span><\/a><\/li><li class='av-share-link av-social-link-linkedin' ><a target=\"_blank\" aria-label=\"Compartir en LinkedIn\" href='https:\/\/linkedin.com\/shareArticle?mini=true&#038;title=Hito%20para%20la%20conservaci%C3%B3n%20en%20Latinoam%C3%A9rica%3A%20Argentina%20y%20Chile%20hacen%20historia%20con%20la%20primera%20translocaci%C3%B3n%20binacional%20de%20fauna%20silvestre&#038;url=https:\/\/radiorevelacionfm.cl\/?p=51784' aria-hidden='false' data-av_icon='\ue8fc' data-av_iconfont='entypo-fontello' title='' data-avia-related-tooltip='Compartir en LinkedIn' rel=\"noopener\"><span class='avia_hidden_link_text'>Compartir en LinkedIn<\/span><\/a><\/li><li class='av-share-link av-social-link-mail' ><a  aria-label=\"Compartir por correo\" href='mailto:?subject=Hito%20para%20la%20conservaci%C3%B3n%20en%20Latinoam%C3%A9rica%3A%20Argentina%20y%20Chile%20hacen%20historia%20con%20la%20primera%20translocaci%C3%B3n%20binacional%20de%20fauna%20silvestre&#038;body=https:\/\/radiorevelacionfm.cl\/?p=51784' aria-hidden='false' data-av_icon='\ue805' data-av_iconfont='entypo-fontello' title='' data-avia-related-tooltip='Compartir por correo'><span class='avia_hidden_link_text'>Compartir por correo<\/span><\/a><\/li><\/ul><\/div><\/div>\n<div  style='height:50px' class='hr hr-invisible   avia-builder-el-8  el_after_av_social_share  el_before_av_comments_list '><span class='hr-inner ' ><span class='hr-inner-style'><\/span><\/span><\/div>\n<div  class='av-buildercomment  av-blog-meta-html-info-disabled av-blog-meta-tag-disabled  '><\/div>\n","protected":false},"excerpt":{"rendered":"","protected":false},"author":1,"featured_media":51785,"comment_status":"open","ping_status":"open","sticky":false,"template":"","format":"standard","meta":{"footnotes":""},"categories":[38],"tags":[],"class_list":["post-51784","post","type-post","status-publish","format-standard","has-post-thumbnail","hentry","category-regional"],"jetpack_featured_media_url":"https:\/\/radiorevelacionfm.cl\/wp-content\/uploads\/2025\/03\/marcelo_mascareno-0656-2-2.jpg","_links":{"self":[{"href":"https:\/\/radiorevelacionfm.cl\/index.php?rest_route=\/wp\/v2\/posts\/51784","targetHints":{"allow":["GET"]}}],"collection":[{"href":"https:\/\/radiorevelacionfm.cl\/index.php?rest_route=\/wp\/v2\/posts"}],"about":[{"href":"https:\/\/radiorevelacionfm.cl\/index.php?rest_route=\/wp\/v2\/types\/post"}],"author":[{"embeddable":true,"href":"https:\/\/radiorevelacionfm.cl\/index.php?rest_route=\/wp\/v2\/users\/1"}],"replies":[{"embeddable":true,"href":"https:\/\/radiorevelacionfm.cl\/index.php?rest_route=%2Fwp%2Fv2%2Fcomments&post=51784"}],"version-history":[{"count":1,"href":"https:\/\/radiorevelacionfm.cl\/index.php?rest_route=\/wp\/v2\/posts\/51784\/revisions"}],"predecessor-version":[{"id":51786,"href":"https:\/\/radiorevelacionfm.cl\/index.php?rest_route=\/wp\/v2\/posts\/51784\/revisions\/51786"}],"wp:featuredmedia":[{"embeddable":true,"href":"https:\/\/radiorevelacionfm.cl\/index.php?rest_route=\/wp\/v2\/media\/51785"}],"wp:attachment":[{"href":"https:\/\/radiorevelacionfm.cl\/index.php?rest_route=%2Fwp%2Fv2%2Fmedia&parent=51784"}],"wp:term":[{"taxonomy":"category","embeddable":true,"href":"https:\/\/radiorevelacionfm.cl\/index.php?rest_route=%2Fwp%2Fv2%2Fcategories&post=51784"},{"taxonomy":"post_tag","embeddable":true,"href":"https:\/\/radiorevelacionfm.cl\/index.php?rest_route=%2Fwp%2Fv2%2Ftags&post=51784"}],"curies":[{"name":"wp","href":"https:\/\/api.w.org\/{rel}","templated":true}]}}