{"id":51778,"date":"2025-03-26T12:00:24","date_gmt":"2025-03-26T15:00:24","guid":{"rendered":"https:\/\/radiorevelacionfm.cl\/?p=51778"},"modified":"2025-03-26T12:00:24","modified_gmt":"2025-03-26T15:00:24","slug":"asociacion-de-turismo-de-cerro-castillo-y-la-caf-firmaron-convenio-de-colaboracion-tecnica","status":"publish","type":"post","link":"https:\/\/radiorevelacionfm.cl\/?p=51778","title":{"rendered":"Asociaci\u00f3n de Turismo de Cerro Castillo y la CAF firmaron convenio de colaboraci\u00f3n t\u00e9cnica"},"content":{"rendered":"<div class=\"flex_column av_one_full  flex_column_div av-zero-column-padding first  avia-builder-el-0  el_before_av_one_full  avia-builder-el-first  \" style='border-radius:0px; '><div  class='avia-image-container  av-styling-    avia-builder-el-1  avia-builder-el-no-sibling  avia-align-center '  itemprop=\"image\" itemscope=\"itemscope\" itemtype=\"https:\/\/schema.org\/ImageObject\"  ><div class='avia-image-container-inner'><div class='avia-image-overlay-wrap'><img decoding=\"async\" class='wp-image-51779 avia-img-lazy-loading-not-51779 avia_image' src=\"https:\/\/radiorevelacionfm.cl\/wp-content\/uploads\/2025\/03\/dsc04660-2-2_optimized-2.jpg\" alt='' title='dsc04660-2-2_optimized-2' height=\"600\" width=\"1066\"  itemprop=\"thumbnailUrl\" srcset=\"https:\/\/radiorevelacionfm.cl\/wp-content\/uploads\/2025\/03\/dsc04660-2-2_optimized-2.jpg 1066w, https:\/\/radiorevelacionfm.cl\/wp-content\/uploads\/2025\/03\/dsc04660-2-2_optimized-2-300x169.jpg 300w, https:\/\/radiorevelacionfm.cl\/wp-content\/uploads\/2025\/03\/dsc04660-2-2_optimized-2-1030x580.jpg 1030w, https:\/\/radiorevelacionfm.cl\/wp-content\/uploads\/2025\/03\/dsc04660-2-2_optimized-2-768x432.jpg 768w, https:\/\/radiorevelacionfm.cl\/wp-content\/uploads\/2025\/03\/dsc04660-2-2_optimized-2-705x397.jpg 705w, https:\/\/radiorevelacionfm.cl\/wp-content\/uploads\/2025\/03\/dsc04660-2-2_optimized-2-450x253.jpg 450w, https:\/\/radiorevelacionfm.cl\/wp-content\/uploads\/2025\/03\/dsc04660-2-2_optimized-2-600x338.jpg 600w\" sizes=\"(max-width: 1066px) 100vw, 1066px\" \/><\/div><\/div><\/div><\/div><div class=\"flex_column av_one_full  flex_column_div av-zero-column-padding first  avia-builder-el-2  el_after_av_one_full  el_before_av_one_full  column-top-margin\" style='border-radius:0px; '><section class=\"av_textblock_section \"  itemscope=\"itemscope\" itemtype=\"https:\/\/schema.org\/BlogPosting\" itemprop=\"blogPost\" ><div class='avia_textblock  '   itemprop=\"text\" ><p style=\"text-align: center;\"><strong><span style=\"font-size: 18pt;\">Asociaci\u00f3n de Turismo de Cerro Castillo y la CAF firmaron convenio de colaboraci\u00f3n t\u00e9cnica<\/span><\/strong><\/p>\n<div id=\"gtx-trans\" style=\"position: absolute; left: -50px; top: 4.31534px;\">\n<div class=\"gtx-trans-icon\"><\/div>\n<\/div>\n<\/div><\/section><\/div><div class=\"flex_column av_one_full  flex_column_div av-zero-column-padding first  avia-builder-el-4  el_after_av_one_full  el_before_av_hr  column-top-margin\" style='border-radius:0px; '><section class=\"av_textblock_section \"  itemscope=\"itemscope\" itemtype=\"https:\/\/schema.org\/BlogPosting\" itemprop=\"blogPost\" ><div class='avia_textblock  '   itemprop=\"text\" ><ul>\n<li style=\"text-align: justify;\"><em>El acuerdo tiene como principal objetivo fortalecer la gesti\u00f3n del Parque Nacional Cerro Castillo, impulsando un turismo sostenible que proteja su riqueza natural y beneficie a las comunidades aleda\u00f1as.<\/em><\/li>\n<\/ul>\n<p style=\"text-align: justify;\">En el marco de su compromiso con el crecimiento sostenible de la econom\u00eda local, en sinton\u00eda con la conservaci\u00f3n ambiental, el pasado jueves 20 de marzo, la Asociaci\u00f3n de Turismo Cerro Castillo, en conjunto con el Banco de Desarrollo para Am\u00e9rica Latina y el Caribe (CAF), firmaron un importante Convenio de Colaboraci\u00f3n T\u00e9cnica.<\/p>\n<p style=\"text-align: justify;\">Entre las acciones que se llevar\u00e1n a cabo con esta alianza, se contempla la \u201cMejora de la capacidad de manejo en los espacios p\u00fablicos del Parque Nacional Cerro Castillo\u201d, enfocado en la renovaci\u00f3n de la infraestructura, fortalecer la preservaci\u00f3n del ecosistema patag\u00f3nico y promover el desarrollo de la comunidad del sector.<\/p>\n<p>Paralelamente, como una muestra simb\u00f3lica del inicio de este acuerdo, la CAF permiti\u00f3 la habilitaci\u00f3n de una sala del Liceo Bicentenario Rural de Villa Cerro Castillo, para la creaci\u00f3n de la nueva Biblioteca Infantil \u201cNibaldo Calder\u00f3n\u201d, que lleva el nombre de un reconocido habitante de Villa Cerro Castillo, quien trabaj\u00f3 por cerca de 45 a\u00f1os en el establecimiento educacional.<\/p>\n<p style=\"text-align: justify;\">Este proyecto, tambi\u00e9n contempl\u00f3 la compra de mobiliario y la donaci\u00f3n de cerca de 70 libros. Asimismo, se instal\u00f3 un nuevo letrero de bienvenida al Parque Nacional Cerro Castillo, facilitando la orientaci\u00f3n de los visitantes y reforzando la identidad de vecinas y vecinos como una comunidad portal de un \u00e1rea protegida.<\/p>\n<p style=\"text-align: justify;\">El alcalde de la comuna de R\u00edo Ib\u00e1\u00f1ez, Marcelo J\u00e9lvez C\u00e1rdenas, integrante del directorio de la asociaci\u00f3n de turismo local, se\u00f1al\u00f3 que \u201cestas alianzas significan un tremendo aporte para nuestro parque y la educaci\u00f3n de la parte norte de nuestra comuna. Esperamos seguir afianzando estos lazos que son un crecimiento a nuestro turismo desde un enfoque sostenible\u201d.<\/p>\n<p style=\"text-align: justify;\">Bajo esta misma l\u00ednea, el director ejecutivo de la asociaci\u00f3n de turismo local, Ignacio Carrasco Moreno, expres\u00f3 que \u201ceste convenio nos permitir\u00e1 potenciar el trabajo que venimos realizando en la administraci\u00f3n de los senderos ecotur\u00edsticos del parque, fortaleciendo un modelo de gesti\u00f3n de un \u00c1rea Silvestre Protegida, a trav\u00e9s de una organizaci\u00f3n local\u201d.<\/p>\n<p style=\"text-align: justify;\">Nos motiva acompa\u00f1ar el fortalecimiento de dos iniciativas. Por una parte, la preservaci\u00f3n de un activo natural, pr\u00edstino, tan importante para Chile, Am\u00e9rica Latina y el Caribe. Por otra parte, una de las grandes preocupaciones del banco son el desarrollo de las habilidades de lectoescritura en los ni\u00f1os y j\u00f3venes, por lo que hemos repotenciado la biblioteca del Liceo Bicentenario Rural Villa Cerro Castillo\u201d, argument\u00f3 el presidente de la CAF, Sergio D\u00edaz-Granados.<\/p>\n<\/div><\/section><\/div><div  style='height:50px' class='hr hr-invisible   avia-builder-el-6  el_after_av_one_full  el_before_av_social_share '><span class='hr-inner ' ><span class='hr-inner-style'><\/span><\/span><\/div><\/p>\n<div  class='av-social-sharing-box  avia-builder-el-7  el_after_av_hr  el_before_av_hr  '><div class='av-share-box'><h5 class='av-share-link-description av-no-toc '>Compartir esta noticia<\/h5><ul class='av-share-box-list noLightbox'><li class='av-share-link av-social-link-facebook' ><a target=\"_blank\" aria-label=\"Compartir en Facebook\" href='https:\/\/www.facebook.com\/sharer.php?u=https:\/\/radiorevelacionfm.cl\/?p=51778&#038;t=Asociaci%C3%B3n%20de%20Turismo%20de%20Cerro%20Castillo%20y%20la%20CAF%20firmaron%20convenio%20de%20colaboraci%C3%B3n%20t%C3%A9cnica' aria-hidden='false' data-av_icon='\ue8f3' data-av_iconfont='entypo-fontello' title='' data-avia-related-tooltip='Compartir en Facebook' rel=\"noopener\"><span class='avia_hidden_link_text'>Compartir en Facebook<\/span><\/a><\/li><li class='av-share-link av-social-link-twitter' ><a target=\"_blank\" aria-label=\"Compartir en Twitter\" href='https:\/\/twitter.com\/share?text=Asociaci%C3%B3n%20de%20Turismo%20de%20Cerro%20Castillo%20y%20la%20CAF%20firmaron%20convenio%20de%20colaboraci%C3%B3n%20t%C3%A9cnica&#038;url=https:\/\/radiorevelacionfm.cl\/?p=51778' aria-hidden='false' data-av_icon='\ue8f1' data-av_iconfont='entypo-fontello' title='' data-avia-related-tooltip='Compartir en Twitter' rel=\"noopener\"><span class='avia_hidden_link_text'>Compartir en Twitter<\/span><\/a><\/li><li class='av-share-link av-social-link-whatsapp' ><a target=\"_blank\" aria-label=\"Compartir en Whatsapp\" href='https:\/\/api.whatsapp.com\/send?text=https:\/\/radiorevelacionfm.cl\/?p=51778' aria-hidden='false' data-av_icon='\uf232' data-av_iconfont='entypo-fontello' title='' data-avia-related-tooltip='Compartir en Whatsapp' rel=\"noopener\"><span class='avia_hidden_link_text'>Compartir en Whatsapp<\/span><\/a><\/li><li class='av-share-link av-social-link-linkedin' ><a target=\"_blank\" aria-label=\"Compartir en LinkedIn\" href='https:\/\/linkedin.com\/shareArticle?mini=true&#038;title=Asociaci%C3%B3n%20de%20Turismo%20de%20Cerro%20Castillo%20y%20la%20CAF%20firmaron%20convenio%20de%20colaboraci%C3%B3n%20t%C3%A9cnica&#038;url=https:\/\/radiorevelacionfm.cl\/?p=51778' aria-hidden='false' data-av_icon='\ue8fc' data-av_iconfont='entypo-fontello' title='' data-avia-related-tooltip='Compartir en LinkedIn' rel=\"noopener\"><span class='avia_hidden_link_text'>Compartir en LinkedIn<\/span><\/a><\/li><li class='av-share-link av-social-link-mail' ><a  aria-label=\"Compartir por correo\" href='mailto:?subject=Asociaci%C3%B3n%20de%20Turismo%20de%20Cerro%20Castillo%20y%20la%20CAF%20firmaron%20convenio%20de%20colaboraci%C3%B3n%20t%C3%A9cnica&#038;body=https:\/\/radiorevelacionfm.cl\/?p=51778' aria-hidden='false' data-av_icon='\ue805' data-av_iconfont='entypo-fontello' title='' data-avia-related-tooltip='Compartir por correo'><span class='avia_hidden_link_text'>Compartir por correo<\/span><\/a><\/li><\/ul><\/div><\/div>\n<div  style='height:50px' class='hr hr-invisible   avia-builder-el-8  el_after_av_social_share  el_before_av_comments_list '><span class='hr-inner ' ><span class='hr-inner-style'><\/span><\/span><\/div>\n<div  class='av-buildercomment  av-blog-meta-html-info-disabled av-blog-meta-tag-disabled  '><\/div>\n","protected":false},"excerpt":{"rendered":"","protected":false},"author":1,"featured_media":51779,"comment_status":"open","ping_status":"open","sticky":false,"template":"","format":"standard","meta":{"footnotes":""},"categories":[54],"tags":[],"class_list":["post-51778","post","type-post","status-publish","format-standard","has-post-thumbnail","hentry","category-turismo"],"jetpack_featured_media_url":"https:\/\/radiorevelacionfm.cl\/wp-content\/uploads\/2025\/03\/dsc04660-2-2_optimized-2.jpg","_links":{"self":[{"href":"https:\/\/radiorevelacionfm.cl\/index.php?rest_route=\/wp\/v2\/posts\/51778","targetHints":{"allow":["GET"]}}],"collection":[{"href":"https:\/\/radiorevelacionfm.cl\/index.php?rest_route=\/wp\/v2\/posts"}],"about":[{"href":"https:\/\/radiorevelacionfm.cl\/index.php?rest_route=\/wp\/v2\/types\/post"}],"author":[{"embeddable":true,"href":"https:\/\/radiorevelacionfm.cl\/index.php?rest_route=\/wp\/v2\/users\/1"}],"replies":[{"embeddable":true,"href":"https:\/\/radiorevelacionfm.cl\/index.php?rest_route=%2Fwp%2Fv2%2Fcomments&post=51778"}],"version-history":[{"count":1,"href":"https:\/\/radiorevelacionfm.cl\/index.php?rest_route=\/wp\/v2\/posts\/51778\/revisions"}],"predecessor-version":[{"id":51780,"href":"https:\/\/radiorevelacionfm.cl\/index.php?rest_route=\/wp\/v2\/posts\/51778\/revisions\/51780"}],"wp:featuredmedia":[{"embeddable":true,"href":"https:\/\/radiorevelacionfm.cl\/index.php?rest_route=\/wp\/v2\/media\/51779"}],"wp:attachment":[{"href":"https:\/\/radiorevelacionfm.cl\/index.php?rest_route=%2Fwp%2Fv2%2Fmedia&parent=51778"}],"wp:term":[{"taxonomy":"category","embeddable":true,"href":"https:\/\/radiorevelacionfm.cl\/index.php?rest_route=%2Fwp%2Fv2%2Fcategories&post=51778"},{"taxonomy":"post_tag","embeddable":true,"href":"https:\/\/radiorevelacionfm.cl\/index.php?rest_route=%2Fwp%2Fv2%2Ftags&post=51778"}],"curies":[{"name":"wp","href":"https:\/\/api.w.org\/{rel}","templated":true}]}}