{"id":51775,"date":"2025-03-26T11:48:02","date_gmt":"2025-03-26T14:48:02","guid":{"rendered":"https:\/\/radiorevelacionfm.cl\/?p=51775"},"modified":"2025-03-26T11:48:03","modified_gmt":"2025-03-26T14:48:03","slug":"calisto-pide-a-ministro-de-educacion-una-solucion-para-funcionarios-de-jardines-vtf-que-dejaron-de-recibir-bono-trimestral-de-zonas-extremas","status":"publish","type":"post","link":"https:\/\/radiorevelacionfm.cl\/?p=51775","title":{"rendered":"Calisto pide a Ministro de Educaci\u00f3n una soluci\u00f3n para funcionarios de jardines VTF que dejaron de recibir bono trimestral de zonas extremas"},"content":{"rendered":"<div class=\"flex_column av_one_full  flex_column_div av-zero-column-padding first  avia-builder-el-0  el_before_av_one_full  avia-builder-el-first  \" style='border-radius:0px; '><div  class='avia-image-container  av-styling-    avia-builder-el-1  avia-builder-el-no-sibling  avia-align-center '  itemprop=\"image\" itemscope=\"itemscope\" itemtype=\"https:\/\/schema.org\/ImageObject\"  ><div class='avia-image-container-inner'><div class='avia-image-overlay-wrap'><img decoding=\"async\" class='wp-image-51776 avia-img-lazy-loading-not-51776 avia_image' src=\"https:\/\/radiorevelacionfm.cl\/wp-content\/uploads\/2025\/03\/FOTO-REU-CATALDO-2-2.jpeg\" alt='' title='FOTO REU CATALDO-2-2' height=\"600\" width=\"800\"  itemprop=\"thumbnailUrl\" srcset=\"https:\/\/radiorevelacionfm.cl\/wp-content\/uploads\/2025\/03\/FOTO-REU-CATALDO-2-2.jpeg 800w, https:\/\/radiorevelacionfm.cl\/wp-content\/uploads\/2025\/03\/FOTO-REU-CATALDO-2-2-300x225.jpeg 300w, https:\/\/radiorevelacionfm.cl\/wp-content\/uploads\/2025\/03\/FOTO-REU-CATALDO-2-2-768x576.jpeg 768w, https:\/\/radiorevelacionfm.cl\/wp-content\/uploads\/2025\/03\/FOTO-REU-CATALDO-2-2-705x529.jpeg 705w, https:\/\/radiorevelacionfm.cl\/wp-content\/uploads\/2025\/03\/FOTO-REU-CATALDO-2-2-450x338.jpeg 450w, https:\/\/radiorevelacionfm.cl\/wp-content\/uploads\/2025\/03\/FOTO-REU-CATALDO-2-2-600x450.jpeg 600w\" sizes=\"(max-width: 800px) 100vw, 800px\" \/><\/div><\/div><\/div><\/div><div class=\"flex_column av_one_full  flex_column_div av-zero-column-padding first  avia-builder-el-2  el_after_av_one_full  el_before_av_one_full  column-top-margin\" style='border-radius:0px; '><section class=\"av_textblock_section \"  itemscope=\"itemscope\" itemtype=\"https:\/\/schema.org\/BlogPosting\" itemprop=\"blogPost\" ><div class='avia_textblock  '   itemprop=\"text\" ><p style=\"text-align: center;\"><span style=\"font-size: 18pt;\"><b>Calisto pide a Ministro de Educaci\u00f3n una soluci\u00f3n para funcionarios de jardines VTF que dejaron de recibir bono trimestral de zonas extremas<\/b><\/span><\/p>\n<div id=\"gtx-trans\" style=\"position: absolute; left: -50px; top: 4.31534px;\">\n<div class=\"gtx-trans-icon\"><\/div>\n<\/div>\n<\/div><\/section><\/div><div class=\"flex_column av_one_full  flex_column_div av-zero-column-padding first  avia-builder-el-4  el_after_av_one_full  el_before_av_hr  column-top-margin\" style='border-radius:0px; '><section class=\"av_textblock_section \"  itemscope=\"itemscope\" itemtype=\"https:\/\/schema.org\/BlogPosting\" itemprop=\"blogPost\" ><div class='avia_textblock  '   itemprop=\"text\" ><p style=\"text-align: justify;\">El diputado Miguel \u00c1ngel Calisto manifest\u00f3 su preocupaci\u00f3n por la situaci\u00f3n que afecta a los funcionarios de los denominados Jardines Infantiles VTF (que se financian v\u00eda transferencia de fondos, esto porque un dictamen de contralor\u00eda habr\u00eda determinado no seguir pag\u00e1ndoles el bono Trimestral de Zonas Extremas.<\/p>\n<p style=\"text-align: justify;\">Por estos motivos, el diputado Calisto le pidi\u00f3 al Ministro de Educaci\u00f3n, Nicol\u00e1s Cataldo, buscar una soluci\u00f3n que permita revertir el dictamen de Contralor\u00eda.<\/p>\n<p style=\"text-align: justify;\">\u00a0Seg\u00fan el diputado Miguel \u00c1ngel Calisto, estos funcionarios no tienen los reconocimientos que tienen los otros funcionarios p\u00fablicos. Se les estaba pagando el bono trimestral de Zonas Extremas, pero lamentablemente luego de un dictamen de la Contralor\u00eda, luego de un alegato, se gener\u00f3 una reversa respecto a este pago. Esto ha generado una complicaci\u00f3n, es un precedente para no seguir pagando en definitiva el bono trimestral de zona extrema para los funcionarios y funcionarios VTF\u201d.<\/p>\n<p style=\"text-align: justify;\">\u201cEs muy importante levantar una indicaci\u00f3n, una modificaci\u00f3n de ley para asegurar este pago a estos funcionarios. Lo estamos hablando con el Ministro Cataldo, necesitamos ciertamente el respaldo del Ministerio de Hacienda para poder establecer los recursos necesarios para que esto se pague\u201d, afirm\u00f3 el legislador.<\/p>\n<p style=\"text-align: justify;\">Finalmente, el diputado Miguel \u00c1ngel Calisto indic\u00f3 que \u201ctenemos que hacer la modificaci\u00f3n de ley respectiva para validar el pago y que la Contralor\u00eda, por supuesto, autorice. As\u00ed que estamos gestionando, pero es un poco complejo, una situaci\u00f3n complicada, esperamos solucionarlo dentro de las pr\u00f3ximas semanas. Estamos sumando tambi\u00e9n esfuerzo con los dem\u00e1s parlamentarios de las Zonas Extremas\u201d.<\/p>\n<\/div><\/section><\/div><div  style='height:50px' class='hr hr-invisible   avia-builder-el-6  el_after_av_one_full  el_before_av_social_share '><span class='hr-inner ' ><span class='hr-inner-style'><\/span><\/span><\/div><\/p>\n<div  class='av-social-sharing-box  avia-builder-el-7  el_after_av_hr  el_before_av_hr  '><div class='av-share-box'><h5 class='av-share-link-description av-no-toc '>Compartir esta noticia<\/h5><ul class='av-share-box-list noLightbox'><li class='av-share-link av-social-link-facebook' ><a target=\"_blank\" aria-label=\"Compartir en Facebook\" href='https:\/\/www.facebook.com\/sharer.php?u=https:\/\/radiorevelacionfm.cl\/?p=51775&#038;t=Calisto%20pide%20a%20Ministro%20de%20Educaci%C3%B3n%20una%20soluci%C3%B3n%20para%20funcionarios%20de%20jardines%20VTF%20que%20dejaron%20de%20recibir%20bono%20trimestral%20de%20zonas%20extremas' aria-hidden='false' data-av_icon='\ue8f3' data-av_iconfont='entypo-fontello' title='' data-avia-related-tooltip='Compartir en Facebook' rel=\"noopener\"><span class='avia_hidden_link_text'>Compartir en Facebook<\/span><\/a><\/li><li class='av-share-link av-social-link-twitter' ><a target=\"_blank\" aria-label=\"Compartir en Twitter\" href='https:\/\/twitter.com\/share?text=Calisto%20pide%20a%20Ministro%20de%20Educaci%C3%B3n%20una%20soluci%C3%B3n%20para%20funcionarios%20de%20jardines%20VTF%20que%20dejaron%20de%20recibir%20bono%20trimestral%20de%20zonas%20extremas&#038;url=https:\/\/radiorevelacionfm.cl\/?p=51775' aria-hidden='false' data-av_icon='\ue8f1' data-av_iconfont='entypo-fontello' title='' data-avia-related-tooltip='Compartir en Twitter' rel=\"noopener\"><span class='avia_hidden_link_text'>Compartir en Twitter<\/span><\/a><\/li><li class='av-share-link av-social-link-whatsapp' ><a target=\"_blank\" aria-label=\"Compartir en Whatsapp\" href='https:\/\/api.whatsapp.com\/send?text=https:\/\/radiorevelacionfm.cl\/?p=51775' aria-hidden='false' data-av_icon='\uf232' data-av_iconfont='entypo-fontello' title='' data-avia-related-tooltip='Compartir en Whatsapp' rel=\"noopener\"><span class='avia_hidden_link_text'>Compartir en Whatsapp<\/span><\/a><\/li><li class='av-share-link av-social-link-linkedin' ><a target=\"_blank\" aria-label=\"Compartir en LinkedIn\" href='https:\/\/linkedin.com\/shareArticle?mini=true&#038;title=Calisto%20pide%20a%20Ministro%20de%20Educaci%C3%B3n%20una%20soluci%C3%B3n%20para%20funcionarios%20de%20jardines%20VTF%20que%20dejaron%20de%20recibir%20bono%20trimestral%20de%20zonas%20extremas&#038;url=https:\/\/radiorevelacionfm.cl\/?p=51775' aria-hidden='false' data-av_icon='\ue8fc' data-av_iconfont='entypo-fontello' title='' data-avia-related-tooltip='Compartir en LinkedIn' rel=\"noopener\"><span class='avia_hidden_link_text'>Compartir en LinkedIn<\/span><\/a><\/li><li class='av-share-link av-social-link-mail' ><a  aria-label=\"Compartir por correo\" href='mailto:?subject=Calisto%20pide%20a%20Ministro%20de%20Educaci%C3%B3n%20una%20soluci%C3%B3n%20para%20funcionarios%20de%20jardines%20VTF%20que%20dejaron%20de%20recibir%20bono%20trimestral%20de%20zonas%20extremas&#038;body=https:\/\/radiorevelacionfm.cl\/?p=51775' aria-hidden='false' data-av_icon='\ue805' data-av_iconfont='entypo-fontello' title='' data-avia-related-tooltip='Compartir por correo'><span class='avia_hidden_link_text'>Compartir por correo<\/span><\/a><\/li><\/ul><\/div><\/div>\n<div  style='height:50px' class='hr hr-invisible   avia-builder-el-8  el_after_av_social_share  el_before_av_comments_list '><span class='hr-inner ' ><span class='hr-inner-style'><\/span><\/span><\/div>\n<div  class='av-buildercomment  av-blog-meta-html-info-disabled av-blog-meta-tag-disabled  '><\/div>\n","protected":false},"excerpt":{"rendered":"","protected":false},"author":1,"featured_media":51776,"comment_status":"open","ping_status":"open","sticky":false,"template":"","format":"standard","meta":{"footnotes":""},"categories":[35],"tags":[],"class_list":["post-51775","post","type-post","status-publish","format-standard","has-post-thumbnail","hentry","category-politica"],"jetpack_featured_media_url":"https:\/\/radiorevelacionfm.cl\/wp-content\/uploads\/2025\/03\/FOTO-REU-CATALDO-2-2.jpeg","_links":{"self":[{"href":"https:\/\/radiorevelacionfm.cl\/index.php?rest_route=\/wp\/v2\/posts\/51775","targetHints":{"allow":["GET"]}}],"collection":[{"href":"https:\/\/radiorevelacionfm.cl\/index.php?rest_route=\/wp\/v2\/posts"}],"about":[{"href":"https:\/\/radiorevelacionfm.cl\/index.php?rest_route=\/wp\/v2\/types\/post"}],"author":[{"embeddable":true,"href":"https:\/\/radiorevelacionfm.cl\/index.php?rest_route=\/wp\/v2\/users\/1"}],"replies":[{"embeddable":true,"href":"https:\/\/radiorevelacionfm.cl\/index.php?rest_route=%2Fwp%2Fv2%2Fcomments&post=51775"}],"version-history":[{"count":1,"href":"https:\/\/radiorevelacionfm.cl\/index.php?rest_route=\/wp\/v2\/posts\/51775\/revisions"}],"predecessor-version":[{"id":51777,"href":"https:\/\/radiorevelacionfm.cl\/index.php?rest_route=\/wp\/v2\/posts\/51775\/revisions\/51777"}],"wp:featuredmedia":[{"embeddable":true,"href":"https:\/\/radiorevelacionfm.cl\/index.php?rest_route=\/wp\/v2\/media\/51776"}],"wp:attachment":[{"href":"https:\/\/radiorevelacionfm.cl\/index.php?rest_route=%2Fwp%2Fv2%2Fmedia&parent=51775"}],"wp:term":[{"taxonomy":"category","embeddable":true,"href":"https:\/\/radiorevelacionfm.cl\/index.php?rest_route=%2Fwp%2Fv2%2Fcategories&post=51775"},{"taxonomy":"post_tag","embeddable":true,"href":"https:\/\/radiorevelacionfm.cl\/index.php?rest_route=%2Fwp%2Fv2%2Ftags&post=51775"}],"curies":[{"name":"wp","href":"https:\/\/api.w.org\/{rel}","templated":true}]}}