{"id":51772,"date":"2025-03-26T11:36:57","date_gmt":"2025-03-26T14:36:57","guid":{"rendered":"https:\/\/radiorevelacionfm.cl\/?p=51772"},"modified":"2025-03-26T11:36:57","modified_gmt":"2025-03-26T14:36:57","slug":"villa-ohiggins-pdi-y-carabineros-inician-trabajo-coordinado-en-materias-migratorias","status":"publish","type":"post","link":"https:\/\/radiorevelacionfm.cl\/?p=51772","title":{"rendered":"Villa O\u2019higgins: PDI y Carabineros inician trabajo coordinado en materias migratorias"},"content":{"rendered":"<div class=\"flex_column av_one_full  flex_column_div av-zero-column-padding first  avia-builder-el-0  el_before_av_one_full  avia-builder-el-first  \" style='border-radius:0px; '><div  class='avia-image-container  av-styling-    avia-builder-el-1  avia-builder-el-no-sibling  avia-align-center '  itemprop=\"image\" itemscope=\"itemscope\" itemtype=\"https:\/\/schema.org\/ImageObject\"  ><div class='avia-image-container-inner'><div class='avia-image-overlay-wrap'><img decoding=\"async\" class='wp-image-51773 avia-img-lazy-loading-not-51773 avia_image' src=\"https:\/\/radiorevelacionfm.cl\/wp-content\/uploads\/2025\/03\/20250324_084922-2_optimized-2.jpg\" alt='' title='20250324_084922-2_optimized-2' height=\"600\" width=\"1285\"  itemprop=\"thumbnailUrl\" srcset=\"https:\/\/radiorevelacionfm.cl\/wp-content\/uploads\/2025\/03\/20250324_084922-2_optimized-2.jpg 1285w, https:\/\/radiorevelacionfm.cl\/wp-content\/uploads\/2025\/03\/20250324_084922-2_optimized-2-300x140.jpg 300w, https:\/\/radiorevelacionfm.cl\/wp-content\/uploads\/2025\/03\/20250324_084922-2_optimized-2-1030x481.jpg 1030w, https:\/\/radiorevelacionfm.cl\/wp-content\/uploads\/2025\/03\/20250324_084922-2_optimized-2-768x359.jpg 768w, https:\/\/radiorevelacionfm.cl\/wp-content\/uploads\/2025\/03\/20250324_084922-2_optimized-2-705x329.jpg 705w, https:\/\/radiorevelacionfm.cl\/wp-content\/uploads\/2025\/03\/20250324_084922-2_optimized-2-450x210.jpg 450w, https:\/\/radiorevelacionfm.cl\/wp-content\/uploads\/2025\/03\/20250324_084922-2_optimized-2-600x280.jpg 600w\" sizes=\"(max-width: 1285px) 100vw, 1285px\" \/><\/div><\/div><\/div><\/div><div class=\"flex_column av_one_full  flex_column_div av-zero-column-padding first  avia-builder-el-2  el_after_av_one_full  el_before_av_one_full  column-top-margin\" style='border-radius:0px; '><section class=\"av_textblock_section \"  itemscope=\"itemscope\" itemtype=\"https:\/\/schema.org\/BlogPosting\" itemprop=\"blogPost\" ><div class='avia_textblock  '   itemprop=\"text\" ><p style=\"text-align: center;\"><strong><span style=\"font-size: 18pt;\">Villa O\u2019higgins: PDI y Carabineros inician trabajo coordinado en materias migratorias<\/span><\/strong><\/p>\n<div id=\"gtx-trans\" style=\"position: absolute; left: -50px; top: 4.31534px;\">\n<div class=\"gtx-trans-icon\"><\/div>\n<\/div>\n<\/div><\/section><\/div><div class=\"flex_column av_one_full  flex_column_div av-zero-column-padding first  avia-builder-el-4  el_after_av_one_full  el_before_av_hr  column-top-margin\" style='border-radius:0px; '><section class=\"av_textblock_section \"  itemscope=\"itemscope\" itemtype=\"https:\/\/schema.org\/BlogPosting\" itemprop=\"blogPost\" ><div class='avia_textblock  '   itemprop=\"text\" ><p style=\"text-align: justify;\">Desde la provincia de Capit\u00e1n Prat, espec\u00edficamente en Villa O\u00b4Higgins, el prefecto inspector Javier Valenzuela Riquelme, jefe de la Regi\u00f3n Policial de Ays\u00e9n, junto al general Eduardo Palma Fuentes jefe de la XI Zona de Carabineros Ays\u00e9n, dieron el puntapi\u00e9 a una serie de capacitaciones en materias migratorias, las que ser\u00e1n realizadas por detectives de Migraciones y Polic\u00eda Internacional a oficiales y suboficiales de Carabineros de Chile. Lo Anterior con la finalidad de entregar mayores herramientas a los funcionarios de Carabineros que se encuentran en las fronteras, reforzando as\u00ed la seguridad en el ingreso a nuestro pa\u00eds por el territorio austral.<\/p>\n<p style=\"text-align: justify;\">Cabe hacer presente que la PDI en su nuevo Plan Estrat\u00e9gico de Desarrollo Policial 2023-2028, tiene dentro de sus bases el potenciar la seguridad en el control migratorio, es por esto que este tipo de acciones se hacen tan necesarias.<\/p>\n<p style=\"text-align: justify;\">La Regi\u00f3n de Ays\u00e9n cuenta con 13 pasos fronterizos, de los cuales 3 son controlados por la PDI y 10 por Carabineros, estos \u00faltimos, por lo general, est\u00e1n en lugares apartados y de dif\u00edcil acceso. Seg\u00fan la m\u00e1xima autoridad de la PDI en la Regi\u00f3n, el flujo migratorio en estas zonas es de consideraci\u00f3n, principalmente en \u00e9poca estival, lo que hace necesario este reforzamiento para cubrir ciertas falencias que se puedan suscitar. \u201cNos acercamos a Carabineros, le planteamos la posibilidad de hacer este ejercicio combinado con ellos y fue muy bien acogido. Adem\u00e1s, hay que considerar que hoy d\u00eda el trabajo mancomunado, la sinergia entre instituciones p\u00fablicas, que son parte del circuito de seguridad del pa\u00eds, tiene que ser muy fruct\u00edfero; la realidad criminal ha cambiado en nuestro pa\u00eds y hoy d\u00eda no podemos seguir trabajando en silos, tenemos que trabajar de forma mancomunada, de tal forma de generar sinergia y poder atacar este flagelo que ciertamente ha tenido un cambio negativo en nuestro pa\u00eds\u201d, puntualiz\u00f3 el prefecto inspector Javier Valenzuela.<\/p>\n<p style=\"text-align: justify;\">Con esta iniciativa, la PDI busca potenciar el rol de control migratorio en cada uno de los retenes fronterizos de la regi\u00f3n, generando diversas acciones para capacitar la mayor cantidad de funcionarios policiales, estableciendo criterios \u00fanicos y generando las coordinaciones necesarias para la validaci\u00f3n de datos, lo que en definitiva contribuir\u00e1 a la seguridad p\u00fablica del territorio nacional.<\/p>\n<p style=\"text-align: justify;\">Por \u00faltimo, es importante recordar que, en todos los pasos controlados por Carabineros, hay que presentar un salvoconducto, documento que se debe solicitar por internet y que tiene como plazo m\u00e1ximo cinco d\u00edas h\u00e1biles para ser entregado, sin este documento no podr\u00e1n salir del pa\u00eds en estos 10 pasos fronterizos.<\/p>\n<p style=\"text-align: justify;\">\u201cParte de la inducci\u00f3n va por ese lado, poder dar conocimiento a los Carabineros, que puedan actuar como organismos retransmisores de esta din\u00e1mica de obtenci\u00f3n del salvoconducto v\u00eda internet a poblaciones m\u00e1s alejadas\u201d, cerr\u00f3 el jefe de la PDI.<\/p>\n<\/div><\/section><\/div><div  style='height:50px' class='hr hr-invisible   avia-builder-el-6  el_after_av_one_full  el_before_av_social_share '><span class='hr-inner ' ><span class='hr-inner-style'><\/span><\/span><\/div><\/p>\n<div  class='av-social-sharing-box  avia-builder-el-7  el_after_av_hr  el_before_av_hr  '><div class='av-share-box'><h5 class='av-share-link-description av-no-toc '>Compartir esta noticia<\/h5><ul class='av-share-box-list noLightbox'><li class='av-share-link av-social-link-facebook' ><a target=\"_blank\" aria-label=\"Compartir en Facebook\" href='https:\/\/www.facebook.com\/sharer.php?u=https:\/\/radiorevelacionfm.cl\/?p=51772&#038;t=Villa%20O%E2%80%99higgins%3A%20PDI%20y%20Carabineros%20inician%20trabajo%20coordinado%20en%20materias%20migratorias' aria-hidden='false' data-av_icon='\ue8f3' data-av_iconfont='entypo-fontello' title='' data-avia-related-tooltip='Compartir en Facebook' rel=\"noopener\"><span class='avia_hidden_link_text'>Compartir en Facebook<\/span><\/a><\/li><li class='av-share-link av-social-link-twitter' ><a target=\"_blank\" aria-label=\"Compartir en Twitter\" href='https:\/\/twitter.com\/share?text=Villa%20O%E2%80%99higgins%3A%20PDI%20y%20Carabineros%20inician%20trabajo%20coordinado%20en%20materias%20migratorias&#038;url=https:\/\/radiorevelacionfm.cl\/?p=51772' aria-hidden='false' data-av_icon='\ue8f1' data-av_iconfont='entypo-fontello' title='' data-avia-related-tooltip='Compartir en Twitter' rel=\"noopener\"><span class='avia_hidden_link_text'>Compartir en Twitter<\/span><\/a><\/li><li class='av-share-link av-social-link-whatsapp' ><a target=\"_blank\" aria-label=\"Compartir en Whatsapp\" href='https:\/\/api.whatsapp.com\/send?text=https:\/\/radiorevelacionfm.cl\/?p=51772' aria-hidden='false' data-av_icon='\uf232' data-av_iconfont='entypo-fontello' title='' data-avia-related-tooltip='Compartir en Whatsapp' rel=\"noopener\"><span class='avia_hidden_link_text'>Compartir en Whatsapp<\/span><\/a><\/li><li class='av-share-link av-social-link-linkedin' ><a target=\"_blank\" aria-label=\"Compartir en LinkedIn\" href='https:\/\/linkedin.com\/shareArticle?mini=true&#038;title=Villa%20O%E2%80%99higgins%3A%20PDI%20y%20Carabineros%20inician%20trabajo%20coordinado%20en%20materias%20migratorias&#038;url=https:\/\/radiorevelacionfm.cl\/?p=51772' aria-hidden='false' data-av_icon='\ue8fc' data-av_iconfont='entypo-fontello' title='' data-avia-related-tooltip='Compartir en LinkedIn' rel=\"noopener\"><span class='avia_hidden_link_text'>Compartir en LinkedIn<\/span><\/a><\/li><li class='av-share-link av-social-link-mail' ><a  aria-label=\"Compartir por correo\" href='mailto:?subject=Villa%20O%E2%80%99higgins%3A%20PDI%20y%20Carabineros%20inician%20trabajo%20coordinado%20en%20materias%20migratorias&#038;body=https:\/\/radiorevelacionfm.cl\/?p=51772' aria-hidden='false' data-av_icon='\ue805' data-av_iconfont='entypo-fontello' title='' data-avia-related-tooltip='Compartir por correo'><span class='avia_hidden_link_text'>Compartir por correo<\/span><\/a><\/li><\/ul><\/div><\/div>\n<div  style='height:50px' class='hr hr-invisible   avia-builder-el-8  el_after_av_social_share  el_before_av_comments_list '><span class='hr-inner ' ><span class='hr-inner-style'><\/span><\/span><\/div>\n<div  class='av-buildercomment  av-blog-meta-html-info-disabled av-blog-meta-tag-disabled  '><\/div>\n","protected":false},"excerpt":{"rendered":"","protected":false},"author":1,"featured_media":51773,"comment_status":"open","ping_status":"open","sticky":false,"template":"","format":"standard","meta":{"footnotes":""},"categories":[36],"tags":[],"class_list":["post-51772","post","type-post","status-publish","format-standard","has-post-thumbnail","hentry","category-policial"],"jetpack_featured_media_url":"https:\/\/radiorevelacionfm.cl\/wp-content\/uploads\/2025\/03\/20250324_084922-2_optimized-2.jpg","_links":{"self":[{"href":"https:\/\/radiorevelacionfm.cl\/index.php?rest_route=\/wp\/v2\/posts\/51772","targetHints":{"allow":["GET"]}}],"collection":[{"href":"https:\/\/radiorevelacionfm.cl\/index.php?rest_route=\/wp\/v2\/posts"}],"about":[{"href":"https:\/\/radiorevelacionfm.cl\/index.php?rest_route=\/wp\/v2\/types\/post"}],"author":[{"embeddable":true,"href":"https:\/\/radiorevelacionfm.cl\/index.php?rest_route=\/wp\/v2\/users\/1"}],"replies":[{"embeddable":true,"href":"https:\/\/radiorevelacionfm.cl\/index.php?rest_route=%2Fwp%2Fv2%2Fcomments&post=51772"}],"version-history":[{"count":1,"href":"https:\/\/radiorevelacionfm.cl\/index.php?rest_route=\/wp\/v2\/posts\/51772\/revisions"}],"predecessor-version":[{"id":51774,"href":"https:\/\/radiorevelacionfm.cl\/index.php?rest_route=\/wp\/v2\/posts\/51772\/revisions\/51774"}],"wp:featuredmedia":[{"embeddable":true,"href":"https:\/\/radiorevelacionfm.cl\/index.php?rest_route=\/wp\/v2\/media\/51773"}],"wp:attachment":[{"href":"https:\/\/radiorevelacionfm.cl\/index.php?rest_route=%2Fwp%2Fv2%2Fmedia&parent=51772"}],"wp:term":[{"taxonomy":"category","embeddable":true,"href":"https:\/\/radiorevelacionfm.cl\/index.php?rest_route=%2Fwp%2Fv2%2Fcategories&post=51772"},{"taxonomy":"post_tag","embeddable":true,"href":"https:\/\/radiorevelacionfm.cl\/index.php?rest_route=%2Fwp%2Fv2%2Ftags&post=51772"}],"curies":[{"name":"wp","href":"https:\/\/api.w.org\/{rel}","templated":true}]}}