{"id":51768,"date":"2025-03-26T09:55:16","date_gmt":"2025-03-26T12:55:16","guid":{"rendered":"https:\/\/radiorevelacionfm.cl\/?p=51768"},"modified":"2025-03-26T09:55:16","modified_gmt":"2025-03-26T12:55:16","slug":"inia-profundiza-conocimientos-en-plagas-insectiles-de-praderas-junto-a-profesionales-tecnicos-y-estudiantes","status":"publish","type":"post","link":"https:\/\/radiorevelacionfm.cl\/?p=51768","title":{"rendered":"INIA profundiza conocimientos en plagas insectiles de praderas junto a profesionales, t\u00e9cnicos y estudiantes"},"content":{"rendered":"<div class=\"flex_column av_one_full  flex_column_div av-zero-column-padding first  avia-builder-el-0  el_before_av_one_full  avia-builder-el-first  \" style='border-radius:0px; '><div  class='avia-image-container  av-styling-    avia-builder-el-1  avia-builder-el-no-sibling  avia-align-center '  itemprop=\"image\" itemscope=\"itemscope\" itemtype=\"https:\/\/schema.org\/ImageObject\"  ><div class='avia-image-container-inner'><div class='avia-image-overlay-wrap'><img decoding=\"async\" class='wp-image-51770 avia-img-lazy-loading-not-51770 avia_image' src=\"https:\/\/radiorevelacionfm.cl\/wp-content\/uploads\/2025\/03\/1z9a0339-2-2_optimized-2.jpg\" alt='' title='1z9a0339-2-2_optimized-2' height=\"600\" width=\"900\"  itemprop=\"thumbnailUrl\" srcset=\"https:\/\/radiorevelacionfm.cl\/wp-content\/uploads\/2025\/03\/1z9a0339-2-2_optimized-2.jpg 900w, https:\/\/radiorevelacionfm.cl\/wp-content\/uploads\/2025\/03\/1z9a0339-2-2_optimized-2-300x200.jpg 300w, https:\/\/radiorevelacionfm.cl\/wp-content\/uploads\/2025\/03\/1z9a0339-2-2_optimized-2-768x512.jpg 768w, https:\/\/radiorevelacionfm.cl\/wp-content\/uploads\/2025\/03\/1z9a0339-2-2_optimized-2-705x470.jpg 705w, https:\/\/radiorevelacionfm.cl\/wp-content\/uploads\/2025\/03\/1z9a0339-2-2_optimized-2-450x300.jpg 450w, https:\/\/radiorevelacionfm.cl\/wp-content\/uploads\/2025\/03\/1z9a0339-2-2_optimized-2-600x400.jpg 600w\" sizes=\"(max-width: 900px) 100vw, 900px\" \/><\/div><\/div><\/div><\/div><div class=\"flex_column av_one_full  flex_column_div av-zero-column-padding first  avia-builder-el-2  el_after_av_one_full  el_before_av_one_full  column-top-margin\" style='border-radius:0px; '><section class=\"av_textblock_section \"  itemscope=\"itemscope\" itemtype=\"https:\/\/schema.org\/BlogPosting\" itemprop=\"blogPost\" ><div class='avia_textblock  '   itemprop=\"text\" ><p style=\"text-align: center;\"><span style=\"font-size: 18pt;\"><b>INIA profundiza conocimientos en plagas insectiles de praderas junto a profesionales, t\u00e9cnicos y estudiantes<\/b><\/span><\/p>\n<div id=\"gtx-trans\" style=\"position: absolute; left: -50px; top: 4.31534px;\">\n<div class=\"gtx-trans-icon\"><\/div>\n<\/div>\n<\/div><\/section><\/div><\/p>\n<div class=\"flex_column av_one_full  flex_column_div av-zero-column-padding first  avia-builder-el-4  el_after_av_one_full  el_before_av_hr  column-top-margin\" style='border-radius:0px; '><section class=\"av_textblock_section \"  itemscope=\"itemscope\" itemtype=\"https:\/\/schema.org\/BlogPosting\" itemprop=\"blogPost\" ><div class='avia_textblock  '   itemprop=\"text\" ><div>\n<p class=\"v1MsoNormal\" style=\"text-align: justify;\">T\u00e9cnicos y profesionales del Ministerio de Agricultura, del sector privado y estudiantes del\u00a0Liceo Bicentenario Agr\u00edcola e Industrial de la Patagonia\u00a0participaron en una nueva jornada de capacitaci\u00f3n del programa\u00a0\u00abManejo y Control de las Principales Plagas en Praderas y Cultivos Forrajeros de Ays\u00e9n\u00bb, iniciativa financiada por el\u00a0Gobierno Regional de Ays\u00e9n\u00a0y ejecutada por\u00a0INIA Tamel Aike.<\/p>\n<p class=\"v1MsoNormal\" style=\"text-align: justify;\">La actividad, de car\u00e1cter te\u00f3rico-pr\u00e1ctico, abord\u00f3 las principales problem\u00e1ticas que afectan la\u00a0productividad de praderas y cultivos forrajeros\u00a0en la regi\u00f3n. Se destac\u00f3 la importancia del monitoreo y control de plagas como la\u00a0cuncunilla negra (Dalaca spp.),\u00a0gusanos blancos\u00a0(especies de escarabajos) y la\u00a0polilla de las coles (Plutella xylostella), entre otras, las cuales impactan directamente en la alimentaci\u00f3n animal y, por ende, en la sustentabilidad de los sistemas ganaderos regionales.<\/p>\n<p class=\"v1MsoNormal\" style=\"text-align: justify;\">La jornada fue valorada por los asistentes como una instancia clave para conocer herramientas y estrategias de\u00a0manejo integrado de plagas, contando con el respaldo t\u00e9cnico del INIA y el compromiso del Gobierno Regional y su Consejo por\u00a0fortalecer la agricultura en Ays\u00e9n.<\/p>\n<p class=\"v1MsoNormal\" style=\"text-align: justify;\">En la ocasi\u00f3n, el seremi de Agricultura, Eugenio Ruiz, destac\u00f3 la importancia del trabajo conjunto,\u00a0<i>\u00abAqu\u00ed est\u00e1n los servicios del Ministerio de Agricultura participando junto a quienes tienen relaci\u00f3n directa con la agricultura y con la ejecuci\u00f3n de proyectos. Existe un conjunto de alianzas estrat\u00e9gicas entre el sector p\u00fablico y privado, donde este \u00faltimo cumple un rol clave para avanzar en la disminuci\u00f3n de plagas\u00bb<\/i>, se\u00f1al\u00f3.<\/p>\n<p class=\"v1MsoNormal\" style=\"text-align: justify;\">Por su parte, el\u00a0investigador de INIA Tamel Aike, Osvaldo Teuber, explic\u00f3,\u00a0<i>\u00abEl objetivo principal es entregar el conocimiento generado en casi tres temporadas de investigaci\u00f3n a quienes trabajan directamente con los productores locales: t\u00e9cnicos y profesionales del Ministerio de Agricultura, consultores y tambi\u00e9n a los futuros t\u00e9cnicos de nuestra regi\u00f3n, representados por alumnos del liceo agr\u00edcola\u00bb<\/i>.<\/p>\n<p class=\"v1MsoNormal\" style=\"text-align: justify;\">Desde el\u00a0Servicio Agr\u00edcola y Ganadero (SAG),\u00a0Jorge Vogt, funcionario de la Divisi\u00f3n de Protecci\u00f3n Agr\u00edcola, Forestal y Semillas, valor\u00f3 el trabajo desarrollado por INIA:\u00a0<i>\u00abEs importante que las entidades del agro puedan hacer lo suyo y transferir este conocimiento. Para quienes trabajamos en terreno con los agricultores, es fundamental que nuestras instituciones sigan generando informaci\u00f3n para transferirla de forma oportuna al productor, permiti\u00e9ndole actuar a tiempo\u00bb<\/i>.<\/p>\n<p class=\"v1MsoNormal\" style=\"text-align: justify;\">A su vez, el consultor\u00a0Ra\u00fal Berland\u00a0destac\u00f3:<i>\u00abEs muy importante poder explicarle al productor qu\u00e9 es una plaga y cu\u00e1ndo debe controlarla. Ac\u00e1 nos han dado luces claras: debe ser en oto\u00f1o, ojal\u00e1 con monitoreo previo. Esta herramienta de informaci\u00f3n es imprescindible para trabajar en terreno con los productores\u00bb<\/i>.<\/p>\n<p class=\"v1MsoNormal\" style=\"text-align: justify;\">El programa \u00abManejo y Control de las Principales Plagas en Praderas y Cultivos Forrajeros de Ays\u00e9n\u00bb surgi\u00f3 en respuesta a la demanda de los productores ganaderos de la regi\u00f3n, tras los severos ataques de\u00a0cuncunilla negra\u00a0detectados a partir de la temporada agr\u00edcola 2019-2020. Actualmente, se realiza\u00a0monitoreo mediante trampas de luz, que permiten determinar la presencia y localizaci\u00f3n de plagas, m\u00e9todo que se complementa con\u00a0monitoreo de suelos\u00a0para corroborar la presencia de larvas responsables del da\u00f1o. Adem\u00e1s, los trabajos de investigaci\u00f3n se refuerzan con\u00a0talleres y charlas, que entregan herramientas pr\u00e1cticas para el control de plagas insectiles y la protecci\u00f3n de los recursos forrajeros regionales.<\/p>\n<\/div>\n<\/div><\/section><\/div>\n<div  style='height:50px' class='hr hr-invisible   avia-builder-el-6  el_after_av_one_full  el_before_av_social_share '><span class='hr-inner ' ><span class='hr-inner-style'><\/span><\/span><\/div>\n<div  class='av-social-sharing-box  avia-builder-el-7  el_after_av_hr  el_before_av_hr  '><div class='av-share-box'><h5 class='av-share-link-description av-no-toc '>Compartir esta noticia<\/h5><ul class='av-share-box-list noLightbox'><li class='av-share-link av-social-link-facebook' ><a target=\"_blank\" aria-label=\"Compartir en Facebook\" href='https:\/\/www.facebook.com\/sharer.php?u=https:\/\/radiorevelacionfm.cl\/?p=51768&#038;t=INIA%20profundiza%20conocimientos%20en%20plagas%20insectiles%20de%20praderas%20junto%20a%20profesionales%2C%20t%C3%A9cnicos%20y%20estudiantes' aria-hidden='false' data-av_icon='\ue8f3' data-av_iconfont='entypo-fontello' title='' data-avia-related-tooltip='Compartir en Facebook' rel=\"noopener\"><span class='avia_hidden_link_text'>Compartir en Facebook<\/span><\/a><\/li><li class='av-share-link av-social-link-twitter' ><a target=\"_blank\" aria-label=\"Compartir en Twitter\" href='https:\/\/twitter.com\/share?text=INIA%20profundiza%20conocimientos%20en%20plagas%20insectiles%20de%20praderas%20junto%20a%20profesionales%2C%20t%C3%A9cnicos%20y%20estudiantes&#038;url=https:\/\/radiorevelacionfm.cl\/?p=51768' aria-hidden='false' data-av_icon='\ue8f1' data-av_iconfont='entypo-fontello' title='' data-avia-related-tooltip='Compartir en Twitter' rel=\"noopener\"><span class='avia_hidden_link_text'>Compartir en Twitter<\/span><\/a><\/li><li class='av-share-link av-social-link-whatsapp' ><a target=\"_blank\" aria-label=\"Compartir en Whatsapp\" href='https:\/\/api.whatsapp.com\/send?text=https:\/\/radiorevelacionfm.cl\/?p=51768' aria-hidden='false' data-av_icon='\uf232' data-av_iconfont='entypo-fontello' title='' data-avia-related-tooltip='Compartir en Whatsapp' rel=\"noopener\"><span class='avia_hidden_link_text'>Compartir en Whatsapp<\/span><\/a><\/li><li class='av-share-link av-social-link-linkedin' ><a target=\"_blank\" aria-label=\"Compartir en LinkedIn\" href='https:\/\/linkedin.com\/shareArticle?mini=true&#038;title=INIA%20profundiza%20conocimientos%20en%20plagas%20insectiles%20de%20praderas%20junto%20a%20profesionales%2C%20t%C3%A9cnicos%20y%20estudiantes&#038;url=https:\/\/radiorevelacionfm.cl\/?p=51768' aria-hidden='false' data-av_icon='\ue8fc' data-av_iconfont='entypo-fontello' title='' data-avia-related-tooltip='Compartir en LinkedIn' rel=\"noopener\"><span class='avia_hidden_link_text'>Compartir en LinkedIn<\/span><\/a><\/li><li class='av-share-link av-social-link-mail' ><a  aria-label=\"Compartir por correo\" href='mailto:?subject=INIA%20profundiza%20conocimientos%20en%20plagas%20insectiles%20de%20praderas%20junto%20a%20profesionales%2C%20t%C3%A9cnicos%20y%20estudiantes&#038;body=https:\/\/radiorevelacionfm.cl\/?p=51768' aria-hidden='false' data-av_icon='\ue805' data-av_iconfont='entypo-fontello' title='' data-avia-related-tooltip='Compartir por correo'><span class='avia_hidden_link_text'>Compartir por correo<\/span><\/a><\/li><\/ul><\/div><\/div>\n<div  style='height:50px' class='hr hr-invisible   avia-builder-el-8  el_after_av_social_share  el_before_av_comments_list '><span class='hr-inner ' ><span class='hr-inner-style'><\/span><\/span><\/div>\n<div  class='av-buildercomment  av-blog-meta-html-info-disabled av-blog-meta-tag-disabled  '><\/div>\n","protected":false},"excerpt":{"rendered":"","protected":false},"author":1,"featured_media":51770,"comment_status":"open","ping_status":"open","sticky":false,"template":"","format":"standard","meta":{"footnotes":""},"categories":[38],"tags":[],"class_list":["post-51768","post","type-post","status-publish","format-standard","has-post-thumbnail","hentry","category-regional"],"jetpack_featured_media_url":"https:\/\/radiorevelacionfm.cl\/wp-content\/uploads\/2025\/03\/1z9a0339-2-2_optimized-2.jpg","_links":{"self":[{"href":"https:\/\/radiorevelacionfm.cl\/index.php?rest_route=\/wp\/v2\/posts\/51768","targetHints":{"allow":["GET"]}}],"collection":[{"href":"https:\/\/radiorevelacionfm.cl\/index.php?rest_route=\/wp\/v2\/posts"}],"about":[{"href":"https:\/\/radiorevelacionfm.cl\/index.php?rest_route=\/wp\/v2\/types\/post"}],"author":[{"embeddable":true,"href":"https:\/\/radiorevelacionfm.cl\/index.php?rest_route=\/wp\/v2\/users\/1"}],"replies":[{"embeddable":true,"href":"https:\/\/radiorevelacionfm.cl\/index.php?rest_route=%2Fwp%2Fv2%2Fcomments&post=51768"}],"version-history":[{"count":2,"href":"https:\/\/radiorevelacionfm.cl\/index.php?rest_route=\/wp\/v2\/posts\/51768\/revisions"}],"predecessor-version":[{"id":51771,"href":"https:\/\/radiorevelacionfm.cl\/index.php?rest_route=\/wp\/v2\/posts\/51768\/revisions\/51771"}],"wp:featuredmedia":[{"embeddable":true,"href":"https:\/\/radiorevelacionfm.cl\/index.php?rest_route=\/wp\/v2\/media\/51770"}],"wp:attachment":[{"href":"https:\/\/radiorevelacionfm.cl\/index.php?rest_route=%2Fwp%2Fv2%2Fmedia&parent=51768"}],"wp:term":[{"taxonomy":"category","embeddable":true,"href":"https:\/\/radiorevelacionfm.cl\/index.php?rest_route=%2Fwp%2Fv2%2Fcategories&post=51768"},{"taxonomy":"post_tag","embeddable":true,"href":"https:\/\/radiorevelacionfm.cl\/index.php?rest_route=%2Fwp%2Fv2%2Ftags&post=51768"}],"curies":[{"name":"wp","href":"https:\/\/api.w.org\/{rel}","templated":true}]}}