{"id":51764,"date":"2025-03-25T21:33:46","date_gmt":"2025-03-26T00:33:46","guid":{"rendered":"https:\/\/radiorevelacionfm.cl\/?p=51764"},"modified":"2025-03-25T21:34:34","modified_gmt":"2025-03-26T00:34:34","slug":"lanzamiento-del-proyecto-de-difusion-tecnologica-gastronomia-sustentable-busca-impulsar-el-desarrollo-turistico-y-gastronomico-sostenible-en-aysen","status":"publish","type":"post","link":"https:\/\/radiorevelacionfm.cl\/?p=51764","title":{"rendered":"Lanzamiento del proyecto de Difusi\u00f3n Tecnol\u00f3gica \u00abGastronom\u00eda Sustentable\u00bb busca impulsar el desarrollo tur\u00edstico y gastron\u00f3mico sostenible en Ays\u00e9n"},"content":{"rendered":"<div class=\"flex_column av_one_full  flex_column_div av-zero-column-padding first  avia-builder-el-0  el_before_av_one_full  avia-builder-el-first  \" style='border-radius:0px; '><div  class='avia-image-container  av-styling-    avia-builder-el-1  avia-builder-el-no-sibling  avia-align-center '  itemprop=\"image\" itemscope=\"itemscope\" itemtype=\"https:\/\/schema.org\/ImageObject\"  ><div class='avia-image-container-inner'><div class='avia-image-overlay-wrap'><img decoding=\"async\" class='wp-image-51765 avia-img-lazy-loading-not-51765 avia_image' src=\"https:\/\/radiorevelacionfm.cl\/wp-content\/uploads\/2025\/03\/Aventura-del-salmon-2-2-2.jpg\" alt='' title='Aventura del salmon 2-2-2' height=\"600\" width=\"800\"  itemprop=\"thumbnailUrl\" srcset=\"https:\/\/radiorevelacionfm.cl\/wp-content\/uploads\/2025\/03\/Aventura-del-salmon-2-2-2.jpg 800w, https:\/\/radiorevelacionfm.cl\/wp-content\/uploads\/2025\/03\/Aventura-del-salmon-2-2-2-300x225.jpg 300w, https:\/\/radiorevelacionfm.cl\/wp-content\/uploads\/2025\/03\/Aventura-del-salmon-2-2-2-768x576.jpg 768w, https:\/\/radiorevelacionfm.cl\/wp-content\/uploads\/2025\/03\/Aventura-del-salmon-2-2-2-705x529.jpg 705w, https:\/\/radiorevelacionfm.cl\/wp-content\/uploads\/2025\/03\/Aventura-del-salmon-2-2-2-450x338.jpg 450w, https:\/\/radiorevelacionfm.cl\/wp-content\/uploads\/2025\/03\/Aventura-del-salmon-2-2-2-600x450.jpg 600w\" sizes=\"(max-width: 800px) 100vw, 800px\" \/><\/div><\/div><\/div><\/div><div class=\"flex_column av_one_full  flex_column_div av-zero-column-padding first  avia-builder-el-2  el_after_av_one_full  el_before_av_one_full  column-top-margin\" style='border-radius:0px; '><section class=\"av_textblock_section \"  itemscope=\"itemscope\" itemtype=\"https:\/\/schema.org\/BlogPosting\" itemprop=\"blogPost\" ><div class='avia_textblock  '   itemprop=\"text\" ><p style=\"text-align: center;\"><strong><span style=\"font-size: 18pt;\">Lanzamiento del proyecto de Difusi\u00f3n Tecnol\u00f3gica \u00abGastronom\u00eda Sustentable\u00bb busca impulsar el desarrollo tur\u00edstico y gastron\u00f3mico sostenible en Ays\u00e9n<\/span><\/strong><\/p>\n<div id=\"gtx-trans\" style=\"position: absolute; left: -50px; top: 4.31534px;\">\n<div class=\"gtx-trans-icon\"><\/div>\n<\/div>\n<\/div><\/section><\/div><div class=\"flex_column av_one_full  flex_column_div av-zero-column-padding first  avia-builder-el-4  el_after_av_one_full  el_before_av_hr  column-top-margin\" style='border-radius:0px; '><section class=\"av_textblock_section \"  itemscope=\"itemscope\" itemtype=\"https:\/\/schema.org\/BlogPosting\" itemprop=\"blogPost\" ><div class='avia_textblock  '   itemprop=\"text\" ><p dir=\"ltr\" style=\"text-align: justify;\"><em>Gracias a la implementaci\u00f3n de metodolog\u00edas de econom\u00eda circular validadas internacionalmente, esta iniciativa permitir\u00e1 fortalecer la competitividad y productividad de 30 emprendimientos tur\u00edsticos y gastron\u00f3micos locales.<\/em><\/p>\n<p dir=\"ltr\" style=\"text-align: justify;\">Con el objetivo de mejorar la competitividad y productividad de las empresas tur\u00edsticas de la comuna de Ays\u00e9n y alrededores, este 25 de marzo se lanz\u00f3 la segunda versi\u00f3n de \u00abLa Aventura del Salm\u00f3n\u00bb, una alianza estrat\u00e9gica entre CORFO, el Consejo del Salm\u00f3n, la C\u00e1mara de Turismo Puerto Ays\u00e9n y de Guazzini Consultores.<\/p>\n<p class=\"v1gmail-\" style=\"text-align: justify;\">Tal como en su primera parte -realizada en 2024-, la iniciativa busca desarrollar el turismo y la gastronom\u00eda sostenible en un trabajo directo con 30 emprendedores locales, implementando metodolog\u00edas y est\u00e1ndares de econom\u00eda circular validados internacionalmente bajo los criterios de GSTC, los cuales ser\u00e1n aplicados en el dise\u00f1o, promoci\u00f3n y comercializaci\u00f3n de productos gastron\u00f3micos sostenibles, utilizando la variedad de insumos disponibles en Puerto Ays\u00e9n y su entorno.<\/p>\n<p class=\"v1gmail-\" style=\"text-align: justify;\">En la ceremonia de lanzamiento de la segunda etapa del proyecto participaron representantes del municipio de Ays\u00e9n; Humberto Mar\u00edn, director regional de Corfo; Loreto Seguel, presidenta ejecutiva de CDS; Claudio Montecinos, director regional de Sernatur; Edgardo Avello, presidente de la C\u00e1mara de Turismo de Puerto Ays\u00e9n, y Jaime Guazzini, presidente de Fedetur.<\/p>\n<p dir=\"ltr\" style=\"text-align: justify;\">Loreto Seguel, presidenta ejecutiva del Consejo del Salm\u00f3n, valor\u00f3 el hito que significa \u00abLa aventura del salm\u00f3n II\u00bb, al unir por segunda vez a la industria de la salmonicultura con el sector tur\u00edstico. \u00abEsta es una alianza virtuosa que busca convertir a Ays\u00e9n en un destino gastron\u00f3mico y tur\u00edstico de referencia, impulsar el desarrollo econ\u00f3mico sostenible y resaltar la identidad cultural y culinaria regional mediante la introducci\u00f3n de tecnolog\u00edas innovadoras y modernas t\u00e9cnicas de preparaci\u00f3n\u00bb, dijo.<\/p>\n<p dir=\"ltr\" style=\"text-align: justify;\">Adem\u00e1s, Seguel destac\u00f3 el aporte que significa la salmonicultura para la regi\u00f3n, representando el 26,1% del PIB regional de Ays\u00e9n, con un 90% de esa cifra correspondiente a la etapa de cultivo o fase de engorda del salm\u00f3n en agua de mar. \u00abUno de los aspectos que originaron la creaci\u00f3n de esta iniciativa fue la necesidad de contribuir al progreso de los negocios locales y la comunidad en una industria que es clave para la regi\u00f3n\u00bb, agreg\u00f3.<\/p>\n<p class=\"v1gmail-\" style=\"text-align: justify;\"><strong>Foco en econom\u00eda circular<\/strong><\/p>\n<p dir=\"ltr\" style=\"text-align: justify;\">En la pr\u00e1ctica, el Programa de Difusi\u00f3n Tecnol\u00f3gica para el Mejoramiento de la Gastronom\u00eda Sostenible en la Regi\u00f3n de Ays\u00e9n entregar\u00e1 un paquete tecnol\u00f3gico para el mejoramiento de la gastronom\u00eda local, impulsando el desarrollo de las 30 empresas beneficiarias del sector de alimentaci\u00f3n y otros afines de la cadena productiva del salm\u00f3n. Dicho material estar\u00e1 conformado por procesos, herramientas y soluciones, junto a una metodolog\u00eda en base a talleres y asistencias t\u00e9cnicas con \u00e9nfasis en econom\u00eda circular.<\/p>\n<p class=\"v1gmail-\" style=\"text-align: justify;\">Para ello, se buscar\u00e1 mejorar los aspectos de generaci\u00f3n de residuos, uso del agua, energ\u00eda y materias primas de los procesos productivos mediante la incorporaci\u00f3n de herramientas tecnol\u00f3gicas y de innovaci\u00f3n que pretenden fortalecer el posicionamiento de Puerto Ays\u00e9n incorporando una propuesta de valor sostenible en su oferta gastron\u00f3mica.<\/p>\n<p class=\"v1gmail-\" style=\"text-align: justify;\">\u00abDesde el Consejo del Salm\u00f3n, celebramos este esfuerzo colaborativo que potencia el turismo sustentable en la regi\u00f3n de Ays\u00e9n. La salmonicultura es una industria muy relevante para el sur austral y para proyectar a\u00fan m\u00e1s su desarrollo, es fundamental\u00a0 desarrollarla de forma sostenible. Las herramientas que estamos entregando a los emprendedores de Ays\u00e9n aportan al encadenamiento productivo con el cumplimiento de las normativas vigentes y remarcan el fuerte compromiso medioambiental que caracteriza a esta industria\u00bb, concluy\u00f3 Loreto Seguel.<\/p>\n<\/div><\/section><\/div><div  style='height:50px' class='hr hr-invisible   avia-builder-el-6  el_after_av_one_full  el_before_av_social_share '><span class='hr-inner ' ><span class='hr-inner-style'><\/span><\/span><\/div><\/p>\n<div  class='av-social-sharing-box  avia-builder-el-7  el_after_av_hr  el_before_av_hr  '><div class='av-share-box'><h5 class='av-share-link-description av-no-toc '>Compartir esta noticia<\/h5><ul class='av-share-box-list noLightbox'><li class='av-share-link av-social-link-facebook' ><a target=\"_blank\" aria-label=\"Compartir en Facebook\" href='https:\/\/www.facebook.com\/sharer.php?u=https:\/\/radiorevelacionfm.cl\/?p=51764&#038;t=Lanzamiento%20del%20proyecto%20de%20Difusi%C3%B3n%20Tecnol%C3%B3gica%20%C2%ABGastronom%C3%ADa%20Sustentable%C2%BB%20busca%20impulsar%20el%20desarrollo%20tur%C3%ADstico%20y%20gastron%C3%B3mico%20sostenible%20en%20Ays%C3%A9n' aria-hidden='false' data-av_icon='\ue8f3' data-av_iconfont='entypo-fontello' title='' data-avia-related-tooltip='Compartir en Facebook' rel=\"noopener\"><span class='avia_hidden_link_text'>Compartir en Facebook<\/span><\/a><\/li><li class='av-share-link av-social-link-twitter' ><a target=\"_blank\" aria-label=\"Compartir en Twitter\" href='https:\/\/twitter.com\/share?text=Lanzamiento%20del%20proyecto%20de%20Difusi%C3%B3n%20Tecnol%C3%B3gica%20%C2%ABGastronom%C3%ADa%20Sustentable%C2%BB%20busca%20impulsar%20el%20desarrollo%20tur%C3%ADstico%20y%20gastron%C3%B3mico%20sostenible%20en%20Ays%C3%A9n&#038;url=https:\/\/radiorevelacionfm.cl\/?p=51764' aria-hidden='false' data-av_icon='\ue8f1' data-av_iconfont='entypo-fontello' title='' data-avia-related-tooltip='Compartir en Twitter' rel=\"noopener\"><span class='avia_hidden_link_text'>Compartir en Twitter<\/span><\/a><\/li><li class='av-share-link av-social-link-whatsapp' ><a target=\"_blank\" aria-label=\"Compartir en Whatsapp\" href='https:\/\/api.whatsapp.com\/send?text=https:\/\/radiorevelacionfm.cl\/?p=51764' aria-hidden='false' data-av_icon='\uf232' data-av_iconfont='entypo-fontello' title='' data-avia-related-tooltip='Compartir en Whatsapp' rel=\"noopener\"><span class='avia_hidden_link_text'>Compartir en Whatsapp<\/span><\/a><\/li><li class='av-share-link av-social-link-linkedin' ><a target=\"_blank\" aria-label=\"Compartir en LinkedIn\" href='https:\/\/linkedin.com\/shareArticle?mini=true&#038;title=Lanzamiento%20del%20proyecto%20de%20Difusi%C3%B3n%20Tecnol%C3%B3gica%20%C2%ABGastronom%C3%ADa%20Sustentable%C2%BB%20busca%20impulsar%20el%20desarrollo%20tur%C3%ADstico%20y%20gastron%C3%B3mico%20sostenible%20en%20Ays%C3%A9n&#038;url=https:\/\/radiorevelacionfm.cl\/?p=51764' aria-hidden='false' data-av_icon='\ue8fc' data-av_iconfont='entypo-fontello' title='' data-avia-related-tooltip='Compartir en LinkedIn' rel=\"noopener\"><span class='avia_hidden_link_text'>Compartir en LinkedIn<\/span><\/a><\/li><li class='av-share-link av-social-link-mail' ><a  aria-label=\"Compartir por correo\" href='mailto:?subject=Lanzamiento%20del%20proyecto%20de%20Difusi%C3%B3n%20Tecnol%C3%B3gica%20%C2%ABGastronom%C3%ADa%20Sustentable%C2%BB%20busca%20impulsar%20el%20desarrollo%20tur%C3%ADstico%20y%20gastron%C3%B3mico%20sostenible%20en%20Ays%C3%A9n&#038;body=https:\/\/radiorevelacionfm.cl\/?p=51764' aria-hidden='false' data-av_icon='\ue805' data-av_iconfont='entypo-fontello' title='' data-avia-related-tooltip='Compartir por correo'><span class='avia_hidden_link_text'>Compartir por correo<\/span><\/a><\/li><\/ul><\/div><\/div>\n<div  style='height:50px' class='hr hr-invisible   avia-builder-el-8  el_after_av_social_share  el_before_av_comments_list '><span class='hr-inner ' ><span class='hr-inner-style'><\/span><\/span><\/div>\n<div  class='av-buildercomment  av-blog-meta-html-info-disabled av-blog-meta-tag-disabled  '><\/div>\n","protected":false},"excerpt":{"rendered":"","protected":false},"author":1,"featured_media":51765,"comment_status":"open","ping_status":"open","sticky":false,"template":"","format":"standard","meta":{"footnotes":""},"categories":[38],"tags":[],"class_list":["post-51764","post","type-post","status-publish","format-standard","has-post-thumbnail","hentry","category-regional"],"jetpack_featured_media_url":"https:\/\/radiorevelacionfm.cl\/wp-content\/uploads\/2025\/03\/Aventura-del-salmon-2-2-2.jpg","_links":{"self":[{"href":"https:\/\/radiorevelacionfm.cl\/index.php?rest_route=\/wp\/v2\/posts\/51764","targetHints":{"allow":["GET"]}}],"collection":[{"href":"https:\/\/radiorevelacionfm.cl\/index.php?rest_route=\/wp\/v2\/posts"}],"about":[{"href":"https:\/\/radiorevelacionfm.cl\/index.php?rest_route=\/wp\/v2\/types\/post"}],"author":[{"embeddable":true,"href":"https:\/\/radiorevelacionfm.cl\/index.php?rest_route=\/wp\/v2\/users\/1"}],"replies":[{"embeddable":true,"href":"https:\/\/radiorevelacionfm.cl\/index.php?rest_route=%2Fwp%2Fv2%2Fcomments&post=51764"}],"version-history":[{"count":2,"href":"https:\/\/radiorevelacionfm.cl\/index.php?rest_route=\/wp\/v2\/posts\/51764\/revisions"}],"predecessor-version":[{"id":51767,"href":"https:\/\/radiorevelacionfm.cl\/index.php?rest_route=\/wp\/v2\/posts\/51764\/revisions\/51767"}],"wp:featuredmedia":[{"embeddable":true,"href":"https:\/\/radiorevelacionfm.cl\/index.php?rest_route=\/wp\/v2\/media\/51765"}],"wp:attachment":[{"href":"https:\/\/radiorevelacionfm.cl\/index.php?rest_route=%2Fwp%2Fv2%2Fmedia&parent=51764"}],"wp:term":[{"taxonomy":"category","embeddable":true,"href":"https:\/\/radiorevelacionfm.cl\/index.php?rest_route=%2Fwp%2Fv2%2Fcategories&post=51764"},{"taxonomy":"post_tag","embeddable":true,"href":"https:\/\/radiorevelacionfm.cl\/index.php?rest_route=%2Fwp%2Fv2%2Ftags&post=51764"}],"curies":[{"name":"wp","href":"https:\/\/api.w.org\/{rel}","templated":true}]}}