{"id":51761,"date":"2025-03-25T21:23:17","date_gmt":"2025-03-26T00:23:17","guid":{"rendered":"https:\/\/radiorevelacionfm.cl\/?p=51761"},"modified":"2025-03-25T21:23:17","modified_gmt":"2025-03-26T00:23:17","slug":"servicios-de-salud-de-aysen-y-reloncavi-firman-convenio-para-fortalecer-atencion-de-salud-en-zonas-fronterizas","status":"publish","type":"post","link":"https:\/\/radiorevelacionfm.cl\/?p=51761","title":{"rendered":"Servicios de Salud de Ays\u00e9n y Reloncav\u00ed firman convenio para fortalecer atenci\u00f3n de salud en zonas fronterizas"},"content":{"rendered":"<div class=\"flex_column av_one_full  flex_column_div av-zero-column-padding first  avia-builder-el-0  el_before_av_one_full  avia-builder-el-first  \" style='border-radius:0px; '><div  class='avia-image-container  av-styling-    avia-builder-el-1  avia-builder-el-no-sibling  avia-align-center '  itemprop=\"image\" itemscope=\"itemscope\" itemtype=\"https:\/\/schema.org\/ImageObject\"  ><div class='avia-image-container-inner'><div class='avia-image-overlay-wrap'><img decoding=\"async\" class='wp-image-51762 avia-img-lazy-loading-not-51762 avia_image' src=\"https:\/\/radiorevelacionfm.cl\/wp-content\/uploads\/2025\/03\/FOTO-2-CONVENIO-2-2.jpeg\" alt='' title='FOTO 2 CONVENIO-2-2' height=\"600\" width=\"800\"  itemprop=\"thumbnailUrl\" srcset=\"https:\/\/radiorevelacionfm.cl\/wp-content\/uploads\/2025\/03\/FOTO-2-CONVENIO-2-2.jpeg 800w, https:\/\/radiorevelacionfm.cl\/wp-content\/uploads\/2025\/03\/FOTO-2-CONVENIO-2-2-300x225.jpeg 300w, https:\/\/radiorevelacionfm.cl\/wp-content\/uploads\/2025\/03\/FOTO-2-CONVENIO-2-2-768x576.jpeg 768w, https:\/\/radiorevelacionfm.cl\/wp-content\/uploads\/2025\/03\/FOTO-2-CONVENIO-2-2-705x529.jpeg 705w, https:\/\/radiorevelacionfm.cl\/wp-content\/uploads\/2025\/03\/FOTO-2-CONVENIO-2-2-450x338.jpeg 450w, https:\/\/radiorevelacionfm.cl\/wp-content\/uploads\/2025\/03\/FOTO-2-CONVENIO-2-2-600x450.jpeg 600w\" sizes=\"(max-width: 800px) 100vw, 800px\" \/><\/div><\/div><\/div><\/div><div class=\"flex_column av_one_full  flex_column_div av-zero-column-padding first  avia-builder-el-2  el_after_av_one_full  el_before_av_one_full  column-top-margin\" style='border-radius:0px; '><section class=\"av_textblock_section \"  itemscope=\"itemscope\" itemtype=\"https:\/\/schema.org\/BlogPosting\" itemprop=\"blogPost\" ><div class='avia_textblock  '   itemprop=\"text\" ><p style=\"text-align: center;\"><strong><span style=\"font-size: 18pt;\">Servicios de Salud de Ays\u00e9n y Reloncav\u00ed firman convenio para fortalecer atenci\u00f3n de salud en zonas fronterizas<\/span><\/strong><\/p>\n<div id=\"gtx-trans\" style=\"position: absolute; left: -50px; top: 4.31534px;\">\n<div class=\"gtx-trans-icon\"><\/div>\n<\/div>\n<\/div><\/section><\/div><div class=\"flex_column av_one_full  flex_column_div av-zero-column-padding first  avia-builder-el-4  el_after_av_one_full  el_before_av_hr  column-top-margin\" style='border-radius:0px; '><section class=\"av_textblock_section \"  itemscope=\"itemscope\" itemtype=\"https:\/\/schema.org\/BlogPosting\" itemprop=\"blogPost\" ><div class='avia_textblock  '   itemprop=\"text\" ><p dir=\"ltr\" style=\"text-align: justify;\">Con el objetivo de fortalecer la atenci\u00f3n de salud en las zonas lim\u00edtrofes de ambas regiones, los Servicios de Salud de Ays\u00e9n y Del Reloncav\u00ed firmaron un Convenio de Colaboraci\u00f3n, que permitir\u00e1 integrar de manera m\u00e1s eficiente las prestaciones asistenciales entre ambas instituciones.<\/p>\n<p dir=\"ltr\" style=\"text-align: justify;\">Este acuerdo busca reconocer la realidad territorial, social y cultural que comparten las comunidades de la provincia de Palena y el norte de la regi\u00f3n de Ays\u00e9n, donde los habitantes hist\u00f3ricamente han establecido v\u00ednculos de atenci\u00f3n espont\u00e1nea entre los establecimientos de ambas redes de salud p\u00fablica.<\/p>\n<p dir=\"ltr\" style=\"text-align: justify;\">\u201cEste convenio marca el inicio de un trabajo conjunto para abrir nuestras carteras de prestaciones y avanzar hacia una mayor equidad en los territorios. Ambos servicios de salud enfrentamos dificultades importantes relacionadas con el aislamiento y la distancia, donde los kil\u00f3metros no se pueden medir simplemente en tiempo. Las condiciones de las rutas son complejas, y este acuerdo permitir\u00e1 beneficiar a toda el \u00e1rea norte de la regi\u00f3n de Ays\u00e9n, as\u00ed como tambi\u00e9n Palena (\u2026) vamos a poder trabajar de manera coordinada en rondas m\u00e9dicas, telemedicina y distintas estrategias. Sin duda, este es un hito relevante para nuestras regiones\u201d, manifest\u00f3 Juan Pablo Bravo Quintana, director del Servicio de Salud Ays\u00e9n.<\/p>\n<p dir=\"ltr\" style=\"text-align: justify;\">El convenio tambi\u00e9n establece \u00e1mbitos de cooperaci\u00f3n clave como derivaciones y traslados, acceso a an\u00e1lisis de muestras m\u00e9dicas y ex\u00e1menes de laboratorio y colaboraci\u00f3n t\u00e9cnica y administrativa seg\u00fan las necesidades detectadas por ambos servicios.<\/p>\n<p dir=\"ltr\" style=\"text-align: justify;\">\u00abEmpezamos primero en reconocer ex\u00e1menes, consultas m\u00e9dicas y de especialidades, para tambi\u00e9n poder ir transitando hacia otros procedimientos y tambi\u00e9n rondas m\u00e9dicas de especialistas. As\u00ed que estamos muy contentos, somos solo un territorio, y ambos directores hemos firmado un pacto junto a nuestro equipo cl\u00ednico para que este territorio tenga transversalidad en lo que es la instituci\u00f3n en temas de salud\u201d, expres\u00f3 B\u00e1rbara Del Pino, directora del Servicio de Salud del Reloncav\u00ed.<\/p>\n<p dir=\"ltr\" style=\"text-align: justify;\">Adem\u00e1s, el acuerdo contempla el desarrollo de una comisi\u00f3n de ambos servicios, que en el corto plazo permitir\u00e1 la elaboraci\u00f3n de un manual cl\u00ednico administrativo para regularizar, formalizar y enriquecer los flujos asistenciales entre ambas poblaciones en lo referente a atenciones y acceso a ex\u00e1menes de apoyo cl\u00ednico.<\/p>\n<p dir=\"ltr\" style=\"text-align: justify;\">\u201cEste convenio pretende hacernos cargo, desde la institucionalidad de ambos servicios del Reloncav\u00ed y de nuestro servicio, de lo que ocurre espont\u00e1neamente con nuestra poblaci\u00f3n fronteriza, que est\u00e1 en el eje La Junta, Ra\u00fal Mar\u00edn, Lago Verde, Puyuhuapi, y que acude a los hospitales del Reloncav\u00ed, y viceversa\u201d, acot\u00f3 el Dr. Jaime Carvajal, coordinador del convenio entre ambos servicios.<\/p>\n<p dir=\"ltr\" style=\"text-align: justify;\">Este acuerdo representa un paso concreto hacia una mejor integraci\u00f3n sanitaria en territorios que comparten realidades similares, en respuesta directa a una necesidad planteada por la propia comunidad usuaria y por los equipos de salud que han trabajado hist\u00f3ricamente en forma colaborativa pese a las barreras administrativas.<\/p>\n<\/div><\/section><\/div><div  style='height:50px' class='hr hr-invisible   avia-builder-el-6  el_after_av_one_full  el_before_av_social_share '><span class='hr-inner ' ><span class='hr-inner-style'><\/span><\/span><\/div><\/p>\n<div  class='av-social-sharing-box  avia-builder-el-7  el_after_av_hr  el_before_av_hr  '><div class='av-share-box'><h5 class='av-share-link-description av-no-toc '>Compartir esta noticia<\/h5><ul class='av-share-box-list noLightbox'><li class='av-share-link av-social-link-facebook' ><a target=\"_blank\" aria-label=\"Compartir en Facebook\" href='https:\/\/www.facebook.com\/sharer.php?u=https:\/\/radiorevelacionfm.cl\/?p=51761&#038;t=Servicios%20de%20Salud%20de%20Ays%C3%A9n%20y%20Reloncav%C3%AD%20firman%20convenio%20para%20fortalecer%20atenci%C3%B3n%20de%20salud%20en%20zonas%20fronterizas' aria-hidden='false' data-av_icon='\ue8f3' data-av_iconfont='entypo-fontello' title='' data-avia-related-tooltip='Compartir en Facebook' rel=\"noopener\"><span class='avia_hidden_link_text'>Compartir en Facebook<\/span><\/a><\/li><li class='av-share-link av-social-link-twitter' ><a target=\"_blank\" aria-label=\"Compartir en Twitter\" href='https:\/\/twitter.com\/share?text=Servicios%20de%20Salud%20de%20Ays%C3%A9n%20y%20Reloncav%C3%AD%20firman%20convenio%20para%20fortalecer%20atenci%C3%B3n%20de%20salud%20en%20zonas%20fronterizas&#038;url=https:\/\/radiorevelacionfm.cl\/?p=51761' aria-hidden='false' data-av_icon='\ue8f1' data-av_iconfont='entypo-fontello' title='' data-avia-related-tooltip='Compartir en Twitter' rel=\"noopener\"><span class='avia_hidden_link_text'>Compartir en Twitter<\/span><\/a><\/li><li class='av-share-link av-social-link-whatsapp' ><a target=\"_blank\" aria-label=\"Compartir en Whatsapp\" href='https:\/\/api.whatsapp.com\/send?text=https:\/\/radiorevelacionfm.cl\/?p=51761' aria-hidden='false' data-av_icon='\uf232' data-av_iconfont='entypo-fontello' title='' data-avia-related-tooltip='Compartir en Whatsapp' rel=\"noopener\"><span class='avia_hidden_link_text'>Compartir en Whatsapp<\/span><\/a><\/li><li class='av-share-link av-social-link-linkedin' ><a target=\"_blank\" aria-label=\"Compartir en LinkedIn\" href='https:\/\/linkedin.com\/shareArticle?mini=true&#038;title=Servicios%20de%20Salud%20de%20Ays%C3%A9n%20y%20Reloncav%C3%AD%20firman%20convenio%20para%20fortalecer%20atenci%C3%B3n%20de%20salud%20en%20zonas%20fronterizas&#038;url=https:\/\/radiorevelacionfm.cl\/?p=51761' aria-hidden='false' data-av_icon='\ue8fc' data-av_iconfont='entypo-fontello' title='' data-avia-related-tooltip='Compartir en LinkedIn' rel=\"noopener\"><span class='avia_hidden_link_text'>Compartir en LinkedIn<\/span><\/a><\/li><li class='av-share-link av-social-link-mail' ><a  aria-label=\"Compartir por correo\" href='mailto:?subject=Servicios%20de%20Salud%20de%20Ays%C3%A9n%20y%20Reloncav%C3%AD%20firman%20convenio%20para%20fortalecer%20atenci%C3%B3n%20de%20salud%20en%20zonas%20fronterizas&#038;body=https:\/\/radiorevelacionfm.cl\/?p=51761' aria-hidden='false' data-av_icon='\ue805' data-av_iconfont='entypo-fontello' title='' data-avia-related-tooltip='Compartir por correo'><span class='avia_hidden_link_text'>Compartir por correo<\/span><\/a><\/li><\/ul><\/div><\/div>\n<div  style='height:50px' class='hr hr-invisible   avia-builder-el-8  el_after_av_social_share  el_before_av_comments_list '><span class='hr-inner ' ><span class='hr-inner-style'><\/span><\/span><\/div>\n<div  class='av-buildercomment  av-blog-meta-html-info-disabled av-blog-meta-tag-disabled  '><\/div>\n","protected":false},"excerpt":{"rendered":"","protected":false},"author":1,"featured_media":51762,"comment_status":"open","ping_status":"open","sticky":false,"template":"","format":"standard","meta":{"footnotes":""},"categories":[46],"tags":[],"class_list":["post-51761","post","type-post","status-publish","format-standard","has-post-thumbnail","hentry","category-salud"],"jetpack_featured_media_url":"https:\/\/radiorevelacionfm.cl\/wp-content\/uploads\/2025\/03\/FOTO-2-CONVENIO-2-2.jpeg","_links":{"self":[{"href":"https:\/\/radiorevelacionfm.cl\/index.php?rest_route=\/wp\/v2\/posts\/51761","targetHints":{"allow":["GET"]}}],"collection":[{"href":"https:\/\/radiorevelacionfm.cl\/index.php?rest_route=\/wp\/v2\/posts"}],"about":[{"href":"https:\/\/radiorevelacionfm.cl\/index.php?rest_route=\/wp\/v2\/types\/post"}],"author":[{"embeddable":true,"href":"https:\/\/radiorevelacionfm.cl\/index.php?rest_route=\/wp\/v2\/users\/1"}],"replies":[{"embeddable":true,"href":"https:\/\/radiorevelacionfm.cl\/index.php?rest_route=%2Fwp%2Fv2%2Fcomments&post=51761"}],"version-history":[{"count":1,"href":"https:\/\/radiorevelacionfm.cl\/index.php?rest_route=\/wp\/v2\/posts\/51761\/revisions"}],"predecessor-version":[{"id":51763,"href":"https:\/\/radiorevelacionfm.cl\/index.php?rest_route=\/wp\/v2\/posts\/51761\/revisions\/51763"}],"wp:featuredmedia":[{"embeddable":true,"href":"https:\/\/radiorevelacionfm.cl\/index.php?rest_route=\/wp\/v2\/media\/51762"}],"wp:attachment":[{"href":"https:\/\/radiorevelacionfm.cl\/index.php?rest_route=%2Fwp%2Fv2%2Fmedia&parent=51761"}],"wp:term":[{"taxonomy":"category","embeddable":true,"href":"https:\/\/radiorevelacionfm.cl\/index.php?rest_route=%2Fwp%2Fv2%2Fcategories&post=51761"},{"taxonomy":"post_tag","embeddable":true,"href":"https:\/\/radiorevelacionfm.cl\/index.php?rest_route=%2Fwp%2Fv2%2Ftags&post=51761"}],"curies":[{"name":"wp","href":"https:\/\/api.w.org\/{rel}","templated":true}]}}