{"id":51758,"date":"2025-03-25T21:11:55","date_gmt":"2025-03-26T00:11:55","guid":{"rendered":"https:\/\/radiorevelacionfm.cl\/?p=51758"},"modified":"2025-03-25T21:11:55","modified_gmt":"2025-03-26T00:11:55","slug":"seremi-paulina-ruz-actualmente-tenemos-mas-de-700-viviendas-sociales-en-construccion-en-la-region-de-aysen","status":"publish","type":"post","link":"https:\/\/radiorevelacionfm.cl\/?p=51758","title":{"rendered":"Seremi Paulina Ruz: \u201cActualmente tenemos m\u00e1s de 700 viviendas sociales en construcci\u00f3n en la regi\u00f3n de Ays\u00e9n\u201d"},"content":{"rendered":"<div class=\"flex_column av_one_full  flex_column_div av-zero-column-padding first  avia-builder-el-0  el_before_av_one_full  avia-builder-el-first  \" style='border-radius:0px; '><div  class='avia-image-container  av-styling-    avia-builder-el-1  avia-builder-el-no-sibling  avia-align-center '  itemprop=\"image\" itemscope=\"itemscope\" itemtype=\"https:\/\/schema.org\/ImageObject\"  ><div class='avia-image-container-inner'><div class='avia-image-overlay-wrap'><img decoding=\"async\" class='wp-image-51759 avia-img-lazy-loading-not-51759 avia_image' src=\"https:\/\/radiorevelacionfm.cl\/wp-content\/uploads\/2025\/03\/FOTO-ARCHIVO-CONSTRUCCION-VIVIENDAS-PUERTO-AYSEN-2-2.jpg\" alt='' title='FOTO ARCHIVO CONSTRUCCI\u00d3N VIVIENDAS PUERTO AYS\u00c9N-2-2' height=\"600\" width=\"966\"  itemprop=\"thumbnailUrl\" srcset=\"https:\/\/radiorevelacionfm.cl\/wp-content\/uploads\/2025\/03\/FOTO-ARCHIVO-CONSTRUCCION-VIVIENDAS-PUERTO-AYSEN-2-2.jpg 966w, https:\/\/radiorevelacionfm.cl\/wp-content\/uploads\/2025\/03\/FOTO-ARCHIVO-CONSTRUCCION-VIVIENDAS-PUERTO-AYSEN-2-2-300x186.jpg 300w, https:\/\/radiorevelacionfm.cl\/wp-content\/uploads\/2025\/03\/FOTO-ARCHIVO-CONSTRUCCION-VIVIENDAS-PUERTO-AYSEN-2-2-768x477.jpg 768w, https:\/\/radiorevelacionfm.cl\/wp-content\/uploads\/2025\/03\/FOTO-ARCHIVO-CONSTRUCCION-VIVIENDAS-PUERTO-AYSEN-2-2-705x438.jpg 705w, https:\/\/radiorevelacionfm.cl\/wp-content\/uploads\/2025\/03\/FOTO-ARCHIVO-CONSTRUCCION-VIVIENDAS-PUERTO-AYSEN-2-2-450x280.jpg 450w, https:\/\/radiorevelacionfm.cl\/wp-content\/uploads\/2025\/03\/FOTO-ARCHIVO-CONSTRUCCION-VIVIENDAS-PUERTO-AYSEN-2-2-600x373.jpg 600w\" sizes=\"(max-width: 966px) 100vw, 966px\" \/><\/div><\/div><\/div><\/div><div class=\"flex_column av_one_full  flex_column_div av-zero-column-padding first  avia-builder-el-2  el_after_av_one_full  el_before_av_one_full  column-top-margin\" style='border-radius:0px; '><section class=\"av_textblock_section \"  itemscope=\"itemscope\" itemtype=\"https:\/\/schema.org\/BlogPosting\" itemprop=\"blogPost\" ><div class='avia_textblock  '   itemprop=\"text\" ><p style=\"text-align: center;\"><strong><span style=\"font-size: 18pt;\">Seremi Paulina Ruz: \u201cActualmente tenemos m\u00e1s de 700 viviendas sociales en construcci\u00f3n en la regi\u00f3n de Ays\u00e9n\u201d<\/span><\/strong><\/p>\n<div id=\"gtx-trans\" style=\"position: absolute; left: -50px; top: 4.31534px;\">\n<div class=\"gtx-trans-icon\"><\/div>\n<\/div>\n<\/div><\/section><\/div><div class=\"flex_column av_one_full  flex_column_div av-zero-column-padding first  avia-builder-el-4  el_after_av_one_full  el_before_av_hr  column-top-margin\" style='border-radius:0px; '><section class=\"av_textblock_section \"  itemscope=\"itemscope\" itemtype=\"https:\/\/schema.org\/BlogPosting\" itemprop=\"blogPost\" ><div class='avia_textblock  '   itemprop=\"text\" ><p style=\"text-align: justify;\">M\u00e1s de 700 viviendas sociales se encuentran actualmente en pleno proceso de construcci\u00f3n en diferentes localidades y comunas de la regi\u00f3n de Ays\u00e9n. As\u00ed lo confirm\u00f3 este martes la Seremi de Vivienda y Urbanismo, Paulina Ruz Delfin, al ser consultada por las proyecciones que tiene el Ministerio de Vivienda para lo que ser\u00e1 el \u00faltimo a\u00f1o de gesti\u00f3n del Gobierno.<\/p>\n<p style=\"text-align: justify;\">La autoridad sectorial enfatiz\u00f3 en que estas cifras tienen que ver con el principal compromiso asumido por el sector en 2022, el cual consiste en cumplir la meta regional del Plan de Emergencia Habitacional, lo que en la regi\u00f3n consiste en superar las mil 293 soluciones entregadas, dejando adem\u00e1s proyectos en ejecuci\u00f3n y otros con subsidio en la mano.<\/p>\n<p style=\"text-align: justify;\">\u201cEfectivamente, seg\u00fan las cifras del mes de febrero, llevamos un 92,8% de avance en nuestro Plan de Emergencia Habitacional, pero adem\u00e1s tenemos en la actualidad un total de 719 viviendas en ejecuci\u00f3n, las que, si bien est\u00e1n en su mayor\u00eda en las comunas de Ays\u00e9n y Coyhaique, tambi\u00e9n se ubican en otros sectores, como la localidad de La Junta, en el extremo norte de la regi\u00f3n. En la comuna de Ays\u00e9n, por ejemplo, tenemos m\u00e1s de 200 viviendas en ejecuci\u00f3n, entre las que se cuentan 59 para las familias del comit\u00e9 Patagonia Alegre de Puerto Chacabuco, donde hace m\u00e1s de 25 a\u00f1os que no se contaba con un conjunto habitacional nuevo; 57 viviendas para las familias del comit\u00e9 Amuyen 3 y otras 103 viviendas para las familias de los comit\u00e9s Tesoro Austral, Ahora Voy por Ustedes y Mirando hacia el Futuro, las que ya se est\u00e1n ejecutando en terrenos que pudimos adquirir a trav\u00e9s del Serviu trav\u00e9s del Serviu\u201d, precis\u00f3.<\/p>\n<p style=\"text-align: justify;\">Agreg\u00f3 la Seremi Paulina Ruz, que a esas viviendas se suman 192 departamentos del proyecto de Integraci\u00f3n Social y Territorial \u201cLomas de Coyhaique II\u201d, donde se consideran cupos para familias vulnerables y tambi\u00e9n para familias de sectores emergentes y medios en la capital regional.<\/p>\n<p style=\"text-align: justify;\">\u201cNo podemos olvidar que tambi\u00e9n a fines del a\u00f1o pasado dimos la partida al proyecto habitacional m\u00e1s grande de la regi\u00f3n, en terrenos de la Chacra G 1 de Coyhaique. All\u00ed las empresas Xinta y Entre R\u00edos est\u00e1n construyendo las primeras 237 viviendas para las familias de los comit\u00e9s Caminando por Coyhaique, Ventisqueros, Adonay y Chicos de la Patagonia. Este es un hito hist\u00f3rico, porque son entre 10 y 15 a\u00f1os de espera de estos comit\u00e9s. All\u00ed se construir\u00e1n tambi\u00e9n las obras de macro infraestructura, donde se incluyen las matrices de agua potable, colectores de alcantarillado, electrificaci\u00f3n, alumbrado p\u00fablico y pavimentaci\u00f3n, entre otros. Estos adelantos dar\u00e1n factibilidad para la construcci\u00f3n de los pr\u00f3ximos proyectos en el sector, donde solo en una primera etapa se espera construir m\u00e1s de mil 200 soluciones habitacionales para seguir disminuyendo las necesidades de nuestra gente de Coyhaique y mejorando sobre todo su calidad de vida\u201d, asegur\u00f3.<\/p>\n<p style=\"text-align: justify;\">En ese mismo contexto la Seremi expres\u00f3 su confianza en que pronto se logre concretar la contrataci\u00f3n de otros importantes proyectos en la regi\u00f3n, como por ejemplo la construcci\u00f3n de viviendas para el comit\u00e9 \u201cUni\u00f3n y Esperanza\u201d conformado por 101 familias de Balmaceda.<\/p>\n<p style=\"text-align: justify;\">Finalmente, la Seremi de Vivienda, Paulina Ruz, destac\u00f3 la gran calidad, dise\u00f1o y seguridad de las soluciones que se est\u00e1n entregando tanto en sectores urbanos como rurales, lo que genera adem\u00e1s una gran cantidad de puestos de trabajo, todo con un complemento de obras urbanas que sin duda nos permiten construir ciudades m\u00e1s justas y con mejores expectativas de vida para las generaciones del presente y el futuro.<\/p>\n<\/div><\/section><\/div><div  style='height:50px' class='hr hr-invisible   avia-builder-el-6  el_after_av_one_full  el_before_av_social_share '><span class='hr-inner ' ><span class='hr-inner-style'><\/span><\/span><\/div><\/p>\n<div  class='av-social-sharing-box  avia-builder-el-7  el_after_av_hr  el_before_av_hr  '><div class='av-share-box'><h5 class='av-share-link-description av-no-toc '>Compartir esta noticia<\/h5><ul class='av-share-box-list noLightbox'><li class='av-share-link av-social-link-facebook' ><a target=\"_blank\" aria-label=\"Compartir en Facebook\" href='https:\/\/www.facebook.com\/sharer.php?u=https:\/\/radiorevelacionfm.cl\/?p=51758&#038;t=Seremi%20Paulina%20Ruz%3A%20%E2%80%9CActualmente%20tenemos%20m%C3%A1s%20de%20700%20viviendas%20sociales%20en%20construcci%C3%B3n%20en%20la%20regi%C3%B3n%20de%20Ays%C3%A9n%E2%80%9D' aria-hidden='false' data-av_icon='\ue8f3' data-av_iconfont='entypo-fontello' title='' data-avia-related-tooltip='Compartir en Facebook' rel=\"noopener\"><span class='avia_hidden_link_text'>Compartir en Facebook<\/span><\/a><\/li><li class='av-share-link av-social-link-twitter' ><a target=\"_blank\" aria-label=\"Compartir en Twitter\" href='https:\/\/twitter.com\/share?text=Seremi%20Paulina%20Ruz%3A%20%E2%80%9CActualmente%20tenemos%20m%C3%A1s%20de%20700%20viviendas%20sociales%20en%20construcci%C3%B3n%20en%20la%20regi%C3%B3n%20de%20Ays%C3%A9n%E2%80%9D&#038;url=https:\/\/radiorevelacionfm.cl\/?p=51758' aria-hidden='false' data-av_icon='\ue8f1' data-av_iconfont='entypo-fontello' title='' data-avia-related-tooltip='Compartir en Twitter' rel=\"noopener\"><span class='avia_hidden_link_text'>Compartir en Twitter<\/span><\/a><\/li><li class='av-share-link av-social-link-whatsapp' ><a target=\"_blank\" aria-label=\"Compartir en Whatsapp\" href='https:\/\/api.whatsapp.com\/send?text=https:\/\/radiorevelacionfm.cl\/?p=51758' aria-hidden='false' data-av_icon='\uf232' data-av_iconfont='entypo-fontello' title='' data-avia-related-tooltip='Compartir en Whatsapp' rel=\"noopener\"><span class='avia_hidden_link_text'>Compartir en Whatsapp<\/span><\/a><\/li><li class='av-share-link av-social-link-linkedin' ><a target=\"_blank\" aria-label=\"Compartir en LinkedIn\" href='https:\/\/linkedin.com\/shareArticle?mini=true&#038;title=Seremi%20Paulina%20Ruz%3A%20%E2%80%9CActualmente%20tenemos%20m%C3%A1s%20de%20700%20viviendas%20sociales%20en%20construcci%C3%B3n%20en%20la%20regi%C3%B3n%20de%20Ays%C3%A9n%E2%80%9D&#038;url=https:\/\/radiorevelacionfm.cl\/?p=51758' aria-hidden='false' data-av_icon='\ue8fc' data-av_iconfont='entypo-fontello' title='' data-avia-related-tooltip='Compartir en LinkedIn' rel=\"noopener\"><span class='avia_hidden_link_text'>Compartir en LinkedIn<\/span><\/a><\/li><li class='av-share-link av-social-link-mail' ><a  aria-label=\"Compartir por correo\" href='mailto:?subject=Seremi%20Paulina%20Ruz%3A%20%E2%80%9CActualmente%20tenemos%20m%C3%A1s%20de%20700%20viviendas%20sociales%20en%20construcci%C3%B3n%20en%20la%20regi%C3%B3n%20de%20Ays%C3%A9n%E2%80%9D&#038;body=https:\/\/radiorevelacionfm.cl\/?p=51758' aria-hidden='false' data-av_icon='\ue805' data-av_iconfont='entypo-fontello' title='' data-avia-related-tooltip='Compartir por correo'><span class='avia_hidden_link_text'>Compartir por correo<\/span><\/a><\/li><\/ul><\/div><\/div>\n<div  style='height:50px' class='hr hr-invisible   avia-builder-el-8  el_after_av_social_share  el_before_av_comments_list '><span class='hr-inner ' ><span class='hr-inner-style'><\/span><\/span><\/div>\n<div  class='av-buildercomment  av-blog-meta-html-info-disabled av-blog-meta-tag-disabled  '><\/div>\n","protected":false},"excerpt":{"rendered":"","protected":false},"author":1,"featured_media":51759,"comment_status":"open","ping_status":"open","sticky":false,"template":"","format":"standard","meta":{"footnotes":""},"categories":[57],"tags":[],"class_list":["post-51758","post","type-post","status-publish","format-standard","has-post-thumbnail","hentry","category-vivienda"],"jetpack_featured_media_url":"https:\/\/radiorevelacionfm.cl\/wp-content\/uploads\/2025\/03\/FOTO-ARCHIVO-CONSTRUCCION-VIVIENDAS-PUERTO-AYSEN-2-2.jpg","_links":{"self":[{"href":"https:\/\/radiorevelacionfm.cl\/index.php?rest_route=\/wp\/v2\/posts\/51758","targetHints":{"allow":["GET"]}}],"collection":[{"href":"https:\/\/radiorevelacionfm.cl\/index.php?rest_route=\/wp\/v2\/posts"}],"about":[{"href":"https:\/\/radiorevelacionfm.cl\/index.php?rest_route=\/wp\/v2\/types\/post"}],"author":[{"embeddable":true,"href":"https:\/\/radiorevelacionfm.cl\/index.php?rest_route=\/wp\/v2\/users\/1"}],"replies":[{"embeddable":true,"href":"https:\/\/radiorevelacionfm.cl\/index.php?rest_route=%2Fwp%2Fv2%2Fcomments&post=51758"}],"version-history":[{"count":1,"href":"https:\/\/radiorevelacionfm.cl\/index.php?rest_route=\/wp\/v2\/posts\/51758\/revisions"}],"predecessor-version":[{"id":51760,"href":"https:\/\/radiorevelacionfm.cl\/index.php?rest_route=\/wp\/v2\/posts\/51758\/revisions\/51760"}],"wp:featuredmedia":[{"embeddable":true,"href":"https:\/\/radiorevelacionfm.cl\/index.php?rest_route=\/wp\/v2\/media\/51759"}],"wp:attachment":[{"href":"https:\/\/radiorevelacionfm.cl\/index.php?rest_route=%2Fwp%2Fv2%2Fmedia&parent=51758"}],"wp:term":[{"taxonomy":"category","embeddable":true,"href":"https:\/\/radiorevelacionfm.cl\/index.php?rest_route=%2Fwp%2Fv2%2Fcategories&post=51758"},{"taxonomy":"post_tag","embeddable":true,"href":"https:\/\/radiorevelacionfm.cl\/index.php?rest_route=%2Fwp%2Fv2%2Ftags&post=51758"}],"curies":[{"name":"wp","href":"https:\/\/api.w.org\/{rel}","templated":true}]}}