{"id":51750,"date":"2025-03-25T11:18:02","date_gmt":"2025-03-25T14:18:02","guid":{"rendered":"https:\/\/radiorevelacionfm.cl\/?p=51750"},"modified":"2025-03-25T11:18:02","modified_gmt":"2025-03-25T14:18:02","slug":"toda-la-patagonia-tendra-la-misma-hora","status":"publish","type":"post","link":"https:\/\/radiorevelacionfm.cl\/?p=51750","title":{"rendered":"Toda la Patagonia tendr\u00e1 la misma hora"},"content":{"rendered":"<div class=\"flex_column av_one_full  flex_column_div av-zero-column-padding first  avia-builder-el-0  el_before_av_one_full  avia-builder-el-first  \" style='border-radius:0px; '><div  class='avia-image-container  av-styling-    avia-builder-el-1  avia-builder-el-no-sibling  avia-align-center '  itemprop=\"image\" itemscope=\"itemscope\" itemtype=\"https:\/\/schema.org\/ImageObject\"  ><div class='avia-image-container-inner'><div class='avia-image-overlay-wrap'><img decoding=\"async\" class='wp-image-51751 avia-img-lazy-loading-not-51751 avia_image' src=\"https:\/\/radiorevelacionfm.cl\/wp-content\/uploads\/2025\/03\/Ursula-mix-seremi-de-gobierno-aysen-1_optimized.jpeg\" alt='' title='\u00darsula-mix,-seremi-de-gobierno-ays\u00e9n-(1)_optimized' height=\"600\" width=\"800\"  itemprop=\"thumbnailUrl\" srcset=\"https:\/\/radiorevelacionfm.cl\/wp-content\/uploads\/2025\/03\/Ursula-mix-seremi-de-gobierno-aysen-1_optimized.jpeg 800w, https:\/\/radiorevelacionfm.cl\/wp-content\/uploads\/2025\/03\/Ursula-mix-seremi-de-gobierno-aysen-1_optimized-300x225.jpeg 300w, https:\/\/radiorevelacionfm.cl\/wp-content\/uploads\/2025\/03\/Ursula-mix-seremi-de-gobierno-aysen-1_optimized-768x576.jpeg 768w, https:\/\/radiorevelacionfm.cl\/wp-content\/uploads\/2025\/03\/Ursula-mix-seremi-de-gobierno-aysen-1_optimized-705x529.jpeg 705w, https:\/\/radiorevelacionfm.cl\/wp-content\/uploads\/2025\/03\/Ursula-mix-seremi-de-gobierno-aysen-1_optimized-450x338.jpeg 450w, https:\/\/radiorevelacionfm.cl\/wp-content\/uploads\/2025\/03\/Ursula-mix-seremi-de-gobierno-aysen-1_optimized-600x450.jpeg 600w\" sizes=\"(max-width: 800px) 100vw, 800px\" \/><\/div><\/div><\/div><\/div><div class=\"flex_column av_one_full  flex_column_div av-zero-column-padding first  avia-builder-el-2  el_after_av_one_full  el_before_av_one_full  column-top-margin\" style='border-radius:0px; '><section class=\"av_textblock_section \"  itemscope=\"itemscope\" itemtype=\"https:\/\/schema.org\/BlogPosting\" itemprop=\"blogPost\" ><div class='avia_textblock  '   itemprop=\"text\" ><p style=\"text-align: center;\"><strong><span style=\"font-size: 18pt;\">Toda la Patagonia tendr\u00e1 la misma hora<\/span><\/strong><\/p>\n<div id=\"gtx-trans\" style=\"position: absolute; left: -50px; top: 4.31534px;\">\n<div class=\"gtx-trans-icon\"><\/div>\n<\/div>\n<\/div><\/section><\/div><div class=\"flex_column av_one_full  flex_column_div av-zero-column-padding first  avia-builder-el-4  el_after_av_one_full  el_before_av_hr  column-top-margin\" style='border-radius:0px; '><section class=\"av_textblock_section \"  itemscope=\"itemscope\" itemtype=\"https:\/\/schema.org\/BlogPosting\" itemprop=\"blogPost\" ><div class='avia_textblock  '   itemprop=\"text\" ><p style=\"text-align: justify;\">Nuestra regi\u00f3n se distingue del resto del pa\u00eds no solo por sus condiciones clim\u00e1ticas y geogr\u00e1ficas, sino tambi\u00e9n por sus particularidades sociales. Durante a\u00f1os, nos han hecho creer que la Patagonia se extiende m\u00e1s all\u00e1 del norte de nuestra regi\u00f3n, pero hoy podemos afirmar que la Patagonia es una sola, y a partir de este a\u00f1o, compartir\u00e1 un mismo horario. Las regiones de Ays\u00e9n y Magallanes tendr\u00e1n el mismo huso horario y, lo m\u00e1s importante, no experimentar\u00e1n el cambio de hora.<\/p>\n<p style=\"text-align: justify;\">Este cambio es fruto de una consulta ciudadana realizada por la Delegaci\u00f3n Presidencial Regional en noviembre de 2024, a la que respondieron 13.000 personas. En ella, la mayor\u00eda de los participantes opt\u00f3 por no cambiar al horario de invierno, sino por mantener de manera permanente el horario de verano.<\/p>\n<p style=\"text-align: justify;\">Previamente, la Delegaci\u00f3n Presidencial Regional public\u00f3 en su sitio web una serie de documentos sobre el huso horario en la Regi\u00f3n de Ays\u00e9n, elaborados en colaboraci\u00f3n con diversas instituciones: el Gobierno Regional, la Universidad de Magallanes, la Universidad de Ays\u00e9n y el Centro de Investigaci\u00f3n en Ecosistemas de la Patagonia.<\/p>\n<p style=\"text-align: justify;\">Es importante destacar que la consulta incluy\u00f3 seis preguntas clave, como la residencia actual, el RUN, el sexo, el rango etario y la preferencia por mantener el horario de verano. Un total de 16.646 personas participaron, de las cuales 13.094 respuestas fueron validadas tras la verificaci\u00f3n del Servel.<\/p>\n<p style=\"text-align: justify;\">El Gobierno nos escuch\u00f3 y tom\u00f3 una decisi\u00f3n vinculante, respondiendo a la voluntad expresada por los habitantes de nuestro territorio en esta consulta ciudadana. Sabemos que no todos quedar\u00e1n conformes con la medida, pero nos alienta saber que el Gobierno del Presidente Gabriel Boric Font sigue demostrando una actitud dialogante, cercana a la gente y dispuesta a escuchar sus demandas.<\/p>\n<p style=\"text-align: justify;\">\u00bfPodr\u00edamos haber resuelto esto antes? Tal vez. Sin embargo, hemos logrado aprovechar esta oportunidad para dar una respuesta clara y contundente, respaldada por la ciudadan\u00eda. Continuamos en la lucha por m\u00e1s participaci\u00f3n y confiamos en que esta decisi\u00f3n gubernamental sea un incentivo para que m\u00e1s personas se involucren en los procesos de participaci\u00f3n ciudadana que ofrece el Estado.<\/p>\n<p style=\"text-align: justify;\">Seguimos.<\/p>\n<p style=\"text-align: justify;\">Por \u00darsula Mix Jim\u00e9nez, Seremi de Gobierno Ays\u00e9n.<\/p>\n<\/div><\/section><\/div><div  style='height:50px' class='hr hr-invisible   avia-builder-el-6  el_after_av_one_full  el_before_av_social_share '><span class='hr-inner ' ><span class='hr-inner-style'><\/span><\/span><\/div><\/p>\n<div  class='av-social-sharing-box  avia-builder-el-7  el_after_av_hr  el_before_av_hr  '><div class='av-share-box'><h5 class='av-share-link-description av-no-toc '>Compartir esta noticia<\/h5><ul class='av-share-box-list noLightbox'><li class='av-share-link av-social-link-facebook' ><a target=\"_blank\" aria-label=\"Compartir en Facebook\" href='https:\/\/www.facebook.com\/sharer.php?u=https:\/\/radiorevelacionfm.cl\/?p=51750&#038;t=Toda%20la%20Patagonia%20tendr%C3%A1%20la%20misma%20hora' aria-hidden='false' data-av_icon='\ue8f3' data-av_iconfont='entypo-fontello' title='' data-avia-related-tooltip='Compartir en Facebook' rel=\"noopener\"><span class='avia_hidden_link_text'>Compartir en Facebook<\/span><\/a><\/li><li class='av-share-link av-social-link-twitter' ><a target=\"_blank\" aria-label=\"Compartir en Twitter\" href='https:\/\/twitter.com\/share?text=Toda%20la%20Patagonia%20tendr%C3%A1%20la%20misma%20hora&#038;url=https:\/\/radiorevelacionfm.cl\/?p=51750' aria-hidden='false' data-av_icon='\ue8f1' data-av_iconfont='entypo-fontello' title='' data-avia-related-tooltip='Compartir en Twitter' rel=\"noopener\"><span class='avia_hidden_link_text'>Compartir en Twitter<\/span><\/a><\/li><li class='av-share-link av-social-link-whatsapp' ><a target=\"_blank\" aria-label=\"Compartir en Whatsapp\" href='https:\/\/api.whatsapp.com\/send?text=https:\/\/radiorevelacionfm.cl\/?p=51750' aria-hidden='false' data-av_icon='\uf232' data-av_iconfont='entypo-fontello' title='' data-avia-related-tooltip='Compartir en Whatsapp' rel=\"noopener\"><span class='avia_hidden_link_text'>Compartir en Whatsapp<\/span><\/a><\/li><li class='av-share-link av-social-link-linkedin' ><a target=\"_blank\" aria-label=\"Compartir en LinkedIn\" href='https:\/\/linkedin.com\/shareArticle?mini=true&#038;title=Toda%20la%20Patagonia%20tendr%C3%A1%20la%20misma%20hora&#038;url=https:\/\/radiorevelacionfm.cl\/?p=51750' aria-hidden='false' data-av_icon='\ue8fc' data-av_iconfont='entypo-fontello' title='' data-avia-related-tooltip='Compartir en LinkedIn' rel=\"noopener\"><span class='avia_hidden_link_text'>Compartir en LinkedIn<\/span><\/a><\/li><li class='av-share-link av-social-link-mail' ><a  aria-label=\"Compartir por correo\" href='mailto:?subject=Toda%20la%20Patagonia%20tendr%C3%A1%20la%20misma%20hora&#038;body=https:\/\/radiorevelacionfm.cl\/?p=51750' aria-hidden='false' data-av_icon='\ue805' data-av_iconfont='entypo-fontello' title='' data-avia-related-tooltip='Compartir por correo'><span class='avia_hidden_link_text'>Compartir por correo<\/span><\/a><\/li><\/ul><\/div><\/div>\n<div  style='height:50px' class='hr hr-invisible   avia-builder-el-8  el_after_av_social_share  el_before_av_comments_list '><span class='hr-inner ' ><span class='hr-inner-style'><\/span><\/span><\/div>\n<div  class='av-buildercomment  av-blog-meta-html-info-disabled av-blog-meta-tag-disabled  '><\/div>\n","protected":false},"excerpt":{"rendered":"","protected":false},"author":1,"featured_media":51751,"comment_status":"open","ping_status":"open","sticky":false,"template":"","format":"standard","meta":{"footnotes":""},"categories":[50],"tags":[],"class_list":["post-51750","post","type-post","status-publish","format-standard","has-post-thumbnail","hentry","category-cartas-y-opinion"],"jetpack_featured_media_url":"https:\/\/radiorevelacionfm.cl\/wp-content\/uploads\/2025\/03\/Ursula-mix-seremi-de-gobierno-aysen-1_optimized.jpeg","_links":{"self":[{"href":"https:\/\/radiorevelacionfm.cl\/index.php?rest_route=\/wp\/v2\/posts\/51750","targetHints":{"allow":["GET"]}}],"collection":[{"href":"https:\/\/radiorevelacionfm.cl\/index.php?rest_route=\/wp\/v2\/posts"}],"about":[{"href":"https:\/\/radiorevelacionfm.cl\/index.php?rest_route=\/wp\/v2\/types\/post"}],"author":[{"embeddable":true,"href":"https:\/\/radiorevelacionfm.cl\/index.php?rest_route=\/wp\/v2\/users\/1"}],"replies":[{"embeddable":true,"href":"https:\/\/radiorevelacionfm.cl\/index.php?rest_route=%2Fwp%2Fv2%2Fcomments&post=51750"}],"version-history":[{"count":1,"href":"https:\/\/radiorevelacionfm.cl\/index.php?rest_route=\/wp\/v2\/posts\/51750\/revisions"}],"predecessor-version":[{"id":51752,"href":"https:\/\/radiorevelacionfm.cl\/index.php?rest_route=\/wp\/v2\/posts\/51750\/revisions\/51752"}],"wp:featuredmedia":[{"embeddable":true,"href":"https:\/\/radiorevelacionfm.cl\/index.php?rest_route=\/wp\/v2\/media\/51751"}],"wp:attachment":[{"href":"https:\/\/radiorevelacionfm.cl\/index.php?rest_route=%2Fwp%2Fv2%2Fmedia&parent=51750"}],"wp:term":[{"taxonomy":"category","embeddable":true,"href":"https:\/\/radiorevelacionfm.cl\/index.php?rest_route=%2Fwp%2Fv2%2Fcategories&post=51750"},{"taxonomy":"post_tag","embeddable":true,"href":"https:\/\/radiorevelacionfm.cl\/index.php?rest_route=%2Fwp%2Fv2%2Ftags&post=51750"}],"curies":[{"name":"wp","href":"https:\/\/api.w.org\/{rel}","templated":true}]}}