{"id":51746,"date":"2025-03-24T20:12:04","date_gmt":"2025-03-24T23:12:04","guid":{"rendered":"https:\/\/radiorevelacionfm.cl\/?p=51746"},"modified":"2025-03-24T20:12:04","modified_gmt":"2025-03-24T23:12:04","slug":"en-el-marco-de-las-eliminatorias-anfa-gobernador-marcelo-santana-anuncia-la-construccion-de-10-estadios-para-aysen","status":"publish","type":"post","link":"https:\/\/radiorevelacionfm.cl\/?p=51746","title":{"rendered":"En el marco de las eliminatorias ANFA: Gobernador Marcelo Santana anuncia la construcci\u00f3n de 10 estadios para Ays\u00e9n"},"content":{"rendered":"<div class=\"flex_column av_one_full  flex_column_div av-zero-column-padding first  avia-builder-el-0  el_before_av_one_full  avia-builder-el-first  \" style='border-radius:0px; '><div  class='avia-image-container  av-styling-    avia-builder-el-1  avia-builder-el-no-sibling  avia-align-center '  itemprop=\"image\" itemscope=\"itemscope\" itemtype=\"https:\/\/schema.org\/ImageObject\"  ><div class='avia-image-container-inner'><div class='avia-image-overlay-wrap'><img decoding=\"async\" class='wp-image-51747 avia-img-lazy-loading-not-51747 avia_image' src=\"https:\/\/radiorevelacionfm.cl\/wp-content\/uploads\/2025\/03\/02-8-1-1.jpeg\" alt='' title='02 (8) (1) (1)' height=\"600\" width=\"934\"  itemprop=\"thumbnailUrl\" srcset=\"https:\/\/radiorevelacionfm.cl\/wp-content\/uploads\/2025\/03\/02-8-1-1.jpeg 934w, https:\/\/radiorevelacionfm.cl\/wp-content\/uploads\/2025\/03\/02-8-1-1-300x193.jpeg 300w, https:\/\/radiorevelacionfm.cl\/wp-content\/uploads\/2025\/03\/02-8-1-1-768x493.jpeg 768w, https:\/\/radiorevelacionfm.cl\/wp-content\/uploads\/2025\/03\/02-8-1-1-705x453.jpeg 705w, https:\/\/radiorevelacionfm.cl\/wp-content\/uploads\/2025\/03\/02-8-1-1-450x289.jpeg 450w, https:\/\/radiorevelacionfm.cl\/wp-content\/uploads\/2025\/03\/02-8-1-1-600x385.jpeg 600w\" sizes=\"(max-width: 934px) 100vw, 934px\" \/><\/div><\/div><\/div><\/div><div class=\"flex_column av_one_full  flex_column_div av-zero-column-padding first  avia-builder-el-2  el_after_av_one_full  el_before_av_one_full  column-top-margin\" style='border-radius:0px; '><section class=\"av_textblock_section \"  itemscope=\"itemscope\" itemtype=\"https:\/\/schema.org\/BlogPosting\" itemprop=\"blogPost\" ><div class='avia_textblock  '   itemprop=\"text\" ><p style=\"text-align: center;\"><strong><span style=\"font-size: 18pt;\">En el marco de las eliminatorias ANFA: Gobernador Marcelo Santana anuncia la construcci\u00f3n de 10 estadios para Ays\u00e9n<\/span><\/strong><\/p>\n<div id=\"gtx-trans\" style=\"position: absolute; left: -50px; top: 4.31534px;\">\n<div class=\"gtx-trans-icon\"><\/div>\n<\/div>\n<\/div><\/section><\/div><div class=\"flex_column av_one_full  flex_column_div av-zero-column-padding first  avia-builder-el-4  el_after_av_one_full  el_before_av_hr  column-top-margin\" style='border-radius:0px; '><section class=\"av_textblock_section \"  itemscope=\"itemscope\" itemtype=\"https:\/\/schema.org\/BlogPosting\" itemprop=\"blogPost\" ><div class='avia_textblock  '   itemprop=\"text\" ><p style=\"text-align: justify;\"><em>La iniciativa, impulsada por el Gobernador Marcelo Santana y respaldada por el Ministerio del Deporte, contempla la construcci\u00f3n de 10 nuevas canchas sint\u00e9ticas en localidades estrat\u00e9gicas, entre los cuales estan Puerto Aguirre, El Blanco, Puerto Guadal, Puerto R\u00edo Tranquilo y Tortel, fortaleciendo el acceso al deporte, la vida sana y la reactivaci\u00f3n econ\u00f3mica local<\/em>.<\/p>\n<p style=\"text-align: justify;\">Este domingo, en el marco del campeonato regional de ANFA, el Gobernador Regional de Ays\u00e9n, Marcelo Santana, anunci\u00f3 la construcci\u00f3n de 10 nuevos estadios en distintas localidades rurales de la regi\u00f3n. El anuncio se realiz\u00f3 en presencia del Ministro del Deporte, Jaime Pizarro Herrera, quien particip\u00f3 como invitado especial en la jornada deportiva.<\/p>\n<p style=\"text-align: justify;\">La iniciativa se enmarca en el plan de gobierno del Gobernador Santana y tiene como objetivo fortalecer el acceso al deporte, mejorar la infraestructura comunitaria y contribuir a la reactivaci\u00f3n econ\u00f3mica en sectores hist\u00f3ricamente postergados donde el deporte juega un rol fundamental.<\/p>\n<p style=\"text-align: justify;\">Entre las localidades consideradas para la construcci\u00f3n de estos nuevos recintos se encuentran Puerto Aguirre, Puerto R\u00edo Tranquilo, El Blanco, Puerto Guadal y Tortel, adem\u00e1s de otras zonas que han carecido de espacios adecuados para la pr\u00e1ctica deportiva. Estas obras permitir\u00e1n a ni\u00f1os, j\u00f3venes, adultos y personas mayores contar con infraestructura moderna, acorde al clima y geograf\u00eda de la regi\u00f3n, permitiendo no solo el desarrollo del f\u00fatbol, sino tambi\u00e9n de m\u00faltiples disciplinas y actividades comunitarias.<\/p>\n<p style=\"text-align: justify;\">\u201cAgradecer la presencia del Ministro hoy d\u00eda, en este domingo de mucho deporte ac\u00e1 en nuestra capital regional, hemos estado en varias actividades y yo quer\u00eda que me acompa\u00f1e en una muy importante para nosotros, que tiene que ver con el anuncio de 10 nuevos estadios para nuestra regi\u00f3n. El deporte amateur, el deporte ac\u00e1 en la zona urbana, en la zona rural, necesita mejor infraestructura y vamos a estandarizar proyectos para que los pr\u00f3ximos cuatro a\u00f1os podamos construir estas diez nuevas infraestructuras deportivas\u201d.<\/p>\n<p style=\"text-align: justify;\">Durante la ceremonia, el Ministro del Deporte, Jaime Pizarro, valor\u00f3 la iniciativa del Gobierno Regional y destac\u00f3 su impacto territorial.<\/p>\n<p style=\"text-align: justify;\">\u201cAcompa\u00f1amos con entusiasmo a la regi\u00f3n de Ays\u00e9n en estas actividades deportivas, donde destacamos el uso de recintos del IND para que ni\u00f1os y j\u00f3venes disfruten del deporte. Es admirable c\u00f3mo los clubes se trasladan, participan y conviven en familia, fortaleciendo el f\u00fatbol amateur. Agradecemos al Gobierno Regional por su compromiso en mejorar la infraestructura deportiva, promoviendo espacios de desarrollo formativo, educativo y de integraci\u00f3n. Vimos una destacada participaci\u00f3n de mujeres, tanto en la cancha como en las tribunas, reafirmando nuestro objetivo de fomentar una convivencia sana a trav\u00e9s del deporte\u201d.<\/p>\n<p style=\"text-align: justify;\">Por su parte, la Seremi de Deporte destac\u00f3 la importancia de esta inversi\u00f3n del Gobierno Regional y su Consejo para descentralizar el acceso al deporte.<\/p>\n<p style=\"text-align: justify;\">\u201cEstamos acompa\u00f1ando junto a nuestro ministro Jaime Pizarro al torneo de ANFA ac\u00e1 en el Estadio Municipal y muy contentos tambi\u00e9n por el trabajo que estamos desarrollando de manera coordinada con el Gobernador Regional, donde \u00e9l acaba de anunciar la realizaci\u00f3n de dos iniciativas muy importantes. Una de ellas es el desarrollo de nuevas diez canchas sint\u00e9ticas para la regi\u00f3n de Ays\u00e9n y tambi\u00e9n el trabajo que estamos realizando para llegar a tener un programa de apoyo a deportistas que permita cierto poder costear los traslados y tambi\u00e9n el alojamiento y de una vez podamos ya poder seguir potenciando el f\u00fatbol, sobre todo en este deporte colectivo que es tan importante para nuestra regi\u00f3n\u201d.<\/p>\n<p style=\"text-align: justify;\">Adem\u00e1s, se inform\u00f3 que los nuevos estadios estar\u00e1n dise\u00f1ados con est\u00e1ndares t\u00e9cnicos de calidad, materiales resistentes al clima y espacios multifuncionales para su uso en actividades culturales, recreativas y comunitarias.<\/p>\n<p style=\"text-align: justify;\">El Gobierno Regional de Ays\u00e9n, en conjunto con su Consejo, ha reiterado su compromiso con el deporte y los deportistas de la regi\u00f3n, conscientes del esfuerzo que conlleva representar a Ays\u00e9n en competencias nacionales. En este marco, se est\u00e1 desarrollando un programa de apoyo a las delegaciones deportivas, financiado con recursos regionales, para facilitar su participaci\u00f3n sin generar un impacto econ\u00f3mico adicional. Por otro lado, la seguridad en los recintos deportivos se mantiene como una prioridad. En colaboraci\u00f3n con el municipio de Coyhaique y dirigentes locales, se implementar\u00e1n medidas para reforzar la seguridad en el estadio de la comuna, asegurando que las familias, incluidos ni\u00f1os y mujeres, puedan disfrutar del f\u00fatbol en un entorno seguro y adecuado.<\/p>\n<p style=\"text-align: justify;\"><strong>Consolidando a Ays\u00e9n como un referente Tur\u00edstico<\/strong><\/p>\n<p style=\"text-align: justify;\">En noviembre, nuestra regi\u00f3n ser\u00e1 escenario de grandes eventos deportivos internacionales. Por primera vez, Titan World Series llega a Sudam\u00e9rica con una carrera in\u00e9dita: TITAN FOREST PATAGONIA, consolidando a Ays\u00e9n como un referente en este tipo de competencias. Adem\u00e1s, tras 12 a\u00f1os de ausencia, el RallyMobil regresar\u00e1 a las comunas de Ays\u00e9n y Coyhaique, fortaleciendo el turismo y la proyecci\u00f3n deportiva de la regi\u00f3n. Estas iniciativas reflejan nuestro compromiso con el desarrollo del deporte y el posicionamiento de Ays\u00e9n en el circuito de grandes eventos nacionales e internacionales.<\/p>\n<p style=\"text-align: justify;\">Con esta medida, el Gobierno Regional de Ays\u00e9n reafirma su compromiso con el desarrollo territorial equitativo, impulsando proyectos que transforman espacios y mejoran la calidad de vida de las personas, poniendo en valor el rol del deporte como eje de desarrollo humano y comunitario.<\/p>\n<\/div><\/section><\/div><div  style='height:50px' class='hr hr-invisible   avia-builder-el-6  el_after_av_one_full  el_before_av_social_share '><span class='hr-inner ' ><span class='hr-inner-style'><\/span><\/span><\/div><\/p>\n<div  class='av-social-sharing-box  avia-builder-el-7  el_after_av_hr  el_before_av_hr  '><div class='av-share-box'><h5 class='av-share-link-description av-no-toc '>Compartir esta noticia<\/h5><ul class='av-share-box-list noLightbox'><li class='av-share-link av-social-link-facebook' ><a target=\"_blank\" aria-label=\"Compartir en Facebook\" href='https:\/\/www.facebook.com\/sharer.php?u=https:\/\/radiorevelacionfm.cl\/?p=51746&#038;t=En%20el%20marco%20de%20las%20eliminatorias%20ANFA%3A%20Gobernador%20Marcelo%20Santana%20anuncia%20la%20construcci%C3%B3n%20de%2010%20estadios%20para%20Ays%C3%A9n' aria-hidden='false' data-av_icon='\ue8f3' data-av_iconfont='entypo-fontello' title='' data-avia-related-tooltip='Compartir en Facebook' rel=\"noopener\"><span class='avia_hidden_link_text'>Compartir en Facebook<\/span><\/a><\/li><li class='av-share-link av-social-link-twitter' ><a target=\"_blank\" aria-label=\"Compartir en Twitter\" href='https:\/\/twitter.com\/share?text=En%20el%20marco%20de%20las%20eliminatorias%20ANFA%3A%20Gobernador%20Marcelo%20Santana%20anuncia%20la%20construcci%C3%B3n%20de%2010%20estadios%20para%20Ays%C3%A9n&#038;url=https:\/\/radiorevelacionfm.cl\/?p=51746' aria-hidden='false' data-av_icon='\ue8f1' data-av_iconfont='entypo-fontello' title='' data-avia-related-tooltip='Compartir en Twitter' rel=\"noopener\"><span class='avia_hidden_link_text'>Compartir en Twitter<\/span><\/a><\/li><li class='av-share-link av-social-link-whatsapp' ><a target=\"_blank\" aria-label=\"Compartir en Whatsapp\" href='https:\/\/api.whatsapp.com\/send?text=https:\/\/radiorevelacionfm.cl\/?p=51746' aria-hidden='false' data-av_icon='\uf232' data-av_iconfont='entypo-fontello' title='' data-avia-related-tooltip='Compartir en Whatsapp' rel=\"noopener\"><span class='avia_hidden_link_text'>Compartir en Whatsapp<\/span><\/a><\/li><li class='av-share-link av-social-link-linkedin' ><a target=\"_blank\" aria-label=\"Compartir en LinkedIn\" href='https:\/\/linkedin.com\/shareArticle?mini=true&#038;title=En%20el%20marco%20de%20las%20eliminatorias%20ANFA%3A%20Gobernador%20Marcelo%20Santana%20anuncia%20la%20construcci%C3%B3n%20de%2010%20estadios%20para%20Ays%C3%A9n&#038;url=https:\/\/radiorevelacionfm.cl\/?p=51746' aria-hidden='false' data-av_icon='\ue8fc' data-av_iconfont='entypo-fontello' title='' data-avia-related-tooltip='Compartir en LinkedIn' rel=\"noopener\"><span class='avia_hidden_link_text'>Compartir en LinkedIn<\/span><\/a><\/li><li class='av-share-link av-social-link-mail' ><a  aria-label=\"Compartir por correo\" href='mailto:?subject=En%20el%20marco%20de%20las%20eliminatorias%20ANFA%3A%20Gobernador%20Marcelo%20Santana%20anuncia%20la%20construcci%C3%B3n%20de%2010%20estadios%20para%20Ays%C3%A9n&#038;body=https:\/\/radiorevelacionfm.cl\/?p=51746' aria-hidden='false' data-av_icon='\ue805' data-av_iconfont='entypo-fontello' title='' data-avia-related-tooltip='Compartir por correo'><span class='avia_hidden_link_text'>Compartir por correo<\/span><\/a><\/li><\/ul><\/div><\/div>\n<div  style='height:50px' class='hr hr-invisible   avia-builder-el-8  el_after_av_social_share  el_before_av_comments_list '><span class='hr-inner ' ><span class='hr-inner-style'><\/span><\/span><\/div>\n<div  class='av-buildercomment  av-blog-meta-html-info-disabled av-blog-meta-tag-disabled  '><\/div>\n","protected":false},"excerpt":{"rendered":"","protected":false},"author":1,"featured_media":51747,"comment_status":"open","ping_status":"open","sticky":false,"template":"","format":"standard","meta":{"footnotes":""},"categories":[38],"tags":[],"class_list":["post-51746","post","type-post","status-publish","format-standard","has-post-thumbnail","hentry","category-regional"],"jetpack_featured_media_url":"https:\/\/radiorevelacionfm.cl\/wp-content\/uploads\/2025\/03\/02-8-1-1.jpeg","_links":{"self":[{"href":"https:\/\/radiorevelacionfm.cl\/index.php?rest_route=\/wp\/v2\/posts\/51746","targetHints":{"allow":["GET"]}}],"collection":[{"href":"https:\/\/radiorevelacionfm.cl\/index.php?rest_route=\/wp\/v2\/posts"}],"about":[{"href":"https:\/\/radiorevelacionfm.cl\/index.php?rest_route=\/wp\/v2\/types\/post"}],"author":[{"embeddable":true,"href":"https:\/\/radiorevelacionfm.cl\/index.php?rest_route=\/wp\/v2\/users\/1"}],"replies":[{"embeddable":true,"href":"https:\/\/radiorevelacionfm.cl\/index.php?rest_route=%2Fwp%2Fv2%2Fcomments&post=51746"}],"version-history":[{"count":1,"href":"https:\/\/radiorevelacionfm.cl\/index.php?rest_route=\/wp\/v2\/posts\/51746\/revisions"}],"predecessor-version":[{"id":51748,"href":"https:\/\/radiorevelacionfm.cl\/index.php?rest_route=\/wp\/v2\/posts\/51746\/revisions\/51748"}],"wp:featuredmedia":[{"embeddable":true,"href":"https:\/\/radiorevelacionfm.cl\/index.php?rest_route=\/wp\/v2\/media\/51747"}],"wp:attachment":[{"href":"https:\/\/radiorevelacionfm.cl\/index.php?rest_route=%2Fwp%2Fv2%2Fmedia&parent=51746"}],"wp:term":[{"taxonomy":"category","embeddable":true,"href":"https:\/\/radiorevelacionfm.cl\/index.php?rest_route=%2Fwp%2Fv2%2Fcategories&post=51746"},{"taxonomy":"post_tag","embeddable":true,"href":"https:\/\/radiorevelacionfm.cl\/index.php?rest_route=%2Fwp%2Fv2%2Ftags&post=51746"}],"curies":[{"name":"wp","href":"https:\/\/api.w.org\/{rel}","templated":true}]}}