{"id":51743,"date":"2025-03-24T18:59:08","date_gmt":"2025-03-24T21:59:08","guid":{"rendered":"https:\/\/radiorevelacionfm.cl\/?p=51743"},"modified":"2025-03-24T18:59:08","modified_gmt":"2025-03-24T21:59:08","slug":"con-foco-en-la-realizacion-de-eventos-deportivos-internacionales-ministro-jaime-pizarro-visita-region-de-aysen","status":"publish","type":"post","link":"https:\/\/radiorevelacionfm.cl\/?p=51743","title":{"rendered":"Con foco en la realizaci\u00f3n de eventos deportivos internacionales: Ministro Jaime Pizarro visita Regi\u00f3n de Ays\u00e9n"},"content":{"rendered":"<div class=\"flex_column av_one_full  flex_column_div av-zero-column-padding first  avia-builder-el-0  el_before_av_one_full  avia-builder-el-first  \" style='border-radius:0px; '><div  class='avia-image-container  av-styling-    avia-builder-el-1  avia-builder-el-no-sibling  avia-align-center '  itemprop=\"image\" itemscope=\"itemscope\" itemtype=\"https:\/\/schema.org\/ImageObject\"  ><div class='avia-image-container-inner'><div class='avia-image-overlay-wrap'><img decoding=\"async\" class='wp-image-51744 avia-img-lazy-loading-not-51744 avia_image' src=\"https:\/\/radiorevelacionfm.cl\/wp-content\/uploads\/2025\/03\/anfa-7-1-1.jpg\" alt='' title='anfa 7 (1) (1)' height=\"600\" width=\"800\"  itemprop=\"thumbnailUrl\" srcset=\"https:\/\/radiorevelacionfm.cl\/wp-content\/uploads\/2025\/03\/anfa-7-1-1.jpg 800w, https:\/\/radiorevelacionfm.cl\/wp-content\/uploads\/2025\/03\/anfa-7-1-1-300x225.jpg 300w, https:\/\/radiorevelacionfm.cl\/wp-content\/uploads\/2025\/03\/anfa-7-1-1-768x576.jpg 768w, https:\/\/radiorevelacionfm.cl\/wp-content\/uploads\/2025\/03\/anfa-7-1-1-705x529.jpg 705w, https:\/\/radiorevelacionfm.cl\/wp-content\/uploads\/2025\/03\/anfa-7-1-1-450x338.jpg 450w, https:\/\/radiorevelacionfm.cl\/wp-content\/uploads\/2025\/03\/anfa-7-1-1-600x450.jpg 600w\" sizes=\"(max-width: 800px) 100vw, 800px\" \/><\/div><\/div><\/div><\/div><div class=\"flex_column av_one_full  flex_column_div av-zero-column-padding first  avia-builder-el-2  el_after_av_one_full  el_before_av_one_full  column-top-margin\" style='border-radius:0px; '><section class=\"av_textblock_section \"  itemscope=\"itemscope\" itemtype=\"https:\/\/schema.org\/BlogPosting\" itemprop=\"blogPost\" ><div class='avia_textblock  '   itemprop=\"text\" ><p style=\"text-align: center;\"><span style=\"font-size: 18pt;\"><b><span lang=\"es\">Con foco en la realizaci\u00f3n de eventos deportivos internacionales: Ministro Jaime Pizarro visita Regi\u00f3n de Ays\u00e9n<\/span><\/b><\/span><\/p>\n<div id=\"gtx-trans\" style=\"position: absolute; left: -50px; top: 4.31534px;\">\n<div class=\"gtx-trans-icon\"><\/div>\n<\/div>\n<\/div><\/section><\/div><div class=\"flex_column av_one_full  flex_column_div av-zero-column-padding first  avia-builder-el-4  el_after_av_one_full  el_before_av_hr  column-top-margin\" style='border-radius:0px; '><section class=\"av_textblock_section \"  itemscope=\"itemscope\" itemtype=\"https:\/\/schema.org\/BlogPosting\" itemprop=\"blogPost\" ><div class='avia_textblock  '   itemprop=\"text\" ><p class=\"v1MsoNormal\" style=\"text-align: justify;\" align=\"center\"><i><span lang=\"es\">En su primera visita a la zona, el secretario de Estado particip\u00f3 en diversas actividades, entre las que destaca la firma de compromiso trabajo con la ANFA Regional para espacios m\u00e1s seguros para la pr\u00e1ctica deportiva.<\/span><\/i><\/p>\n<p class=\"v1MsoNormal\" style=\"text-align: justify;\" align=\"center\"><span lang=\"es\">Una nutrida agenda tuvo el ministro del Deporte, Jaime Pizarro, durante su primera visita a la Regi\u00f3n de Ays\u00e9n, desde que asumi\u00f3 la cartera en 2023. Entre las principales actividades destacan el lanzamiento de la Titan Patagonia Race, evento de talla mundial del ciclismo de monta\u00f1a, y la firma de un compromiso de trabajo con la Asociaci\u00f3n Nacional de F\u00fatbol Amateur (ANFA) regional.<\/span><\/p>\n<p class=\"v1MsoNormal\" style=\"text-align: justify;\"><span lang=\"es\">El domingo 23, y tras su arribo a la Patagonia chilena, el secretario de Estado asisti\u00f3 a un encuentro con dirigentes de ANFA para firmar un compromiso de seguir trabajando, junto a otras instituciones, con el fin de prevenir situaciones de violencia en espacios deportivos. Asimismo, se firm\u00f3 un convenio de colaboraci\u00f3n para que las ligas menores de ANFA puedan utilizar, de manera gratuita, las canchas de pasto sint\u00e9tico que son\u00a0 administradas por el Instituto Nacional de Deportes (IND) regional.<\/span><\/p>\n<p class=\"v1MsoNormal\" style=\"text-align: justify;\"><span lang=\"es\">La agenda del d\u00eda lunes, inici\u00f3 con el saludo protocolar al delegado presidencial regional, Jorge D\u00edaz Guzm\u00e1n, donde tambi\u00e9n participaron los delegados provinciales de Ays\u00e9n, Rodrigo Moreno, la de Capit\u00e1n Prat, Marta Montiel y el de General Carrera, Crist\u00f3bal Barcel\u00f3. Posteriormente se reuni\u00f3 con el alcalde de Coyhaique, Carlos Gatica, para estudiar la posibilidad de que el municipio se haga cargo de la administraci\u00f3n del Centro de Deportes de Monta\u00f1a IND, ubicado en el sector del cerro El Fraile, a partir de esta temporada a la vez que avanza el proceso de concesi\u00f3n a largo plazo.<\/span><\/p>\n<p class=\"v1MsoNormal\" style=\"text-align: justify;\"><span lang=\"es\">En materia de eventos deportivos, la primera autoridad del deporte nacional estuvo presente en el lanzamiento de la Titan Patagonia Race, evento que congrega a los m\u00e1ximos representantes del mountain bike y que, por primera vez, se realizar\u00e1 en Chile y en la Regi\u00f3n de Ays\u00e9n en noviembre pr\u00f3ximo.<\/span><\/p>\n<p class=\"v1MsoNormal\" style=\"text-align: justify;\"><span lang=\"es\">\u00abLa posibilidad de ser anfitriones de eventos de tal envergadura viene a reforzar el compromiso que hemos adquirido por acercar el deporte de primer nivel a todas las regiones del pa\u00eds. La Regi\u00f3n de Ays\u00e9n es privilegiada y cuenta con escenarios naturales maravillosos para la realizaci\u00f3n del Titan Forest\u00bb, se\u00f1al\u00f3 el ministro Pizarro.<\/span><\/p>\n<p class=\"v1MsoNormal\" style=\"text-align: justify;\"><span lang=\"es\">Luego, comparti\u00f3 con ni\u00f1as y ni\u00f1os beneficiarios del programa Crecer en Movimiento, que,\u00a0 la direcci\u00f3n regional del IND ejecuta en espacios como el jard\u00edn infantil Arco\u00edris de Coyhaique y que a nivel regional, en 2025, beneficiar\u00e1 a m\u00e1s de 4.700 ni\u00f1os con una inversi\u00f3n cercana a los $276 millones.<\/span><\/p>\n<p class=\"v1MsoNormal\" style=\"text-align: justify;\"><span lang=\"es\">Para seguir estrechando lazos de cooperaci\u00f3n y fomentar la inclusi\u00f3n en el deporte, el ministro Pizarro fue parte de la inauguraci\u00f3n de la vitrina de trofeos del Instituto Telet\u00f3n de Coyhaique, espacio que recoge los logros de los para atletas regionales en distintas disciplinas deportivas. En esta actividad el ministro destac\u00f3 el compromiso del Gobierno de su cartera y del Presidente Boric por hacer de Chile un pa\u00eds m\u00e1s inclusivo y con m\u00e1s espacios para la pr\u00e1ctica deportiva de todas las personas.<\/span><\/p>\n<p class=\"v1MsoNormal\" style=\"text-align: justify;\"><span lang=\"es\">Finalmente, el ministro Pizarro estuvo en una activaci\u00f3n deportiva para invitar a la ciudadan\u00eda a ser parte del D\u00eda Nacional del Deporte, a trav\u00e9s de la \u00abCorrida m\u00e1s Grande de Chile\u00bb, que organiza el IND y el Ministerio del Deporte en todo Chile.<\/span><\/p>\n<p class=\"v1MsoNormal\" style=\"text-align: justify;\"><span lang=\"es\">\u00abEste 6 de abril queremos ver a todo Chile celebrar con nosotros en torno al deporte. Tendremos una gran cantidad de actividades deportivas en todo Chile, las que de forma gratuita invitan a la ciudadan\u00eda\u00a0 a sumarse a esta conmemoraci\u00f3n, y a que incorporen la actividad f\u00edsica y el movimiento en sus rutinas diarias\u00bb, manifest\u00f3 el ministro.<\/span><\/p>\n<p class=\"v1MsoNormal\" style=\"text-align: justify;\"><span lang=\"es\">La cartelera de actividades para el D\u00eda del Deporte, as\u00ed como la inscripci\u00f3n en la Corrida m\u00e1s Grande de Chile se puede encontrar en el sitio web:\u00a0<u><a href=\"http:\/\/www.diadeldeporte.cl\/\" target=\"_blank\" rel=\"noopener noreferrer\">www.diadeldeporte.cl<\/a><\/u>.<\/span><\/p>\n<p class=\"v1MsoNormal\" style=\"text-align: justify;\"><span lang=\"es\">\u00a0<\/span><\/p>\n<\/div><\/section><\/div><div  style='height:50px' class='hr hr-invisible   avia-builder-el-6  el_after_av_one_full  el_before_av_social_share '><span class='hr-inner ' ><span class='hr-inner-style'><\/span><\/span><\/div><\/p>\n<div  class='av-social-sharing-box  avia-builder-el-7  el_after_av_hr  el_before_av_hr  '><div class='av-share-box'><h5 class='av-share-link-description av-no-toc '>Compartir esta noticia<\/h5><ul class='av-share-box-list noLightbox'><li class='av-share-link av-social-link-facebook' ><a target=\"_blank\" aria-label=\"Compartir en Facebook\" href='https:\/\/www.facebook.com\/sharer.php?u=https:\/\/radiorevelacionfm.cl\/?p=51743&#038;t=Con%20foco%20en%20la%20realizaci%C3%B3n%20de%20eventos%20deportivos%20internacionales%3A%20Ministro%20Jaime%20Pizarro%20visita%20Regi%C3%B3n%20de%20Ays%C3%A9n' aria-hidden='false' data-av_icon='\ue8f3' data-av_iconfont='entypo-fontello' title='' data-avia-related-tooltip='Compartir en Facebook' rel=\"noopener\"><span class='avia_hidden_link_text'>Compartir en Facebook<\/span><\/a><\/li><li class='av-share-link av-social-link-twitter' ><a target=\"_blank\" aria-label=\"Compartir en Twitter\" href='https:\/\/twitter.com\/share?text=Con%20foco%20en%20la%20realizaci%C3%B3n%20de%20eventos%20deportivos%20internacionales%3A%20Ministro%20Jaime%20Pizarro%20visita%20Regi%C3%B3n%20de%20Ays%C3%A9n&#038;url=https:\/\/radiorevelacionfm.cl\/?p=51743' aria-hidden='false' data-av_icon='\ue8f1' data-av_iconfont='entypo-fontello' title='' data-avia-related-tooltip='Compartir en Twitter' rel=\"noopener\"><span class='avia_hidden_link_text'>Compartir en Twitter<\/span><\/a><\/li><li class='av-share-link av-social-link-whatsapp' ><a target=\"_blank\" aria-label=\"Compartir en Whatsapp\" href='https:\/\/api.whatsapp.com\/send?text=https:\/\/radiorevelacionfm.cl\/?p=51743' aria-hidden='false' data-av_icon='\uf232' data-av_iconfont='entypo-fontello' title='' data-avia-related-tooltip='Compartir en Whatsapp' rel=\"noopener\"><span class='avia_hidden_link_text'>Compartir en Whatsapp<\/span><\/a><\/li><li class='av-share-link av-social-link-linkedin' ><a target=\"_blank\" aria-label=\"Compartir en LinkedIn\" href='https:\/\/linkedin.com\/shareArticle?mini=true&#038;title=Con%20foco%20en%20la%20realizaci%C3%B3n%20de%20eventos%20deportivos%20internacionales%3A%20Ministro%20Jaime%20Pizarro%20visita%20Regi%C3%B3n%20de%20Ays%C3%A9n&#038;url=https:\/\/radiorevelacionfm.cl\/?p=51743' aria-hidden='false' data-av_icon='\ue8fc' data-av_iconfont='entypo-fontello' title='' data-avia-related-tooltip='Compartir en LinkedIn' rel=\"noopener\"><span class='avia_hidden_link_text'>Compartir en LinkedIn<\/span><\/a><\/li><li class='av-share-link av-social-link-mail' ><a  aria-label=\"Compartir por correo\" href='mailto:?subject=Con%20foco%20en%20la%20realizaci%C3%B3n%20de%20eventos%20deportivos%20internacionales%3A%20Ministro%20Jaime%20Pizarro%20visita%20Regi%C3%B3n%20de%20Ays%C3%A9n&#038;body=https:\/\/radiorevelacionfm.cl\/?p=51743' aria-hidden='false' data-av_icon='\ue805' data-av_iconfont='entypo-fontello' title='' data-avia-related-tooltip='Compartir por correo'><span class='avia_hidden_link_text'>Compartir por correo<\/span><\/a><\/li><\/ul><\/div><\/div>\n<div  style='height:50px' class='hr hr-invisible   avia-builder-el-8  el_after_av_social_share  el_before_av_comments_list '><span class='hr-inner ' ><span class='hr-inner-style'><\/span><\/span><\/div>\n<div  class='av-buildercomment  av-blog-meta-html-info-disabled av-blog-meta-tag-disabled  '><\/div>\n","protected":false},"excerpt":{"rendered":"","protected":false},"author":1,"featured_media":51744,"comment_status":"open","ping_status":"open","sticky":false,"template":"","format":"standard","meta":{"footnotes":""},"categories":[40],"tags":[],"class_list":["post-51743","post","type-post","status-publish","format-standard","has-post-thumbnail","hentry","category-deportes"],"jetpack_featured_media_url":"https:\/\/radiorevelacionfm.cl\/wp-content\/uploads\/2025\/03\/anfa-7-1-1.jpg","_links":{"self":[{"href":"https:\/\/radiorevelacionfm.cl\/index.php?rest_route=\/wp\/v2\/posts\/51743","targetHints":{"allow":["GET"]}}],"collection":[{"href":"https:\/\/radiorevelacionfm.cl\/index.php?rest_route=\/wp\/v2\/posts"}],"about":[{"href":"https:\/\/radiorevelacionfm.cl\/index.php?rest_route=\/wp\/v2\/types\/post"}],"author":[{"embeddable":true,"href":"https:\/\/radiorevelacionfm.cl\/index.php?rest_route=\/wp\/v2\/users\/1"}],"replies":[{"embeddable":true,"href":"https:\/\/radiorevelacionfm.cl\/index.php?rest_route=%2Fwp%2Fv2%2Fcomments&post=51743"}],"version-history":[{"count":1,"href":"https:\/\/radiorevelacionfm.cl\/index.php?rest_route=\/wp\/v2\/posts\/51743\/revisions"}],"predecessor-version":[{"id":51745,"href":"https:\/\/radiorevelacionfm.cl\/index.php?rest_route=\/wp\/v2\/posts\/51743\/revisions\/51745"}],"wp:featuredmedia":[{"embeddable":true,"href":"https:\/\/radiorevelacionfm.cl\/index.php?rest_route=\/wp\/v2\/media\/51744"}],"wp:attachment":[{"href":"https:\/\/radiorevelacionfm.cl\/index.php?rest_route=%2Fwp%2Fv2%2Fmedia&parent=51743"}],"wp:term":[{"taxonomy":"category","embeddable":true,"href":"https:\/\/radiorevelacionfm.cl\/index.php?rest_route=%2Fwp%2Fv2%2Fcategories&post=51743"},{"taxonomy":"post_tag","embeddable":true,"href":"https:\/\/radiorevelacionfm.cl\/index.php?rest_route=%2Fwp%2Fv2%2Ftags&post=51743"}],"curies":[{"name":"wp","href":"https:\/\/api.w.org\/{rel}","templated":true}]}}