{"id":51740,"date":"2025-03-24T18:38:17","date_gmt":"2025-03-24T21:38:17","guid":{"rendered":"https:\/\/radiorevelacionfm.cl\/?p=51740"},"modified":"2025-03-24T18:38:17","modified_gmt":"2025-03-24T21:38:17","slug":"sos-tenible-busca-dar-valor-al-territorio-con-inversion-nacional-y-extranjera-garantizando-desarrollo-integral","status":"publish","type":"post","link":"https:\/\/radiorevelacionfm.cl\/?p=51740","title":{"rendered":"Sos-tenible busca dar valor al territorio con inversi\u00f3n nacional y extranjera garantizando desarrollo integral"},"content":{"rendered":"<div class=\"flex_column av_one_full  flex_column_div av-zero-column-padding first  avia-builder-el-0  el_before_av_one_full  avia-builder-el-first  \" style='border-radius:0px; '><div  class='avia-image-container  av-styling-    avia-builder-el-1  avia-builder-el-no-sibling  avia-align-center '  itemprop=\"image\" itemscope=\"itemscope\" itemtype=\"https:\/\/schema.org\/ImageObject\"  ><div class='avia-image-container-inner'><div class='avia-image-overlay-wrap'><img decoding=\"async\" class='wp-image-51741 avia-img-lazy-loading-not-51741 avia_image' src=\"https:\/\/radiorevelacionfm.cl\/wp-content\/uploads\/2025\/03\/SOTENIBLE-MARZO-3-1-1.jpeg\" alt='' title='SOTENIBLE MARZO 3 (1) (1)' height=\"600\" width=\"800\"  itemprop=\"thumbnailUrl\" srcset=\"https:\/\/radiorevelacionfm.cl\/wp-content\/uploads\/2025\/03\/SOTENIBLE-MARZO-3-1-1.jpeg 800w, https:\/\/radiorevelacionfm.cl\/wp-content\/uploads\/2025\/03\/SOTENIBLE-MARZO-3-1-1-300x225.jpeg 300w, https:\/\/radiorevelacionfm.cl\/wp-content\/uploads\/2025\/03\/SOTENIBLE-MARZO-3-1-1-768x576.jpeg 768w, https:\/\/radiorevelacionfm.cl\/wp-content\/uploads\/2025\/03\/SOTENIBLE-MARZO-3-1-1-705x529.jpeg 705w, https:\/\/radiorevelacionfm.cl\/wp-content\/uploads\/2025\/03\/SOTENIBLE-MARZO-3-1-1-450x338.jpeg 450w, https:\/\/radiorevelacionfm.cl\/wp-content\/uploads\/2025\/03\/SOTENIBLE-MARZO-3-1-1-600x450.jpeg 600w\" sizes=\"(max-width: 800px) 100vw, 800px\" \/><\/div><\/div><\/div><\/div><div class=\"flex_column av_one_full  flex_column_div av-zero-column-padding first  avia-builder-el-2  el_after_av_one_full  el_before_av_one_full  column-top-margin\" style='border-radius:0px; '><section class=\"av_textblock_section \"  itemscope=\"itemscope\" itemtype=\"https:\/\/schema.org\/BlogPosting\" itemprop=\"blogPost\" ><div class='avia_textblock  '   itemprop=\"text\" ><p style=\"text-align: center;\"><strong><span style=\"font-size: 18pt;\">Sos-tenible busca dar valor al territorio con inversi\u00f3n nacional y extranjera garantizando desarrollo integral<\/span><\/strong><\/p>\n<div id=\"gtx-trans\" style=\"position: absolute; left: -50px; top: 4.31534px;\">\n<div class=\"gtx-trans-icon\"><\/div>\n<\/div>\n<\/div><\/section><\/div><div class=\"flex_column av_one_full  flex_column_div av-zero-column-padding first  avia-builder-el-4  el_after_av_one_full  el_before_av_hr  column-top-margin\" style='border-radius:0px; '><section class=\"av_textblock_section \"  itemscope=\"itemscope\" itemtype=\"https:\/\/schema.org\/BlogPosting\" itemprop=\"blogPost\" ><div class='avia_textblock  '   itemprop=\"text\" ><p style=\"text-align: justify;\">Toda la zona sur de nuestro pa\u00eds y particularmente la regi\u00f3n de Ays\u00e9n, posee un atractivo natural \u00fanico en el mundo, zona ideal para el turismo y el descanso en medio de parajes llenos de r\u00edos, lagos, cascadas, senderos y lugares que atraen la inversi\u00f3n nacional e internacional.<\/p>\n<p style=\"text-align: justify;\">Pero tambi\u00e9n es muy importante que esta inversi\u00f3n sea sustentable y garantice el desarrollo integral del territorio.<\/p>\n<p style=\"text-align: justify;\">Con el fin de asesorar una inversi\u00f3n que cumpla estas caracter\u00edsticas nace \u201cSos-tenible\u201d Sostenible, \u201cm\u00e1s que propiedades, un compromiso con el futuro\u201d.\u00a0 Uno de los profesionales que lidera esta empresa es, Nelson Opazo.<\/p>\n<p style=\"text-align: justify;\">\u201cEstamos poniendo a disposici\u00f3n de nuestra regi\u00f3n y parte del sur de Chile, una propuesta que va en la l\u00ednea de poder entregar una asesor\u00eda integral en lo que significa la inversi\u00f3n privada. Para esos efectos un gran equipo humano que lo componen 15 profesionales, trabajamos en funci\u00f3n de poder apoyar a inversionistas, apoyar tambi\u00e9n a la gente que requiera nuestro servicio en los m\u00e1s diversos \u00e1mbitos desde la parte jur\u00eddica hasta la parte de ingenier\u00eda y obviamente en alianza con actores importantes a nivel nacional, buscamos posibilitar inversi\u00f3n privada en el territorio\u201d.<\/p>\n<p style=\"text-align: justify;\">Opazo, enfatiz\u00f3 que la iniciativa busca promover la inversi\u00f3n privada, pero que esta tambi\u00e9n genere impacto en las localidades, considerando como eje fundamental la sostenibilidad.<\/p>\n<p style=\"text-align: justify;\">\u201cInvitamos muy cordialmente a la comunidad regional poder conocer lo que es el emprendimiento que se llama Sos \u2013 tenible, Sostenible, porque b\u00e1sicamente incorpora un elemento que es central y que dice relaci\u00f3n con mover inversi\u00f3n privada, pero no cualquier inversi\u00f3n. Una inversi\u00f3n que busque generar impacto en las localidades, generar impacto en los lugares donde se posibilite que ese impacto sea desde el punto de vista econ\u00f3mico, desde el punto de vista social y desde el punto de vista productivo y que obviamente considere la sostenibilidad como eje fundamental, entendiendo que el planeta que nos cobija es uno solo y tenemos que cuidarlo y para esos efectos obviamente buscamos generar inversi\u00f3n limpia, pero a la vez, reconocer y evidenciar el gigantesco potencial que tiene nuestra regi\u00f3n y el sur de Chile para efectos de desarrollar actividad econ\u00f3mica\u201d.<\/p>\n<p style=\"text-align: justify;\">Sos \u2013 tenible, tambi\u00e9n dispone de profesionales para asesorar y colaborar a las empresas, emprendedores o personas naturales que hayan presentado inconvenientes en su desarrollo econ\u00f3mico o la actividad en la que han invertido. Tal como lo destaca Nelson Opazo.<\/p>\n<p style=\"text-align: justify;\">\u201cSOS quiere decir que nosotros tambi\u00e9n tenemos asesor\u00eda de alto nivel para personas que tengan dificultad desde el punto de vista de su desarrollo econ\u00f3mico, su actividad econ\u00f3mica, porque existe especializaci\u00f3n en lo que significa la ley de quiebras. En eso tambi\u00e9n abordamos esta l\u00ednea de trabajo, donde dos profesionales altamente capacitados, uno del \u00e1rea jur\u00eddica y otro del \u00e1rea contable y tributaria, pueden prestar la mejor asesor\u00eda para el emprendedor, el empresario o la persona natural que haya tenido inconvenientes desde el punto de vista econ\u00f3mico\u201d.<\/p>\n<p style=\"text-align: justify;\">Ante cualquier duda, saber m\u00e1s de nosotros, de nuestros servicios y oportunidades, pueden ingresar a nuestra p\u00e1gina web <a href=\"http:\/\/www.sos-tenible.cl\">www.sos-tenible.cl<\/a> o en nuestras redes sociales.<\/p>\n<\/div><\/section><\/div><div  style='height:50px' class='hr hr-invisible   avia-builder-el-6  el_after_av_one_full  el_before_av_social_share '><span class='hr-inner ' ><span class='hr-inner-style'><\/span><\/span><\/div><\/p>\n<div  class='av-social-sharing-box  avia-builder-el-7  el_after_av_hr  el_before_av_hr  '><div class='av-share-box'><h5 class='av-share-link-description av-no-toc '>Compartir esta noticia<\/h5><ul class='av-share-box-list noLightbox'><li class='av-share-link av-social-link-facebook' ><a target=\"_blank\" aria-label=\"Compartir en Facebook\" href='https:\/\/www.facebook.com\/sharer.php?u=https:\/\/radiorevelacionfm.cl\/?p=51740&#038;t=Sos-tenible%20busca%20dar%20valor%20al%20territorio%20con%20inversi%C3%B3n%20nacional%20y%20extranjera%20garantizando%20desarrollo%20integral' aria-hidden='false' data-av_icon='\ue8f3' data-av_iconfont='entypo-fontello' title='' data-avia-related-tooltip='Compartir en Facebook' rel=\"noopener\"><span class='avia_hidden_link_text'>Compartir en Facebook<\/span><\/a><\/li><li class='av-share-link av-social-link-twitter' ><a target=\"_blank\" aria-label=\"Compartir en Twitter\" href='https:\/\/twitter.com\/share?text=Sos-tenible%20busca%20dar%20valor%20al%20territorio%20con%20inversi%C3%B3n%20nacional%20y%20extranjera%20garantizando%20desarrollo%20integral&#038;url=https:\/\/radiorevelacionfm.cl\/?p=51740' aria-hidden='false' data-av_icon='\ue8f1' data-av_iconfont='entypo-fontello' title='' data-avia-related-tooltip='Compartir en Twitter' rel=\"noopener\"><span class='avia_hidden_link_text'>Compartir en Twitter<\/span><\/a><\/li><li class='av-share-link av-social-link-whatsapp' ><a target=\"_blank\" aria-label=\"Compartir en Whatsapp\" href='https:\/\/api.whatsapp.com\/send?text=https:\/\/radiorevelacionfm.cl\/?p=51740' aria-hidden='false' data-av_icon='\uf232' data-av_iconfont='entypo-fontello' title='' data-avia-related-tooltip='Compartir en Whatsapp' rel=\"noopener\"><span class='avia_hidden_link_text'>Compartir en Whatsapp<\/span><\/a><\/li><li class='av-share-link av-social-link-linkedin' ><a target=\"_blank\" aria-label=\"Compartir en LinkedIn\" href='https:\/\/linkedin.com\/shareArticle?mini=true&#038;title=Sos-tenible%20busca%20dar%20valor%20al%20territorio%20con%20inversi%C3%B3n%20nacional%20y%20extranjera%20garantizando%20desarrollo%20integral&#038;url=https:\/\/radiorevelacionfm.cl\/?p=51740' aria-hidden='false' data-av_icon='\ue8fc' data-av_iconfont='entypo-fontello' title='' data-avia-related-tooltip='Compartir en LinkedIn' rel=\"noopener\"><span class='avia_hidden_link_text'>Compartir en LinkedIn<\/span><\/a><\/li><li class='av-share-link av-social-link-mail' ><a  aria-label=\"Compartir por correo\" href='mailto:?subject=Sos-tenible%20busca%20dar%20valor%20al%20territorio%20con%20inversi%C3%B3n%20nacional%20y%20extranjera%20garantizando%20desarrollo%20integral&#038;body=https:\/\/radiorevelacionfm.cl\/?p=51740' aria-hidden='false' data-av_icon='\ue805' data-av_iconfont='entypo-fontello' title='' data-avia-related-tooltip='Compartir por correo'><span class='avia_hidden_link_text'>Compartir por correo<\/span><\/a><\/li><\/ul><\/div><\/div>\n<div  style='height:50px' class='hr hr-invisible   avia-builder-el-8  el_after_av_social_share  el_before_av_comments_list '><span class='hr-inner ' ><span class='hr-inner-style'><\/span><\/span><\/div>\n<div  class='av-buildercomment  av-blog-meta-html-info-disabled av-blog-meta-tag-disabled  '><\/div>\n","protected":false},"excerpt":{"rendered":"","protected":false},"author":1,"featured_media":51741,"comment_status":"open","ping_status":"open","sticky":false,"template":"","format":"standard","meta":{"footnotes":""},"categories":[38],"tags":[],"class_list":["post-51740","post","type-post","status-publish","format-standard","has-post-thumbnail","hentry","category-regional"],"jetpack_featured_media_url":"https:\/\/radiorevelacionfm.cl\/wp-content\/uploads\/2025\/03\/SOTENIBLE-MARZO-3-1-1.jpeg","_links":{"self":[{"href":"https:\/\/radiorevelacionfm.cl\/index.php?rest_route=\/wp\/v2\/posts\/51740","targetHints":{"allow":["GET"]}}],"collection":[{"href":"https:\/\/radiorevelacionfm.cl\/index.php?rest_route=\/wp\/v2\/posts"}],"about":[{"href":"https:\/\/radiorevelacionfm.cl\/index.php?rest_route=\/wp\/v2\/types\/post"}],"author":[{"embeddable":true,"href":"https:\/\/radiorevelacionfm.cl\/index.php?rest_route=\/wp\/v2\/users\/1"}],"replies":[{"embeddable":true,"href":"https:\/\/radiorevelacionfm.cl\/index.php?rest_route=%2Fwp%2Fv2%2Fcomments&post=51740"}],"version-history":[{"count":1,"href":"https:\/\/radiorevelacionfm.cl\/index.php?rest_route=\/wp\/v2\/posts\/51740\/revisions"}],"predecessor-version":[{"id":51742,"href":"https:\/\/radiorevelacionfm.cl\/index.php?rest_route=\/wp\/v2\/posts\/51740\/revisions\/51742"}],"wp:featuredmedia":[{"embeddable":true,"href":"https:\/\/radiorevelacionfm.cl\/index.php?rest_route=\/wp\/v2\/media\/51741"}],"wp:attachment":[{"href":"https:\/\/radiorevelacionfm.cl\/index.php?rest_route=%2Fwp%2Fv2%2Fmedia&parent=51740"}],"wp:term":[{"taxonomy":"category","embeddable":true,"href":"https:\/\/radiorevelacionfm.cl\/index.php?rest_route=%2Fwp%2Fv2%2Fcategories&post=51740"},{"taxonomy":"post_tag","embeddable":true,"href":"https:\/\/radiorevelacionfm.cl\/index.php?rest_route=%2Fwp%2Fv2%2Ftags&post=51740"}],"curies":[{"name":"wp","href":"https:\/\/api.w.org\/{rel}","templated":true}]}}