{"id":51737,"date":"2025-03-25T09:54:41","date_gmt":"2025-03-25T12:54:41","guid":{"rendered":"https:\/\/radiorevelacionfm.cl\/?p=51737"},"modified":"2025-03-25T09:54:41","modified_gmt":"2025-03-25T12:54:41","slug":"refuerzan-coordinacion-interregional-para-prevenir-y-fiscalizar-previo-a-semana-santa","status":"publish","type":"post","link":"https:\/\/radiorevelacionfm.cl\/?p=51737","title":{"rendered":"Refuerzan coordinaci\u00f3n interregional para prevenir y fiscalizar previo a Semana Santa"},"content":{"rendered":"<div class=\"flex_column av_one_full  flex_column_div av-zero-column-padding first  avia-builder-el-0  el_before_av_one_full  avia-builder-el-first  \" style='border-radius:0px; '><div  class='avia-image-container  av-styling-    avia-builder-el-1  avia-builder-el-no-sibling  avia-align-center '  itemprop=\"image\" itemscope=\"itemscope\" itemtype=\"https:\/\/schema.org\/ImageObject\"  ><div class='avia-image-container-inner'><div class='avia-image-overlay-wrap'><img decoding=\"async\" class='wp-image-51738 avia-img-lazy-loading-not-51738 avia_image' src=\"https:\/\/radiorevelacionfm.cl\/wp-content\/uploads\/2025\/03\/mariscos1-1-1_optimized-1.jpg\" alt='' title='mariscos1-(1)-(1)_optimized (1)' height=\"800\" width=\"800\"  itemprop=\"thumbnailUrl\" srcset=\"https:\/\/radiorevelacionfm.cl\/wp-content\/uploads\/2025\/03\/mariscos1-1-1_optimized-1.jpg 800w, https:\/\/radiorevelacionfm.cl\/wp-content\/uploads\/2025\/03\/mariscos1-1-1_optimized-1-300x300.jpg 300w, https:\/\/radiorevelacionfm.cl\/wp-content\/uploads\/2025\/03\/mariscos1-1-1_optimized-1-80x80.jpg 80w, https:\/\/radiorevelacionfm.cl\/wp-content\/uploads\/2025\/03\/mariscos1-1-1_optimized-1-768x768.jpg 768w, https:\/\/radiorevelacionfm.cl\/wp-content\/uploads\/2025\/03\/mariscos1-1-1_optimized-1-36x36.jpg 36w, https:\/\/radiorevelacionfm.cl\/wp-content\/uploads\/2025\/03\/mariscos1-1-1_optimized-1-180x180.jpg 180w, https:\/\/radiorevelacionfm.cl\/wp-content\/uploads\/2025\/03\/mariscos1-1-1_optimized-1-705x705.jpg 705w, https:\/\/radiorevelacionfm.cl\/wp-content\/uploads\/2025\/03\/mariscos1-1-1_optimized-1-120x120.jpg 120w, https:\/\/radiorevelacionfm.cl\/wp-content\/uploads\/2025\/03\/mariscos1-1-1_optimized-1-450x450.jpg 450w, https:\/\/radiorevelacionfm.cl\/wp-content\/uploads\/2025\/03\/mariscos1-1-1_optimized-1-600x600.jpg 600w, https:\/\/radiorevelacionfm.cl\/wp-content\/uploads\/2025\/03\/mariscos1-1-1_optimized-1-100x100.jpg 100w\" sizes=\"(max-width: 800px) 100vw, 800px\" \/><\/div><\/div><\/div><\/div><div class=\"flex_column av_one_full  flex_column_div av-zero-column-padding first  avia-builder-el-2  el_after_av_one_full  el_before_av_one_full  column-top-margin\" style='border-radius:0px; '><section class=\"av_textblock_section \"  itemscope=\"itemscope\" itemtype=\"https:\/\/schema.org\/BlogPosting\" itemprop=\"blogPost\" ><div class='avia_textblock  '   itemprop=\"text\" ><p style=\"text-align: center;\"><strong><span style=\"font-size: 18pt;\">Refuerzan coordinaci\u00f3n interregional para prevenir y fiscalizar previo a Semana Santa <\/span><\/strong><\/p>\n<div id=\"gtx-trans\" style=\"position: absolute; left: -50px; top: 4.31534px;\">\n<div class=\"gtx-trans-icon\"><\/div>\n<\/div>\n<\/div><\/section><\/div><div class=\"flex_column av_one_full  flex_column_div av-zero-column-padding first  avia-builder-el-4  el_after_av_one_full  el_before_av_hr  column-top-margin\" style='border-radius:0px; '><section class=\"av_textblock_section \"  itemscope=\"itemscope\" itemtype=\"https:\/\/schema.org\/BlogPosting\" itemprop=\"blogPost\" ><div class='avia_textblock  '   itemprop=\"text\" ><p style=\"font-weight: 400; text-align: justify;\">En la ma\u00f1ana de este lunes, la Delegada Presidencial Regional de Los Lagos, Paulina Mu\u00f1oz, lider\u00f3 una reuni\u00f3n intersectorial, en conjunto con los Delegados Presidenciales Regionales de Los R\u00edos y Ays\u00e9n, con el fin de coordinar distintas acciones de fiscalizaci\u00f3n que permitan combatir la pesca ilegal y controlar el transporte de recursos marinos en el periodo previo a Semana Santa.<\/p>\n<p style=\"font-weight: 400; text-align: justify;\">En la instancia, en la cual participaron Seremi de Salud, Sernapesca, Carabineros de Chile, Armada de Chile, Fiscal\u00eda, Subsecretar\u00eda de Prevenci\u00f3n del Delito y Servicio de Impuestos Internos, se acord\u00f3 trabajar en un plan coordinado que abarca prevenci\u00f3n, fiscalizaci\u00f3n y mejora de la comunicaci\u00f3n interinstitucional, con \u00e9nfasis en la colaboraci\u00f3n entre las tres regiones para detectar la extracci\u00f3n ilegal de recursos, adem\u00e1s de los desaf\u00edos log\u00edsticos y legales relacionados con el decomiso y disposici\u00f3n de productos ilegales.<\/p>\n<p style=\"font-weight: 400; text-align: justify;\">Al respecto, la Delegada Paulina Mu\u00f1oz agradeci\u00f3 la participaci\u00f3n de instituciones de las tres regiones y asegur\u00f3 que \u201ccomo Gobierno de Chile sabemos que se acerca Semana Santa y muchas de las familias de nuestra regi\u00f3n de Los Lagos consumen y compran mariscos y pescados. Es por eso que el d\u00eda de hoy llevamos a cabo una reuni\u00f3n macrozonal, donde estuvimos con distintas instituciones de la regi\u00f3n de Los R\u00edos, Ays\u00e9n y tambi\u00e9n de la regi\u00f3n de Los Lagos, para poder fortalecer la prevenci\u00f3n, fiscalizaci\u00f3n y control que desarrollaremos durante este periodo\u201d.<\/p>\n<p style=\"font-weight: 400; text-align: justify;\">En tanto, la Seremi de Salud, Karin Sol\u00eds, destac\u00f3 el trabajo desplegado junto a otras instituciones p\u00fablicas para reforzar el control durante el periodo previo a Semana Santa.<\/p>\n<p style=\"font-weight: 400; text-align: justify;\">\u00abDurante este plan de Semana Santa, nuestro Ministerio de Salud doblega y refuerza las fiscalizaciones con todo nuestro trabajo desde el punto de desembarque donde hacemos muestreo exhaustivo y donde el a\u00f1o pasado aumentamos el muestreo en m\u00e1s de 26% y este a\u00f1o esperamos aumentar ese muestreo y tambi\u00e9n en la fiscalizaci\u00f3n en todo un despliegue tanto de nuestros laboratorios en toda la regi\u00f3n y de nuestros fiscalizadores para el transporte de estos productos y para que tambi\u00e9n en las disposiciones finales est\u00e9n con una inocuidad alimentaria correspondiente resguardando siempre la salud de la poblaci\u00f3n\u00bb, asegur\u00f3 la titular regional de Salud.<\/p>\n<p style=\"font-weight: 400; text-align: justify;\">Mientras que el director (s) de Sernapesca, Branny Montecinos, dijo que para este periodo de Semana Santa \u201cvamos a seguir reforzando las actividades de fiscalizaci\u00f3n a trav\u00e9s de nuestros socios estrat\u00e9gicos tambi\u00e9n, que son la Red Sustenta. Estamos en distintos puntos de la regi\u00f3n y tambi\u00e9n coordinados con las distintas regiones vecinas que tambi\u00e9n colaboran en esta fiscalizaci\u00f3n permanente, tanto en puntos de extracci\u00f3n, tambi\u00e9n en desembarques, como en puntos de transporte y comercializaci\u00f3n. Vamos a seguir en esta tarea y queremos hacer un llamado a la ciudadan\u00eda a comprar en lugares autorizados y con su documentaci\u00f3n correspondiente, tanto del punto de vista sanitario como de origen legal\u00bb.<\/p>\n<p style=\"font-weight: 400; text-align: justify;\">En relaci\u00f3n a esta coordinaci\u00f3n tambi\u00e9n se refirieron los directores regionales de Sernapesca de Los R\u00edos y Ays\u00e9n. Desde Valdivia, Rafael Hern\u00e1ndez se\u00f1al\u00f3 que \u201cgracias a la coordinaci\u00f3n con las otras regiones, hemos podido sacar de circulaci\u00f3n m\u00e1s de 4 toneladas de merluza austral de origen ilegal proveniente de Calbuco y Puerto Montt durante la \u00faltima semana. Es importante trabajar junto a los equipos de las otras regiones y tambi\u00e9n contar con el apoyo de la Red Sustenta para poder frenar estos il\u00edcitos que generan un gran da\u00f1o al sector pesquero artesanal que opera legalmente\u00bb.<\/p>\n<p style=\"font-weight: 400; text-align: justify;\">Por \u00faltimo, Daniela Leiva asegur\u00f3 que \u201cpor nuestra parte, como Sernapesca en la regi\u00f3n de Ays\u00e9n destacamos la importancia de estar coordinados con otras regiones y la Armada para detectar a los infractores en zona de pesca. En este sentido hemos identificado a embarcaciones de la regi\u00f3n de Los Lagos cometiendo faltas como la extracci\u00f3n ilegal de mariscos en zonas cerradas, pero tambi\u00e9n extracci\u00f3n de merluza. Finalmente me gustar\u00eda agregar que toda infracci\u00f3n ser\u00e1 denunciada ante tribunales competentes, solicitando que se aplique sanciones ejemplificadoras\u00bb.<\/p>\n<\/div><\/section><\/div><div  style='height:50px' class='hr hr-invisible   avia-builder-el-6  el_after_av_one_full  el_before_av_social_share '><span class='hr-inner ' ><span class='hr-inner-style'><\/span><\/span><\/div><\/p>\n<div  class='av-social-sharing-box  avia-builder-el-7  el_after_av_hr  el_before_av_hr  '><div class='av-share-box'><h5 class='av-share-link-description av-no-toc '>Compartir esta noticia<\/h5><ul class='av-share-box-list noLightbox'><li class='av-share-link av-social-link-facebook' ><a target=\"_blank\" aria-label=\"Compartir en Facebook\" href='https:\/\/www.facebook.com\/sharer.php?u=https:\/\/radiorevelacionfm.cl\/?p=51737&#038;t=Refuerzan%20coordinaci%C3%B3n%20interregional%20para%20prevenir%20y%20fiscalizar%20previo%20a%20Semana%20Santa' aria-hidden='false' data-av_icon='\ue8f3' data-av_iconfont='entypo-fontello' title='' data-avia-related-tooltip='Compartir en Facebook' rel=\"noopener\"><span class='avia_hidden_link_text'>Compartir en Facebook<\/span><\/a><\/li><li class='av-share-link av-social-link-twitter' ><a target=\"_blank\" aria-label=\"Compartir en Twitter\" href='https:\/\/twitter.com\/share?text=Refuerzan%20coordinaci%C3%B3n%20interregional%20para%20prevenir%20y%20fiscalizar%20previo%20a%20Semana%20Santa&#038;url=https:\/\/radiorevelacionfm.cl\/?p=51737' aria-hidden='false' data-av_icon='\ue8f1' data-av_iconfont='entypo-fontello' title='' data-avia-related-tooltip='Compartir en Twitter' rel=\"noopener\"><span class='avia_hidden_link_text'>Compartir en Twitter<\/span><\/a><\/li><li class='av-share-link av-social-link-whatsapp' ><a target=\"_blank\" aria-label=\"Compartir en Whatsapp\" href='https:\/\/api.whatsapp.com\/send?text=https:\/\/radiorevelacionfm.cl\/?p=51737' aria-hidden='false' data-av_icon='\uf232' data-av_iconfont='entypo-fontello' title='' data-avia-related-tooltip='Compartir en Whatsapp' rel=\"noopener\"><span class='avia_hidden_link_text'>Compartir en Whatsapp<\/span><\/a><\/li><li class='av-share-link av-social-link-linkedin' ><a target=\"_blank\" aria-label=\"Compartir en LinkedIn\" href='https:\/\/linkedin.com\/shareArticle?mini=true&#038;title=Refuerzan%20coordinaci%C3%B3n%20interregional%20para%20prevenir%20y%20fiscalizar%20previo%20a%20Semana%20Santa&#038;url=https:\/\/radiorevelacionfm.cl\/?p=51737' aria-hidden='false' data-av_icon='\ue8fc' data-av_iconfont='entypo-fontello' title='' data-avia-related-tooltip='Compartir en LinkedIn' rel=\"noopener\"><span class='avia_hidden_link_text'>Compartir en LinkedIn<\/span><\/a><\/li><li class='av-share-link av-social-link-mail' ><a  aria-label=\"Compartir por correo\" href='mailto:?subject=Refuerzan%20coordinaci%C3%B3n%20interregional%20para%20prevenir%20y%20fiscalizar%20previo%20a%20Semana%20Santa&#038;body=https:\/\/radiorevelacionfm.cl\/?p=51737' aria-hidden='false' data-av_icon='\ue805' data-av_iconfont='entypo-fontello' title='' data-avia-related-tooltip='Compartir por correo'><span class='avia_hidden_link_text'>Compartir por correo<\/span><\/a><\/li><\/ul><\/div><\/div>\n<div  style='height:50px' class='hr hr-invisible   avia-builder-el-8  el_after_av_social_share  el_before_av_comments_list '><span class='hr-inner ' ><span class='hr-inner-style'><\/span><\/span><\/div>\n<div  class='av-buildercomment  av-blog-meta-html-info-disabled av-blog-meta-tag-disabled  '><\/div>\n","protected":false},"excerpt":{"rendered":"","protected":false},"author":1,"featured_media":51738,"comment_status":"open","ping_status":"open","sticky":false,"template":"","format":"standard","meta":{"footnotes":""},"categories":[60],"tags":[],"class_list":["post-51737","post","type-post","status-publish","format-standard","has-post-thumbnail","hentry","category-pesca"],"jetpack_featured_media_url":"https:\/\/radiorevelacionfm.cl\/wp-content\/uploads\/2025\/03\/mariscos1-1-1_optimized-1.jpg","_links":{"self":[{"href":"https:\/\/radiorevelacionfm.cl\/index.php?rest_route=\/wp\/v2\/posts\/51737","targetHints":{"allow":["GET"]}}],"collection":[{"href":"https:\/\/radiorevelacionfm.cl\/index.php?rest_route=\/wp\/v2\/posts"}],"about":[{"href":"https:\/\/radiorevelacionfm.cl\/index.php?rest_route=\/wp\/v2\/types\/post"}],"author":[{"embeddable":true,"href":"https:\/\/radiorevelacionfm.cl\/index.php?rest_route=\/wp\/v2\/users\/1"}],"replies":[{"embeddable":true,"href":"https:\/\/radiorevelacionfm.cl\/index.php?rest_route=%2Fwp%2Fv2%2Fcomments&post=51737"}],"version-history":[{"count":1,"href":"https:\/\/radiorevelacionfm.cl\/index.php?rest_route=\/wp\/v2\/posts\/51737\/revisions"}],"predecessor-version":[{"id":51739,"href":"https:\/\/radiorevelacionfm.cl\/index.php?rest_route=\/wp\/v2\/posts\/51737\/revisions\/51739"}],"wp:featuredmedia":[{"embeddable":true,"href":"https:\/\/radiorevelacionfm.cl\/index.php?rest_route=\/wp\/v2\/media\/51738"}],"wp:attachment":[{"href":"https:\/\/radiorevelacionfm.cl\/index.php?rest_route=%2Fwp%2Fv2%2Fmedia&parent=51737"}],"wp:term":[{"taxonomy":"category","embeddable":true,"href":"https:\/\/radiorevelacionfm.cl\/index.php?rest_route=%2Fwp%2Fv2%2Fcategories&post=51737"},{"taxonomy":"post_tag","embeddable":true,"href":"https:\/\/radiorevelacionfm.cl\/index.php?rest_route=%2Fwp%2Fv2%2Ftags&post=51737"}],"curies":[{"name":"wp","href":"https:\/\/api.w.org\/{rel}","templated":true}]}}