{"id":51733,"date":"2025-03-24T17:38:13","date_gmt":"2025-03-24T20:38:13","guid":{"rendered":"https:\/\/radiorevelacionfm.cl\/?p=51733"},"modified":"2025-03-24T17:38:13","modified_gmt":"2025-03-24T20:38:13","slug":"aumento-historico-gobierno-anuncia-mas-beneficiarios-y-fecha-para-entrega-del-subsidio-de-calefacccion-2025","status":"publish","type":"post","link":"https:\/\/radiorevelacionfm.cl\/?p=51733","title":{"rendered":"Aumento hist\u00f3rico: Gobierno anuncia m\u00e1s beneficiarios y fecha para entrega del Subsidio de Calefaccci\u00f3n 2025"},"content":{"rendered":"<div class=\"flex_column av_one_full  flex_column_div av-zero-column-padding first  avia-builder-el-0  el_before_av_one_full  avia-builder-el-first  \" style='border-radius:0px; '><div  class='avia-image-container  av-styling-    avia-builder-el-1  avia-builder-el-no-sibling  avia-align-center '  itemprop=\"image\" itemscope=\"itemscope\" itemtype=\"https:\/\/schema.org\/ImageObject\"  ><div class='avia-image-container-inner'><div class='avia-image-overlay-wrap'><img decoding=\"async\" class='wp-image-51734 avia-img-lazy-loading-not-51734 avia_image' src=\"https:\/\/radiorevelacionfm.cl\/wp-content\/uploads\/2025\/03\/calefaccion1-2-1_optimized-1.jpeg\" alt='' title='calefaccion1-(2)-(1)_optimized (1)' height=\"600\" width=\"800\"  itemprop=\"thumbnailUrl\" srcset=\"https:\/\/radiorevelacionfm.cl\/wp-content\/uploads\/2025\/03\/calefaccion1-2-1_optimized-1.jpeg 800w, https:\/\/radiorevelacionfm.cl\/wp-content\/uploads\/2025\/03\/calefaccion1-2-1_optimized-1-300x225.jpeg 300w, https:\/\/radiorevelacionfm.cl\/wp-content\/uploads\/2025\/03\/calefaccion1-2-1_optimized-1-768x576.jpeg 768w, https:\/\/radiorevelacionfm.cl\/wp-content\/uploads\/2025\/03\/calefaccion1-2-1_optimized-1-705x529.jpeg 705w, https:\/\/radiorevelacionfm.cl\/wp-content\/uploads\/2025\/03\/calefaccion1-2-1_optimized-1-450x338.jpeg 450w, https:\/\/radiorevelacionfm.cl\/wp-content\/uploads\/2025\/03\/calefaccion1-2-1_optimized-1-600x450.jpeg 600w\" sizes=\"(max-width: 800px) 100vw, 800px\" \/><\/div><\/div><\/div><\/div><div class=\"flex_column av_one_full  flex_column_div av-zero-column-padding first  avia-builder-el-2  el_after_av_one_full  el_before_av_one_full  column-top-margin\" style='border-radius:0px; '><section class=\"av_textblock_section \"  itemscope=\"itemscope\" itemtype=\"https:\/\/schema.org\/BlogPosting\" itemprop=\"blogPost\" ><div class='avia_textblock  '   itemprop=\"text\" ><p style=\"text-align: center;\"><strong><span style=\"font-size: 18pt;\">Aumento hist\u00f3rico: Gobierno anuncia m\u00e1s beneficiarios y fecha para entrega del Subsidio de Calefaccci\u00f3n 2025<\/span><\/strong><\/p>\n<div id=\"gtx-trans\" style=\"position: absolute; left: -50px; top: 4.31534px;\">\n<div class=\"gtx-trans-icon\"><\/div>\n<\/div>\n<\/div><\/section><\/div><div class=\"flex_column av_one_full  flex_column_div av-zero-column-padding first  avia-builder-el-4  el_after_av_one_full  el_before_av_hr  column-top-margin\" style='border-radius:0px; '><section class=\"av_textblock_section \"  itemscope=\"itemscope\" itemtype=\"https:\/\/schema.org\/BlogPosting\" itemprop=\"blogPost\" ><div class='avia_textblock  '   itemprop=\"text\" ><p style=\"text-align: justify;\"><em>Los beneficiarios tienen un plazo de 6 meses a contar de la entrega del subsidio para poder cobrarlo, una vez transcurrido el plazo ser\u00e1 reasignado de forma autom\u00e1tica a un nuevo hogar.<\/em><\/p>\n<p style=\"text-align: justify;\">Con el objetivo de apoyar los bolsillos de los hogares ayseninos, es que la Delegaci\u00f3n Presidencial Regional junto a la Seremi de Desarrollo Social y Familia anunciaron que este viernes 28 de marzo se iniciar\u00e1 el pago autom\u00e1tico a las cuentas Rut del Subsidio de Calefacci\u00f3n 2025, el que logr\u00f3 adelantarse en un mes en relaci\u00f3n a los a\u00f1os pasados que se entregaba a fines del mes de abril.<\/p>\n<p style=\"text-align: justify;\">Hay que recordar que el Subsidio a la Calefacci\u00f3n es una transferencia monetaria directa de 100 mil pesos por hogar, que tengan domicilio en la Regi\u00f3n de Ays\u00e9n y que pertenezcan al 80% m\u00e1s vulnerable. Al respecto el Delegado Presidencial Regional Jorge D\u00edaz Guzm\u00e1n destac\u00f3 que \u00abEn este tercer a\u00f1o de gobierno del presidente Boric tenemos muy buenas noticias para Ays\u00e9n, porque estamos adelantando la entrega del bono de calefacci\u00f3n para pr\u00e1cticamente el 80% de las familias que se encuentran en el Registro Social de Hogares y lo vamos a entregar antes entendiendo adem\u00e1s que las temperaturas comienzan a bajar y se hace muy importante que las familias de nuestra regi\u00f3n cuenten con los recursos para paliar el fr\u00edo, as\u00ed que estamos contentos de entregar esta buena noticia\u00bb, indic\u00f3 la autoridad.<\/p>\n<p style=\"text-align: justify;\">Para este a\u00f1o tambi\u00e9n se ampl\u00eda la cobertura, es decir, ingresan 3.647 nuevos beneficiarios, lo que fue destacado \u00a0por la Seremi de Desarrollo Social y\u00a0 Familia Karina Acevedo junto con que esta nueva fecha de entrega del beneficio responde a diversas gestiones logradas con el nivel central \u00abEstamos muy satisfechos de esta gesti\u00f3n que hicimos junto al Ministerio, sabemos lo importante que es para los bolsillos de las familias de Ays\u00e9n contar con este subsidio \u00a0y este a\u00f1o se hicieron todos los esfuerzos para que llegaran antes y sea una ayuda en los gastos que se incurren por calefacci\u00f3n. Este es un pago autom\u00e1tico, donde llegamos a 3.647 nuevos beneficiarios, que se inicia el 28 de marzo y contin\u00faa de forma presencial en el Banco Estado por orden alfab\u00e9tico el d\u00eda lunes 31\u00bb.<\/p>\n<p style=\"text-align: justify;\">Adicionalmente la Seremi de Desarrollo Social destac\u00f3 que en total ser\u00e1n beneficiados 35.995 \u00a0hogares este a\u00f1o 2025, e insisti\u00f3 que se hace muy importante cobrar el subsidio en el periodo estipulado \u00abson seis meses que tienen para cobrarlo por si no est\u00e1 en la regi\u00f3n, ah\u00ed le invitamos a asesorarse con su municipio porque una vez transcurrido este plazo, el beneficio ser\u00e1 reasignado a otro hogar, algo tambi\u00e9n in\u00e9dito porque antes deb\u00edamos devolver esos recursos a Santiago y ahora ya se logr\u00f3 establecer que el subsidio no cobrado se entregue a un hogar que no tuvo el subsidio en primera instancia\u00bb.<\/p>\n<p style=\"text-align: justify;\">En los pr\u00f3ximos d\u00edas estar\u00e1 habilitada la plataforma\u00a0<u><a href=\"https:\/\/subsidiocalefaccion.gob.cl\/\">https:\/\/subsidiocalefaccion.gob.cl\/<\/a><\/u>\u00a0para revisar si es beneficiario. Para este 2025, se dispuso de un presupuesto que fue catalogado por las autoridades de hist\u00f3rico, ya que asciende a tres mil quinientos noventa y nueve millones quinientos dos mil pesos (M$3.599.502), lo que significa un incremento de un 4,20% y, si bien, el beneficio se entrega para los hogares que est\u00e9n hasta el 80% de su Registro Social de Hogares, hay que tener en cuenta que se prioriza de acuerdo a los grupos m\u00e1s vulnerables en el siguiente orden:<\/p>\n<ul style=\"text-align: justify;\">\n<li>Participantes del Subsistema Seguridades y Oportunidades.<\/li>\n<li>Familias que participen del programa Sistema Nacional de Apoyos y Cuidados.<\/li>\n<li>Hogares que en su composici\u00f3n cuenten con al menos una persona en situaci\u00f3n de dependencia moderada o severa.<\/li>\n<li>Hogares que cuenten con alg\u00fan ni\u00f1o, ni\u00f1a o adolescente.<\/li>\n<li>Hogares que cuenten con al menos una persona de la tercera edad.<\/li>\n<li>Hogares que cuenten con mujeres jefas de hogar.<\/li>\n<\/ul>\n<\/div><\/section><\/div><div  style='height:50px' class='hr hr-invisible   avia-builder-el-6  el_after_av_one_full  el_before_av_social_share '><span class='hr-inner ' ><span class='hr-inner-style'><\/span><\/span><\/div><\/p>\n<div  class='av-social-sharing-box  avia-builder-el-7  el_after_av_hr  el_before_av_hr  '><div class='av-share-box'><h5 class='av-share-link-description av-no-toc '>Compartir esta noticia<\/h5><ul class='av-share-box-list noLightbox'><li class='av-share-link av-social-link-facebook' ><a target=\"_blank\" aria-label=\"Compartir en Facebook\" href='https:\/\/www.facebook.com\/sharer.php?u=https:\/\/radiorevelacionfm.cl\/?p=51733&#038;t=Aumento%20hist%C3%B3rico%3A%20Gobierno%20anuncia%20m%C3%A1s%20beneficiarios%20y%20fecha%20para%20entrega%20del%20Subsidio%20de%20Calefaccci%C3%B3n%202025' aria-hidden='false' data-av_icon='\ue8f3' data-av_iconfont='entypo-fontello' title='' data-avia-related-tooltip='Compartir en Facebook' rel=\"noopener\"><span class='avia_hidden_link_text'>Compartir en Facebook<\/span><\/a><\/li><li class='av-share-link av-social-link-twitter' ><a target=\"_blank\" aria-label=\"Compartir en Twitter\" href='https:\/\/twitter.com\/share?text=Aumento%20hist%C3%B3rico%3A%20Gobierno%20anuncia%20m%C3%A1s%20beneficiarios%20y%20fecha%20para%20entrega%20del%20Subsidio%20de%20Calefaccci%C3%B3n%202025&#038;url=https:\/\/radiorevelacionfm.cl\/?p=51733' aria-hidden='false' data-av_icon='\ue8f1' data-av_iconfont='entypo-fontello' title='' data-avia-related-tooltip='Compartir en Twitter' rel=\"noopener\"><span class='avia_hidden_link_text'>Compartir en Twitter<\/span><\/a><\/li><li class='av-share-link av-social-link-whatsapp' ><a target=\"_blank\" aria-label=\"Compartir en Whatsapp\" href='https:\/\/api.whatsapp.com\/send?text=https:\/\/radiorevelacionfm.cl\/?p=51733' aria-hidden='false' data-av_icon='\uf232' data-av_iconfont='entypo-fontello' title='' data-avia-related-tooltip='Compartir en Whatsapp' rel=\"noopener\"><span class='avia_hidden_link_text'>Compartir en Whatsapp<\/span><\/a><\/li><li class='av-share-link av-social-link-linkedin' ><a target=\"_blank\" aria-label=\"Compartir en LinkedIn\" href='https:\/\/linkedin.com\/shareArticle?mini=true&#038;title=Aumento%20hist%C3%B3rico%3A%20Gobierno%20anuncia%20m%C3%A1s%20beneficiarios%20y%20fecha%20para%20entrega%20del%20Subsidio%20de%20Calefaccci%C3%B3n%202025&#038;url=https:\/\/radiorevelacionfm.cl\/?p=51733' aria-hidden='false' data-av_icon='\ue8fc' data-av_iconfont='entypo-fontello' title='' data-avia-related-tooltip='Compartir en LinkedIn' rel=\"noopener\"><span class='avia_hidden_link_text'>Compartir en LinkedIn<\/span><\/a><\/li><li class='av-share-link av-social-link-mail' ><a  aria-label=\"Compartir por correo\" href='mailto:?subject=Aumento%20hist%C3%B3rico%3A%20Gobierno%20anuncia%20m%C3%A1s%20beneficiarios%20y%20fecha%20para%20entrega%20del%20Subsidio%20de%20Calefaccci%C3%B3n%202025&#038;body=https:\/\/radiorevelacionfm.cl\/?p=51733' aria-hidden='false' data-av_icon='\ue805' data-av_iconfont='entypo-fontello' title='' data-avia-related-tooltip='Compartir por correo'><span class='avia_hidden_link_text'>Compartir por correo<\/span><\/a><\/li><\/ul><\/div><\/div>\n<div  style='height:50px' class='hr hr-invisible   avia-builder-el-8  el_after_av_social_share  el_before_av_comments_list '><span class='hr-inner ' ><span class='hr-inner-style'><\/span><\/span><\/div>\n<div  class='av-buildercomment  av-blog-meta-html-info-disabled av-blog-meta-tag-disabled  '><\/div>\n","protected":false},"excerpt":{"rendered":"","protected":false},"author":1,"featured_media":51734,"comment_status":"open","ping_status":"open","sticky":false,"template":"","format":"standard","meta":{"footnotes":""},"categories":[38],"tags":[],"class_list":["post-51733","post","type-post","status-publish","format-standard","has-post-thumbnail","hentry","category-regional"],"jetpack_featured_media_url":"https:\/\/radiorevelacionfm.cl\/wp-content\/uploads\/2025\/03\/calefaccion1-2-1_optimized-1.jpeg","_links":{"self":[{"href":"https:\/\/radiorevelacionfm.cl\/index.php?rest_route=\/wp\/v2\/posts\/51733","targetHints":{"allow":["GET"]}}],"collection":[{"href":"https:\/\/radiorevelacionfm.cl\/index.php?rest_route=\/wp\/v2\/posts"}],"about":[{"href":"https:\/\/radiorevelacionfm.cl\/index.php?rest_route=\/wp\/v2\/types\/post"}],"author":[{"embeddable":true,"href":"https:\/\/radiorevelacionfm.cl\/index.php?rest_route=\/wp\/v2\/users\/1"}],"replies":[{"embeddable":true,"href":"https:\/\/radiorevelacionfm.cl\/index.php?rest_route=%2Fwp%2Fv2%2Fcomments&post=51733"}],"version-history":[{"count":1,"href":"https:\/\/radiorevelacionfm.cl\/index.php?rest_route=\/wp\/v2\/posts\/51733\/revisions"}],"predecessor-version":[{"id":51735,"href":"https:\/\/radiorevelacionfm.cl\/index.php?rest_route=\/wp\/v2\/posts\/51733\/revisions\/51735"}],"wp:featuredmedia":[{"embeddable":true,"href":"https:\/\/radiorevelacionfm.cl\/index.php?rest_route=\/wp\/v2\/media\/51734"}],"wp:attachment":[{"href":"https:\/\/radiorevelacionfm.cl\/index.php?rest_route=%2Fwp%2Fv2%2Fmedia&parent=51733"}],"wp:term":[{"taxonomy":"category","embeddable":true,"href":"https:\/\/radiorevelacionfm.cl\/index.php?rest_route=%2Fwp%2Fv2%2Fcategories&post=51733"},{"taxonomy":"post_tag","embeddable":true,"href":"https:\/\/radiorevelacionfm.cl\/index.php?rest_route=%2Fwp%2Fv2%2Ftags&post=51733"}],"curies":[{"name":"wp","href":"https:\/\/api.w.org\/{rel}","templated":true}]}}