{"id":51731,"date":"2025-03-24T16:58:55","date_gmt":"2025-03-24T19:58:55","guid":{"rendered":"https:\/\/radiorevelacionfm.cl\/?p=51731"},"modified":"2025-03-24T16:58:55","modified_gmt":"2025-03-24T19:58:55","slug":"parque-nacional-queulat-cerrara-temporalmente-sendero-laguna-tempanos-por-trabajos-de-mejoramiento","status":"publish","type":"post","link":"https:\/\/radiorevelacionfm.cl\/?p=51731","title":{"rendered":"Parque Nacional Queulat cerrar\u00e1 temporalmente sendero Laguna T\u00e9mpanos por trabajos de mejoramiento"},"content":{"rendered":"<div class=\"flex_column av_one_full  flex_column_div av-zero-column-padding first  avia-builder-el-0  el_before_av_one_full  avia-builder-el-first  \" style='border-radius:0px; '><div  class='avia-image-container  av-styling-    avia-builder-el-1  avia-builder-el-no-sibling  avia-align-center '  itemprop=\"image\" itemscope=\"itemscope\" itemtype=\"https:\/\/schema.org\/ImageObject\"  ><div class='avia-image-container-inner'><div class='avia-image-overlay-wrap'><img decoding=\"async\" class='wp-image-50624 avia-img-lazy-loading-not-50624 avia_image' src=\"https:\/\/radiorevelacionfm.cl\/wp-content\/uploads\/2025\/02\/Parque-Nacional-Queulat-1-1.jpg\" alt='' title='Parque Nacional Queulat (1) (1)' height=\"600\" width=\"800\"  itemprop=\"thumbnailUrl\" srcset=\"https:\/\/radiorevelacionfm.cl\/wp-content\/uploads\/2025\/02\/Parque-Nacional-Queulat-1-1.jpg 800w, https:\/\/radiorevelacionfm.cl\/wp-content\/uploads\/2025\/02\/Parque-Nacional-Queulat-1-1-300x225.jpg 300w, https:\/\/radiorevelacionfm.cl\/wp-content\/uploads\/2025\/02\/Parque-Nacional-Queulat-1-1-768x576.jpg 768w, https:\/\/radiorevelacionfm.cl\/wp-content\/uploads\/2025\/02\/Parque-Nacional-Queulat-1-1-705x529.jpg 705w, https:\/\/radiorevelacionfm.cl\/wp-content\/uploads\/2025\/02\/Parque-Nacional-Queulat-1-1-450x338.jpg 450w, https:\/\/radiorevelacionfm.cl\/wp-content\/uploads\/2025\/02\/Parque-Nacional-Queulat-1-1-600x450.jpg 600w\" sizes=\"(max-width: 800px) 100vw, 800px\" \/><\/div><\/div><\/div><\/div><div class=\"flex_column av_one_full  flex_column_div av-zero-column-padding first  avia-builder-el-2  el_after_av_one_full  el_before_av_one_full  column-top-margin\" style='border-radius:0px; '><section class=\"av_textblock_section \"  itemscope=\"itemscope\" itemtype=\"https:\/\/schema.org\/BlogPosting\" itemprop=\"blogPost\" ><div class='avia_textblock  '   itemprop=\"text\" ><p style=\"text-align: center;\"><strong><span style=\"font-size: 18pt;\">Parque Nacional Queulat cerrar\u00e1 temporalmente sendero Laguna T\u00e9mpanos por trabajos de mejoramiento<\/span><\/strong><\/p>\n<div id=\"gtx-trans\" style=\"position: absolute; left: -50px; top: 4.31534px;\">\n<div class=\"gtx-trans-icon\"><\/div>\n<\/div>\n<\/div><\/section><\/div><div class=\"flex_column av_one_full  flex_column_div av-zero-column-padding first  avia-builder-el-4  el_after_av_one_full  el_before_av_hr  column-top-margin\" style='border-radius:0px; '><section class=\"av_textblock_section \"  itemscope=\"itemscope\" itemtype=\"https:\/\/schema.org\/BlogPosting\" itemprop=\"blogPost\" ><div class='avia_textblock  '   itemprop=\"text\" ><p style=\"text-align: justify;\"><em>A partir del 01 de abril de 2025, el sendero Laguna T\u00e9mpanos del Parque Nacional Queulat estar\u00e1 cerrado por trabajos de mejoramiento, sin embargo, otros senderos del Ventisquero Colgante seguir\u00e1n habilitados.<\/em><\/p>\n<p style=\"text-align: justify;\">En el marco del proyecto de infraestructura de uso p\u00fablico que se ejecuta durante el 2025 en el Parque Nacional Queulat, el sendero Laguna T\u00e9mpanos perteneciente al sector Ventisquero Colgante, con una longitud de 600 metros, se encontrar\u00e1 cerrado desde 01 de abril para su renovaci\u00f3n y mejoras. Esto implica la interrupci\u00f3n\u00a0del servicio de bote concesionado, mientras duren las obras.\u00a0Esta medida busca reforzar la seguridad de los visitantes, facilitar las labores en terreno y asegurar el cumplimiento de los plazos establecidos.<\/p>\n<p style=\"text-align: justify;\">El sendero \u201cVentisquero Colgante\u201d, ubicado en el mismo sector, tambi\u00e9n se encuentra cerrado desde el 24 de febrero de 2025, ambos senderos forman parte de la etapa actual del proyecto.<\/p>\n<p style=\"text-align: justify;\">La adjudicaci\u00f3n de la obra a la empresa responsable se realiz\u00f3 el 23 de enero de 2025, con una duraci\u00f3n estimada de 290 d\u00edas.<\/p>\n<p style=\"text-align: justify;\">A pesar de estos cierres, los visitantes podr\u00e1n seguir disfrutando de las maravillas de este sector, como la observaci\u00f3n del Ventisquero Colgante. Existen tres senderos adicionales con miradores hacia el ventisquero, que fueron mantenidos durante la primera etapa del proyecto en 2024. Estos son \u201cMirador Panor\u00e1mico\u201d, \u201cHuellas de Glaciaci\u00f3n\u201d y \u201cCiudad de Los C\u00e9sares\u201d, los que permanecer\u00e1n abiertos al p\u00fablico con normalidad.<\/p>\n<p style=\"text-align: justify;\">Con estas mejoras, se espera enriquecer la experiencia de los visitantes en el Parque Nacional Queulat, que recibe una mayor afluencia durante la temporada estival.<\/p>\n<p style=\"text-align: justify;\">Recordar que este proyecto es financiado por el Gobierno Regional, con una inversi\u00f3n de 1.790 millones de pesos, siendo la unidad t\u00e9cnica encargada de la ejecuci\u00f3n de las obras la Direcci\u00f3n de Arquitectura del Ministerio de Obras P\u00fablicas (MOP) y\u00a0 la Corporaci\u00f3n Nacional Forestal (CONAF) la unidad formuladora.<\/p>\n<p style=\"text-align: justify;\">Es importante recalcar que, si tienes planeado visitar el Parque Nacional Queulat, debes planificar tu viaje con anticipaci\u00f3n y tener en cuenta los cierres de los dos senderos mencionados. Adem\u00e1s, te recomendamos comprar tu ticket con antelaci\u00f3n a trav\u00e9s de\u00a0<a href=\"http:\/\/www.pasesparques.cl\/\" data-saferedirecturl=\"https:\/\/www.google.com\/url?q=http:\/\/www.pasesparques.cl&amp;source=gmail&amp;ust=1742932247286000&amp;usg=AOvVaw2yHlvE7F6nyefM_l8PRFef\">www.pasesparques.cl<\/a>.<\/p>\n<\/div><\/section><\/div><div  style='height:50px' class='hr hr-invisible   avia-builder-el-6  el_after_av_one_full  el_before_av_social_share '><span class='hr-inner ' ><span class='hr-inner-style'><\/span><\/span><\/div><\/p>\n<div  class='av-social-sharing-box  avia-builder-el-7  el_after_av_hr  el_before_av_hr  '><div class='av-share-box'><h5 class='av-share-link-description av-no-toc '>Compartir esta noticia<\/h5><ul class='av-share-box-list noLightbox'><li class='av-share-link av-social-link-facebook' ><a target=\"_blank\" aria-label=\"Compartir en Facebook\" href='https:\/\/www.facebook.com\/sharer.php?u=https:\/\/radiorevelacionfm.cl\/?p=51731&#038;t=Parque%20Nacional%20Queulat%20cerrar%C3%A1%20temporalmente%20sendero%20Laguna%20T%C3%A9mpanos%20por%20trabajos%20de%20mejoramiento' aria-hidden='false' data-av_icon='\ue8f3' data-av_iconfont='entypo-fontello' title='' data-avia-related-tooltip='Compartir en Facebook' rel=\"noopener\"><span class='avia_hidden_link_text'>Compartir en Facebook<\/span><\/a><\/li><li class='av-share-link av-social-link-twitter' ><a target=\"_blank\" aria-label=\"Compartir en Twitter\" href='https:\/\/twitter.com\/share?text=Parque%20Nacional%20Queulat%20cerrar%C3%A1%20temporalmente%20sendero%20Laguna%20T%C3%A9mpanos%20por%20trabajos%20de%20mejoramiento&#038;url=https:\/\/radiorevelacionfm.cl\/?p=51731' aria-hidden='false' data-av_icon='\ue8f1' data-av_iconfont='entypo-fontello' title='' data-avia-related-tooltip='Compartir en Twitter' rel=\"noopener\"><span class='avia_hidden_link_text'>Compartir en Twitter<\/span><\/a><\/li><li class='av-share-link av-social-link-whatsapp' ><a target=\"_blank\" aria-label=\"Compartir en Whatsapp\" href='https:\/\/api.whatsapp.com\/send?text=https:\/\/radiorevelacionfm.cl\/?p=51731' aria-hidden='false' data-av_icon='\uf232' data-av_iconfont='entypo-fontello' title='' data-avia-related-tooltip='Compartir en Whatsapp' rel=\"noopener\"><span class='avia_hidden_link_text'>Compartir en Whatsapp<\/span><\/a><\/li><li class='av-share-link av-social-link-linkedin' ><a target=\"_blank\" aria-label=\"Compartir en LinkedIn\" href='https:\/\/linkedin.com\/shareArticle?mini=true&#038;title=Parque%20Nacional%20Queulat%20cerrar%C3%A1%20temporalmente%20sendero%20Laguna%20T%C3%A9mpanos%20por%20trabajos%20de%20mejoramiento&#038;url=https:\/\/radiorevelacionfm.cl\/?p=51731' aria-hidden='false' data-av_icon='\ue8fc' data-av_iconfont='entypo-fontello' title='' data-avia-related-tooltip='Compartir en LinkedIn' rel=\"noopener\"><span class='avia_hidden_link_text'>Compartir en LinkedIn<\/span><\/a><\/li><li class='av-share-link av-social-link-mail' ><a  aria-label=\"Compartir por correo\" href='mailto:?subject=Parque%20Nacional%20Queulat%20cerrar%C3%A1%20temporalmente%20sendero%20Laguna%20T%C3%A9mpanos%20por%20trabajos%20de%20mejoramiento&#038;body=https:\/\/radiorevelacionfm.cl\/?p=51731' aria-hidden='false' data-av_icon='\ue805' data-av_iconfont='entypo-fontello' title='' data-avia-related-tooltip='Compartir por correo'><span class='avia_hidden_link_text'>Compartir por correo<\/span><\/a><\/li><\/ul><\/div><\/div>\n<div  style='height:50px' class='hr hr-invisible   avia-builder-el-8  el_after_av_social_share  el_before_av_comments_list '><span class='hr-inner ' ><span class='hr-inner-style'><\/span><\/span><\/div>\n<div  class='av-buildercomment  av-blog-meta-html-info-disabled av-blog-meta-tag-disabled  '><\/div>\n","protected":false},"excerpt":{"rendered":"","protected":false},"author":1,"featured_media":50624,"comment_status":"open","ping_status":"open","sticky":false,"template":"","format":"standard","meta":{"footnotes":""},"categories":[54],"tags":[],"class_list":["post-51731","post","type-post","status-publish","format-standard","has-post-thumbnail","hentry","category-turismo"],"jetpack_featured_media_url":"https:\/\/radiorevelacionfm.cl\/wp-content\/uploads\/2025\/02\/Parque-Nacional-Queulat-1-1.jpg","_links":{"self":[{"href":"https:\/\/radiorevelacionfm.cl\/index.php?rest_route=\/wp\/v2\/posts\/51731","targetHints":{"allow":["GET"]}}],"collection":[{"href":"https:\/\/radiorevelacionfm.cl\/index.php?rest_route=\/wp\/v2\/posts"}],"about":[{"href":"https:\/\/radiorevelacionfm.cl\/index.php?rest_route=\/wp\/v2\/types\/post"}],"author":[{"embeddable":true,"href":"https:\/\/radiorevelacionfm.cl\/index.php?rest_route=\/wp\/v2\/users\/1"}],"replies":[{"embeddable":true,"href":"https:\/\/radiorevelacionfm.cl\/index.php?rest_route=%2Fwp%2Fv2%2Fcomments&post=51731"}],"version-history":[{"count":1,"href":"https:\/\/radiorevelacionfm.cl\/index.php?rest_route=\/wp\/v2\/posts\/51731\/revisions"}],"predecessor-version":[{"id":51732,"href":"https:\/\/radiorevelacionfm.cl\/index.php?rest_route=\/wp\/v2\/posts\/51731\/revisions\/51732"}],"wp:featuredmedia":[{"embeddable":true,"href":"https:\/\/radiorevelacionfm.cl\/index.php?rest_route=\/wp\/v2\/media\/50624"}],"wp:attachment":[{"href":"https:\/\/radiorevelacionfm.cl\/index.php?rest_route=%2Fwp%2Fv2%2Fmedia&parent=51731"}],"wp:term":[{"taxonomy":"category","embeddable":true,"href":"https:\/\/radiorevelacionfm.cl\/index.php?rest_route=%2Fwp%2Fv2%2Fcategories&post=51731"},{"taxonomy":"post_tag","embeddable":true,"href":"https:\/\/radiorevelacionfm.cl\/index.php?rest_route=%2Fwp%2Fv2%2Ftags&post=51731"}],"curies":[{"name":"wp","href":"https:\/\/api.w.org\/{rel}","templated":true}]}}