{"id":5173,"date":"2021-06-11T17:44:49","date_gmt":"2021-06-11T20:44:49","guid":{"rendered":"https:\/\/radiorevelacionfm.cl\/?p=5173"},"modified":"2021-06-11T17:59:15","modified_gmt":"2021-06-11T20:59:15","slug":"concejal-e-por-chile-chico-murallon-en-paso-las-llaves-requiere-solucion-definitiva","status":"publish","type":"post","link":"https:\/\/radiorevelacionfm.cl\/?p=5173","title":{"rendered":"Concejal (e) por Chile Chico: murall\u00f3n en paso Las Llaves requiere soluci\u00f3n definitiva"},"content":{"rendered":"<div class=\"flex_column av_one_full  flex_column_div av-zero-column-padding first  avia-builder-el-0  el_before_av_one_full  avia-builder-el-first  \" style='border-radius:0px; '><div  class='avia-image-container  av-styling-    avia-builder-el-1  avia-builder-el-no-sibling  avia-align-center '  itemprop=\"image\" itemscope=\"itemscope\" itemtype=\"https:\/\/schema.org\/ImageObject\"  ><div class='avia-image-container-inner'><div class='avia-image-overlay-wrap'><img decoding=\"async\" class='wp-image-5179 avia-img-lazy-loading-not-5179 avia_image' src=\"https:\/\/radiorevelacionfm.cl\/wp-content\/uploads\/2021\/06\/Derrumbe_Las-LLaves-2-1.jpg\" alt='' title='Derrumbe_Las LLaves (2) (1)' height=\"600\" width=\"863\"  itemprop=\"thumbnailUrl\" srcset=\"https:\/\/radiorevelacionfm.cl\/wp-content\/uploads\/2021\/06\/Derrumbe_Las-LLaves-2-1.jpg 863w, https:\/\/radiorevelacionfm.cl\/wp-content\/uploads\/2021\/06\/Derrumbe_Las-LLaves-2-1-300x209.jpg 300w, https:\/\/radiorevelacionfm.cl\/wp-content\/uploads\/2021\/06\/Derrumbe_Las-LLaves-2-1-768x534.jpg 768w, https:\/\/radiorevelacionfm.cl\/wp-content\/uploads\/2021\/06\/Derrumbe_Las-LLaves-2-1-705x490.jpg 705w, https:\/\/radiorevelacionfm.cl\/wp-content\/uploads\/2021\/06\/Derrumbe_Las-LLaves-2-1-600x417.jpg 600w\" sizes=\"(max-width: 863px) 100vw, 863px\" \/><\/div><\/div><\/div><\/div><div class=\"flex_column av_one_full  flex_column_div av-zero-column-padding first  avia-builder-el-2  el_after_av_one_full  el_before_av_one_full  column-top-margin\" style='border-radius:0px; '><section class=\"av_textblock_section \"  itemscope=\"itemscope\" itemtype=\"https:\/\/schema.org\/BlogPosting\" itemprop=\"blogPost\" ><div class='avia_textblock  '   itemprop=\"text\" ><p style=\"text-align: center;\"><strong><span style=\"font-size: 18pt;\">Concejal (e) por Chile Chico: murall\u00f3n en paso Las Llaves requiere soluci\u00f3n definitiva<\/span><\/strong><\/p>\n<div id=\"gtx-trans\" style=\"position: absolute; left: -50px; top: 4.31534px;\">\n<div class=\"gtx-trans-icon\"><\/div>\n<\/div>\n<\/div><\/section><\/div><\/p>\n<div class=\"flex_column av_one_full  flex_column_div av-zero-column-padding first  avia-builder-el-4  el_after_av_one_full  el_before_av_hr  column-top-margin\" style='border-radius:0px; '><section class=\"av_textblock_section \"  itemscope=\"itemscope\" itemtype=\"https:\/\/schema.org\/BlogPosting\" itemprop=\"blogPost\" ><div class='avia_textblock  '   itemprop=\"text\" ><p style=\"text-align: justify;\">El Concejal electo por Chile Chico, Mario Figueroa Mayorga, se\u00f1ala que los cortes en sector paso Las Llaves ruta CH 265, son recurrentes cada a\u00f1o, poniendo en riesgo la vida de los transe\u00fantes, automovilistas y animales, dejando aislados a los pobladores del interior de la comuna y sin poder realizar sus actividades o tramites en la cabecera comunal.<\/p>\n<p style=\"text-align: justify;\">El integrante del nuevo Concejo Municipal, pr\u00f3xima a asumir, dijo que, estar aislados tres o cuatro d\u00edas producto del corte de la principal y \u00fanica arteria de conectividad terrestre, como lo es la ruta CH 265, sin duda tiene un impacto negativo directo sobre las comunidades y campesinos que, en su gran mayor\u00eda son adultos mayores.<\/p>\n<p style=\"text-align: justify;\">Mario Figueroa, se\u00f1al\u00f3 que, \u201cun corte de la principal y \u00fanica ruta de conectividad terrestre con localidades del interior con su cabecera comunal de 3 o 4 d\u00edas es preocupante. Tenemos adultos mayores, nuestros productores de le\u00f1a y ganado que sacan su producci\u00f3n hacia Chile Chico est\u00e1n imposibilitado de hacerlo, lo que les genera p\u00e9rdidas afectando sus ingresos econ\u00f3micos, ni hablar de una eventual emergencia. Tiempo atr\u00e1s fue un parlamentario de nuestra regi\u00f3n quien, junto a un candidato de la \u00e9poca, destacaba la millonaria inversi\u00f3n y hac\u00edan juicio de la despreocupaci\u00f3n del gobierno anterior, precisamente por el murall\u00f3n en paso las llaves. Hoy lo digo muy respetuosamente, aqu\u00ed hay un problema que se repite a\u00f1o a a\u00f1o, las millonarias inversiones no est\u00e1n resultado y lo peor, no est\u00e1n siendo fiscalizadas como se debiera. Aqu\u00ed lo que se requiere es una inversi\u00f3n que perdure en el tiempo, se ha hablado de un cobertizo similar al de la ruta Coyhaique Ays\u00e9n, quiz\u00e1 por ah\u00ed va la soluci\u00f3n. Aqu\u00ed hay una situaci\u00f3n que se repite cada invierno, indistinto el gobierno de turno y los afectados son directamente nuestros vecinos que en su gran mayor\u00eda son adultos mayores y peque\u00f1os productores le\u00f1eros y ganaderos, por lo tanto, es el Estado de Chile que debe hacerse cargo\u201d.<\/p>\n<p style=\"text-align: justify;\">El Concejal electo por Chile Chico, coment\u00f3 adem\u00e1s que, \u201cel a\u00f1o 2016 se realiz\u00f3 un proceso de participaci\u00f3n ciudadana, donde el MOP a trav\u00e9s de la consultora Stradale, dialog\u00f3 con los vecinos y dirigentes sociales de Mall\u00edn Grande y Puerto Guadal, donde el consenso al que se lleg\u00f3, fue iniciar los estudios t\u00e9cnicos y de ingenier\u00eda que permitieran proyectar un aler\u00f3n de forma horizontal con el respectivo \u00e1ngulo en su techo que permitiera el descenso de rodados directo al lago, sin afectaci\u00f3n de la ruta. Lamentablemente este tipo de proyectos son de largo aliento y deben, necesariamente pasar por el an\u00e1lisis t\u00e9cnico del Ministerio de Desarrollo Social lo que, dado el est\u00e1ndar de la ruta CH 265, lo torna pr\u00e1cticamente inviable, hago un llamado a las actuales autoridades a considerar todas las alternativas de forma de brindar una soluci\u00f3n definitiva a esta problem\u00e1tica, donde los m\u00e1s afectados son los pobladores y peque\u00f1os productores campesinos. No podemos seguir con la construcci\u00f3n de muros verticales y mallas de contenci\u00f3n que, en definitiva, han dejado de manifiesto que no son la soluci\u00f3n, desperdiciando una gran cantidad de recursos que hoy y a la luz de la crisis econ\u00f3mica post pandemia, se tornar\u00e1n muy escasos de conseguir. Los dirigentes sociales como la Sra. Alicia Vera, Don F\u00e9lix Avil\u00e9z, Do\u00f1a Anita Romero, Don Esteban Cruces, Don Oscar Astudillo y Don Fernando Solar, me han manifestado su preocupaci\u00f3n por esta problem\u00e1tica, habiendo participado ellos de innumerables reuniones para buscar una soluci\u00f3n definitiva a los cortes de ruta. La verdad los dirigentes tambi\u00e9n est\u00e1n cansados de esta situaci\u00f3n\u201d, a\u00f1adi\u00f3 Figueroa.<\/p>\n<p style=\"text-align: justify;\">Finalmente, Mario Figueroa, se\u00f1al\u00f3 que \u201cme parece preocupante que existiendo un contrato con una empresa privada de mantenci\u00f3n de la ruta CH 265 considerando adem\u00e1s la llegada del invierno, no se tenga un plan de contingencia establecido y no exista maquinaria en la zona para atender de forma inmediata la situaci\u00f3n, insisto, se requiere mayor fiscalizaci\u00f3n y no estar atendiendo las situaci\u00f3n cuando se puede proveer con anterioridad\u201d.<\/p>\n<\/div><\/section><\/div>\n<div  style='height:50px' class='hr hr-invisible   avia-builder-el-6  el_after_av_one_full  el_before_av_social_share '><span class='hr-inner ' ><span class='hr-inner-style'><\/span><\/span><\/div>\n<div  class='av-social-sharing-box  avia-builder-el-7  el_after_av_hr  el_before_av_hr  '><div class='av-share-box'><h5 class='av-share-link-description av-no-toc '>Compartir esta noticia<\/h5><ul class='av-share-box-list noLightbox'><li class='av-share-link av-social-link-facebook' ><a target=\"_blank\" aria-label=\"Compartir en Facebook\" href='https:\/\/www.facebook.com\/sharer.php?u=https:\/\/radiorevelacionfm.cl\/?p=5173&#038;t=Concejal%20%28e%29%20por%20Chile%20Chico%3A%20murall%C3%B3n%20en%20paso%20Las%20Llaves%20requiere%20soluci%C3%B3n%20definitiva' aria-hidden='false' data-av_icon='\ue8f3' data-av_iconfont='entypo-fontello' title='' data-avia-related-tooltip='Compartir en Facebook' rel=\"noopener\"><span class='avia_hidden_link_text'>Compartir en Facebook<\/span><\/a><\/li><li class='av-share-link av-social-link-twitter' ><a target=\"_blank\" aria-label=\"Compartir en Twitter\" href='https:\/\/twitter.com\/share?text=Concejal%20%28e%29%20por%20Chile%20Chico%3A%20murall%C3%B3n%20en%20paso%20Las%20Llaves%20requiere%20soluci%C3%B3n%20definitiva&#038;url=https:\/\/radiorevelacionfm.cl\/?p=5173' aria-hidden='false' data-av_icon='\ue8f1' data-av_iconfont='entypo-fontello' title='' data-avia-related-tooltip='Compartir en Twitter' rel=\"noopener\"><span class='avia_hidden_link_text'>Compartir en Twitter<\/span><\/a><\/li><li class='av-share-link av-social-link-whatsapp' ><a target=\"_blank\" aria-label=\"Compartir en Whatsapp\" href='https:\/\/api.whatsapp.com\/send?text=https:\/\/radiorevelacionfm.cl\/?p=5173' aria-hidden='false' data-av_icon='\uf232' data-av_iconfont='entypo-fontello' title='' data-avia-related-tooltip='Compartir en Whatsapp' rel=\"noopener\"><span class='avia_hidden_link_text'>Compartir en Whatsapp<\/span><\/a><\/li><li class='av-share-link av-social-link-linkedin' ><a target=\"_blank\" aria-label=\"Compartir en LinkedIn\" href='https:\/\/linkedin.com\/shareArticle?mini=true&#038;title=Concejal%20%28e%29%20por%20Chile%20Chico%3A%20murall%C3%B3n%20en%20paso%20Las%20Llaves%20requiere%20soluci%C3%B3n%20definitiva&#038;url=https:\/\/radiorevelacionfm.cl\/?p=5173' aria-hidden='false' data-av_icon='\ue8fc' data-av_iconfont='entypo-fontello' title='' data-avia-related-tooltip='Compartir en LinkedIn' rel=\"noopener\"><span class='avia_hidden_link_text'>Compartir en LinkedIn<\/span><\/a><\/li><li class='av-share-link av-social-link-mail' ><a  aria-label=\"Compartir por correo\" href='mailto:?subject=Concejal%20%28e%29%20por%20Chile%20Chico%3A%20murall%C3%B3n%20en%20paso%20Las%20Llaves%20requiere%20soluci%C3%B3n%20definitiva&#038;body=https:\/\/radiorevelacionfm.cl\/?p=5173' aria-hidden='false' data-av_icon='\ue805' data-av_iconfont='entypo-fontello' title='' data-avia-related-tooltip='Compartir por correo'><span class='avia_hidden_link_text'>Compartir por correo<\/span><\/a><\/li><\/ul><\/div><\/div>\n<div  style='height:50px' class='hr hr-invisible   avia-builder-el-8  el_after_av_social_share  el_before_av_comments_list '><span class='hr-inner ' ><span class='hr-inner-style'><\/span><\/span><\/div>\n<div  class='av-buildercomment  av-blog-meta-html-info-disabled av-blog-meta-tag-disabled  '><\/div>\n","protected":false},"excerpt":{"rendered":"","protected":false},"author":1,"featured_media":5179,"comment_status":"open","ping_status":"open","sticky":false,"template":"","format":"standard","meta":{"footnotes":""},"categories":[38],"tags":[],"class_list":["post-5173","post","type-post","status-publish","format-standard","has-post-thumbnail","hentry","category-regional"],"jetpack_featured_media_url":"https:\/\/radiorevelacionfm.cl\/wp-content\/uploads\/2021\/06\/Derrumbe_Las-LLaves-2-1.jpg","_links":{"self":[{"href":"https:\/\/radiorevelacionfm.cl\/index.php?rest_route=\/wp\/v2\/posts\/5173","targetHints":{"allow":["GET"]}}],"collection":[{"href":"https:\/\/radiorevelacionfm.cl\/index.php?rest_route=\/wp\/v2\/posts"}],"about":[{"href":"https:\/\/radiorevelacionfm.cl\/index.php?rest_route=\/wp\/v2\/types\/post"}],"author":[{"embeddable":true,"href":"https:\/\/radiorevelacionfm.cl\/index.php?rest_route=\/wp\/v2\/users\/1"}],"replies":[{"embeddable":true,"href":"https:\/\/radiorevelacionfm.cl\/index.php?rest_route=%2Fwp%2Fv2%2Fcomments&post=5173"}],"version-history":[{"count":4,"href":"https:\/\/radiorevelacionfm.cl\/index.php?rest_route=\/wp\/v2\/posts\/5173\/revisions"}],"predecessor-version":[{"id":5177,"href":"https:\/\/radiorevelacionfm.cl\/index.php?rest_route=\/wp\/v2\/posts\/5173\/revisions\/5177"}],"wp:featuredmedia":[{"embeddable":true,"href":"https:\/\/radiorevelacionfm.cl\/index.php?rest_route=\/wp\/v2\/media\/5179"}],"wp:attachment":[{"href":"https:\/\/radiorevelacionfm.cl\/index.php?rest_route=%2Fwp%2Fv2%2Fmedia&parent=5173"}],"wp:term":[{"taxonomy":"category","embeddable":true,"href":"https:\/\/radiorevelacionfm.cl\/index.php?rest_route=%2Fwp%2Fv2%2Fcategories&post=5173"},{"taxonomy":"post_tag","embeddable":true,"href":"https:\/\/radiorevelacionfm.cl\/index.php?rest_route=%2Fwp%2Fv2%2Ftags&post=5173"}],"curies":[{"name":"wp","href":"https:\/\/api.w.org\/{rel}","templated":true}]}}