{"id":51728,"date":"2025-03-25T10:15:52","date_gmt":"2025-03-25T13:15:52","guid":{"rendered":"https:\/\/radiorevelacionfm.cl\/?p=51728"},"modified":"2025-03-25T10:15:52","modified_gmt":"2025-03-25T13:15:52","slug":"aguas-libres-en-la-patagonia-el-fotolibro-que-se-enfocara-en-la-realidad-socioambiental-de-aysen","status":"publish","type":"post","link":"https:\/\/radiorevelacionfm.cl\/?p=51728","title":{"rendered":"\u00abAguas Libres en la Patagonia\u00bb: El fotolibro que se enfocar\u00e1 en la realidad socioambiental de Ays\u00e9n"},"content":{"rendered":"<div class=\"flex_column av_one_full  flex_column_div av-zero-column-padding first  avia-builder-el-0  el_before_av_one_full  avia-builder-el-first  \" style='border-radius:0px; '><div  class='avia-image-container  av-styling-    avia-builder-el-1  avia-builder-el-no-sibling  avia-align-center '  itemprop=\"image\" itemscope=\"itemscope\" itemtype=\"https:\/\/schema.org\/ImageObject\"  ><div class='avia-image-container-inner'><div class='avia-image-overlay-wrap'><img decoding=\"async\" class='wp-image-51729 avia-img-lazy-loading-not-51729 avia_image' src=\"https:\/\/radiorevelacionfm.cl\/wp-content\/uploads\/2025\/03\/Stella-Meyer-Sarah-Schneider-4-2-1-1-1-1.jpg\" alt='' title='Stella Meyer + Sarah Schneider-4 (2) (1) (1) (1) (1)' height=\"600\" width=\"840\"  itemprop=\"thumbnailUrl\" srcset=\"https:\/\/radiorevelacionfm.cl\/wp-content\/uploads\/2025\/03\/Stella-Meyer-Sarah-Schneider-4-2-1-1-1-1.jpg 840w, https:\/\/radiorevelacionfm.cl\/wp-content\/uploads\/2025\/03\/Stella-Meyer-Sarah-Schneider-4-2-1-1-1-1-300x214.jpg 300w, https:\/\/radiorevelacionfm.cl\/wp-content\/uploads\/2025\/03\/Stella-Meyer-Sarah-Schneider-4-2-1-1-1-1-768x549.jpg 768w, https:\/\/radiorevelacionfm.cl\/wp-content\/uploads\/2025\/03\/Stella-Meyer-Sarah-Schneider-4-2-1-1-1-1-260x185.jpg 260w, https:\/\/radiorevelacionfm.cl\/wp-content\/uploads\/2025\/03\/Stella-Meyer-Sarah-Schneider-4-2-1-1-1-1-705x504.jpg 705w, https:\/\/radiorevelacionfm.cl\/wp-content\/uploads\/2025\/03\/Stella-Meyer-Sarah-Schneider-4-2-1-1-1-1-450x321.jpg 450w, https:\/\/radiorevelacionfm.cl\/wp-content\/uploads\/2025\/03\/Stella-Meyer-Sarah-Schneider-4-2-1-1-1-1-600x429.jpg 600w\" sizes=\"(max-width: 840px) 100vw, 840px\" \/><\/div><\/div><\/div><\/div><div class=\"flex_column av_one_full  flex_column_div av-zero-column-padding first  avia-builder-el-2  el_after_av_one_full  el_before_av_one_full  column-top-margin\" style='border-radius:0px; '><section class=\"av_textblock_section \"  itemscope=\"itemscope\" itemtype=\"https:\/\/schema.org\/BlogPosting\" itemprop=\"blogPost\" ><div class='avia_textblock  '   itemprop=\"text\" ><p style=\"text-align: center;\"><span style=\"font-size: 18pt;\"><b><span lang=\"ES-TRAD\">\u00abAguas Libres en la Patagonia\u00bb: El fotolibro que se enfocar\u00e1 en la realidad socioambiental de Ays\u00e9n<\/span><\/b><\/span><\/p>\n<div id=\"gtx-trans\" style=\"position: absolute; left: -50px; top: 4.31534px;\">\n<div class=\"gtx-trans-icon\"><\/div>\n<\/div>\n<\/div><\/section><\/div><div class=\"flex_column av_one_full  flex_column_div av-zero-column-padding first  avia-builder-el-4  el_after_av_one_full  el_before_av_hr  column-top-margin\" style='border-radius:0px; '><section class=\"av_textblock_section \"  itemscope=\"itemscope\" itemtype=\"https:\/\/schema.org\/BlogPosting\" itemprop=\"blogPost\" ><div class='avia_textblock  '   itemprop=\"text\" ><ul>\n<li class=\"v1MsoNormal\" style=\"text-align: justify;\"><em><span lang=\"ES-TRAD\">El proyecto ser\u00e1 ejecutado por la Corporaci\u00f3n Privada para el Desarrollo de Ays\u00e9n, con financiamiento p\u00fablico del<span class=\"v1gmail-Apple-converted-space\">\u00a0<\/span><\/span><span lang=\"ES-TRAD\">FONDART Regional 2025<span class=\"v1gmail-Apple-converted-space\">\u00a0<\/span>del Ministerio de las Culturas, el Arte y el Patrimonio.\u00a0<span class=\"v1gmail-Apple-converted-space\">\u00a0<\/span><\/span><\/em><\/li>\n<li class=\"v1MsoNormal\" style=\"text-align: justify;\"><em><span lang=\"ES-TRAD\">Contemplar\u00e1 adem\u00e1s presentaciones a nivel regional y nacional, distribuci\u00f3n gratuita a bibliotecas y establecimientos educacionales, adem\u00e1s de talleres de cianotipia y charlas art\u00edsticas en Europa.<\/span><\/em><\/li>\n<\/ul>\n<p class=\"v1MsoNormal\" style=\"text-align: justify;\"><span lang=\"ES-TRAD\">Un fotolibro que aborde la situaci\u00f3n de las aguas en distintos espacios territoriales y productivos de Ays\u00e9n. Tal es el objetivo del proyecto \u00abAguas Libres en la Patagonia\u00bb que ejecutar\u00e1 la Corporaci\u00f3n Privada para el Desarrollo de Ays\u00e9n (CODESA) en el marco de la l\u00ednea de difusi\u00f3n del<span class=\"v1gmail-Apple-converted-space\">\u00a0<\/span>FONDART Regional 2025<span class=\"v1gmail-Apple-converted-space\">\u00a0<\/span>del Ministerio de las Culturas, el Arte y el Patrimonio.\u00a0<span class=\"v1gmail-Apple-converted-space\">\u00a0<\/span><\/span><\/p>\n<p class=\"v1MsoNormal\" style=\"text-align: justify;\"><span lang=\"ES-TRAD\">La obra, que se plasmar\u00e1 en una tirada de 500 libros, se sustentar\u00e1 en el trabajo de las<span class=\"v1gmail-Apple-converted-space\">\u00a0<\/span>documentalistas austriacas Sarah Schneider<span class=\"v1gmail-Apple-converted-space\">\u00a0<\/span>y<span class=\"v1gmail-Apple-converted-space\">\u00a0<\/span>Stella Meyer, textos del<span class=\"v1gmail-Apple-converted-space\">\u00a0<\/span>periodista Patricio Segura Ortiz<span class=\"v1gmail-Apple-converted-space\">\u00a0<\/span>y edici\u00f3n general de la<span class=\"v1gmail-Apple-converted-space\">\u00a0<\/span>editorial chilena de fotolibros FLUQ, que lo incluir\u00e1 en su cat\u00e1logo. Los ejemplares se distribuir\u00e1n en Europa y Chile, con foco especial en la regi\u00f3n de Ays\u00e9n, donde las escuelas y bibliotecas recibir\u00e1n copias gratuitas.<\/span><\/p>\n<p class=\"v1MsoNormal\" style=\"text-align: justify;\"><span lang=\"ES-TRAD\">\u00abAguas Libres en la Patagonia\u00bb buscar\u00e1 relevar \u00abla importancia del agua para las comunidades y el ecosistema local, haciendo visibles las amenazas de la privatizaci\u00f3n y los proyectos industriales de una manera art\u00edstica\u00bb.<span class=\"v1gmail-Apple-converted-space\">\u00a0<\/span><\/span><\/p>\n<p class=\"v1MsoNormal\" style=\"text-align: justify;\"><span lang=\"ES-TRAD\">Dentro del desarrollo de la iniciativa se contemplan presentaciones a nivel nacional y regional, adem\u00e1s de talleres de cianotipia. Tambi\u00e9n se consideran charlas art\u00edsticas en Ays\u00e9n, en la<span class=\"v1gmail-Apple-converted-space\">\u00a0<\/span>\u00abHochschule Hannover\u00bb(Alemania) y en<span class=\"v1gmail-Apple-converted-space\">\u00a0<\/span>\u00abProtestIn Photobooks\u00bb<span class=\"v1gmail-Apple-converted-space\">\u00a0<\/span>(Italia), entre otras acciones. FLUQ, en tanto, desarrollar\u00e1 un plan de difusi\u00f3n que incluye un evento de pre-lanzamiento, acompa\u00f1ado de una campa\u00f1a en redes sociales para presentar a los autores y compartir reflexiones sobre el proyecto.<span class=\"v1gmail-Apple-converted-space\">\u00a0<\/span><\/span><\/p>\n<p class=\"v1MsoNormal\" style=\"text-align: justify;\"><span lang=\"ES-TRAD\">Para el presidente de CODESA,<span class=\"v1gmail-Apple-converted-space\">\u00a0<\/span><\/span><span lang=\"ES-TRAD\">Erwin Sandoval<\/span><span lang=\"ES-TRAD\">, el involucramiento de la organizaci\u00f3n se basa en su \u00abcompromiso con el desarrollo integral de Ays\u00e9n. Uno que se relaciona con los aspectos econ\u00f3micos y productivos, pero tambi\u00e9n con la cultura y el arte que aporten a la reflexi\u00f3n sobre el v\u00ednculo que tenemos los habitantes con el territorio, y hacia d\u00f3nde nos lleva ello. Y m\u00e1s a\u00fan, en la relevancia que tienen los r\u00edos, lagos, mar en nuestra historia, presente y futuro\u00bb. Esto, explic\u00f3, \u00aben coherencia con la promoci\u00f3n de Ays\u00e9n como reserva de vida, para lo cual se recurre a distintos enfoques, herramientas y, m\u00e1s a\u00fan, financiamientos, como en este caso de car\u00e1cter p\u00fablico\u00bb.<\/span><\/p>\n<p class=\"v1MsoNormal\" style=\"text-align: justify;\"><span lang=\"ES-TRAD\">\u00abEsperamos que<span class=\"v1gmail-Apple-converted-space\">\u00a0<\/span>su difusi\u00f3n aporte al debate sobre el agua y la pol\u00edtica h\u00eddrica en la regi\u00f3n Ays\u00e9n, fomentando una mayor conciencia sobre la importancia de este recurso vital. Al mismo tiempo, que abra un di\u00e1logo sobre el papel de la fotograf\u00eda documental como medio de informaci\u00f3n visual y testimonio, as\u00ed como sobre los retos que enfrenta en la actualidad\u00bb se\u00f1al\u00f3 sobre el objetivo del proyecto<span class=\"v1gmail-Apple-converted-space\">\u00a0<\/span>Schneider. En el caso de<span class=\"v1gmail-Apple-converted-space\">\u00a0<\/span>Meyer, enfatiz\u00f3 que la idea tambi\u00e9n es que la obra \u00abmediante un enfoque art\u00edstico, facilite el acceso a un tema sociopol\u00edtico complejo y lo aleje de su lenguaje jur\u00eddico dif\u00edcil de comprender. La difusi\u00f3n no s\u00f3lo buscar\u00e1 llegar a personas del \u00e1mbito art\u00edstico y cultural, sino tambi\u00e9n m\u00e1s all\u00e1, tanto en la regi\u00f3n como a nivel internacional\u00bb.<\/span><\/p>\n<p class=\"v1MsoNormal\" style=\"text-align: justify;\"><span lang=\"ES-TRAD\">Hugo \u00c1ngel<\/span><span lang=\"ES-TRAD\">, editor de FLUQ, indic\u00f3 que \u00abvisualizamos una gran importancia de este proyecto no s\u00f3lo por el impacto territorial, socioambiental y pol\u00edtico. El fotolibro aporta tambi\u00e9n a la disciplina fotogr\u00e1fica documental y a la producci\u00f3n editorial, siendo un dispositivo est\u00e9tico y discursivo contempor\u00e1neo. Como editores nos motiva y desaf\u00eda incorporar al cat\u00e1logo FLUQ esta publicaci\u00f3n\u00bb.<\/span><\/p>\n<p class=\"v1MsoNormal\" style=\"text-align: justify;\"><span lang=\"ES-TRAD\">El proyecto cuenta con un financiamiento de poco m\u00e1s de $ 24 millones del Ministerio de las Culturas, el Arte y el Patrimonio, a los que se suma la contraparte aportada por CODESA.<\/span><\/p>\n<\/div><\/section><\/div><div  style='height:50px' class='hr hr-invisible   avia-builder-el-6  el_after_av_one_full  el_before_av_social_share '><span class='hr-inner ' ><span class='hr-inner-style'><\/span><\/span><\/div><\/p>\n<div  class='av-social-sharing-box  avia-builder-el-7  el_after_av_hr  el_before_av_hr  '><div class='av-share-box'><h5 class='av-share-link-description av-no-toc '>Compartir esta noticia<\/h5><ul class='av-share-box-list noLightbox'><li class='av-share-link av-social-link-facebook' ><a target=\"_blank\" aria-label=\"Compartir en Facebook\" href='https:\/\/www.facebook.com\/sharer.php?u=https:\/\/radiorevelacionfm.cl\/?p=51728&#038;t=%C2%ABAguas%20Libres%20en%20la%20Patagonia%C2%BB%3A%20El%20fotolibro%20que%20se%20enfocar%C3%A1%20en%20la%20realidad%20socioambiental%20de%20Ays%C3%A9n' aria-hidden='false' data-av_icon='\ue8f3' data-av_iconfont='entypo-fontello' title='' data-avia-related-tooltip='Compartir en Facebook' rel=\"noopener\"><span class='avia_hidden_link_text'>Compartir en Facebook<\/span><\/a><\/li><li class='av-share-link av-social-link-twitter' ><a target=\"_blank\" aria-label=\"Compartir en Twitter\" href='https:\/\/twitter.com\/share?text=%C2%ABAguas%20Libres%20en%20la%20Patagonia%C2%BB%3A%20El%20fotolibro%20que%20se%20enfocar%C3%A1%20en%20la%20realidad%20socioambiental%20de%20Ays%C3%A9n&#038;url=https:\/\/radiorevelacionfm.cl\/?p=51728' aria-hidden='false' data-av_icon='\ue8f1' data-av_iconfont='entypo-fontello' title='' data-avia-related-tooltip='Compartir en Twitter' rel=\"noopener\"><span class='avia_hidden_link_text'>Compartir en Twitter<\/span><\/a><\/li><li class='av-share-link av-social-link-whatsapp' ><a target=\"_blank\" aria-label=\"Compartir en Whatsapp\" href='https:\/\/api.whatsapp.com\/send?text=https:\/\/radiorevelacionfm.cl\/?p=51728' aria-hidden='false' data-av_icon='\uf232' data-av_iconfont='entypo-fontello' title='' data-avia-related-tooltip='Compartir en Whatsapp' rel=\"noopener\"><span class='avia_hidden_link_text'>Compartir en Whatsapp<\/span><\/a><\/li><li class='av-share-link av-social-link-linkedin' ><a target=\"_blank\" aria-label=\"Compartir en LinkedIn\" href='https:\/\/linkedin.com\/shareArticle?mini=true&#038;title=%C2%ABAguas%20Libres%20en%20la%20Patagonia%C2%BB%3A%20El%20fotolibro%20que%20se%20enfocar%C3%A1%20en%20la%20realidad%20socioambiental%20de%20Ays%C3%A9n&#038;url=https:\/\/radiorevelacionfm.cl\/?p=51728' aria-hidden='false' data-av_icon='\ue8fc' data-av_iconfont='entypo-fontello' title='' data-avia-related-tooltip='Compartir en LinkedIn' rel=\"noopener\"><span class='avia_hidden_link_text'>Compartir en LinkedIn<\/span><\/a><\/li><li class='av-share-link av-social-link-mail' ><a  aria-label=\"Compartir por correo\" href='mailto:?subject=%C2%ABAguas%20Libres%20en%20la%20Patagonia%C2%BB%3A%20El%20fotolibro%20que%20se%20enfocar%C3%A1%20en%20la%20realidad%20socioambiental%20de%20Ays%C3%A9n&#038;body=https:\/\/radiorevelacionfm.cl\/?p=51728' aria-hidden='false' data-av_icon='\ue805' data-av_iconfont='entypo-fontello' title='' data-avia-related-tooltip='Compartir por correo'><span class='avia_hidden_link_text'>Compartir por correo<\/span><\/a><\/li><\/ul><\/div><\/div>\n<div  style='height:50px' class='hr hr-invisible   avia-builder-el-8  el_after_av_social_share  el_before_av_comments_list '><span class='hr-inner ' ><span class='hr-inner-style'><\/span><\/span><\/div>\n<div  class='av-buildercomment  av-blog-meta-html-info-disabled av-blog-meta-tag-disabled  '><\/div>\n","protected":false},"excerpt":{"rendered":"","protected":false},"author":1,"featured_media":51729,"comment_status":"open","ping_status":"open","sticky":false,"template":"","format":"standard","meta":{"footnotes":""},"categories":[38],"tags":[],"class_list":["post-51728","post","type-post","status-publish","format-standard","has-post-thumbnail","hentry","category-regional"],"jetpack_featured_media_url":"https:\/\/radiorevelacionfm.cl\/wp-content\/uploads\/2025\/03\/Stella-Meyer-Sarah-Schneider-4-2-1-1-1-1.jpg","_links":{"self":[{"href":"https:\/\/radiorevelacionfm.cl\/index.php?rest_route=\/wp\/v2\/posts\/51728","targetHints":{"allow":["GET"]}}],"collection":[{"href":"https:\/\/radiorevelacionfm.cl\/index.php?rest_route=\/wp\/v2\/posts"}],"about":[{"href":"https:\/\/radiorevelacionfm.cl\/index.php?rest_route=\/wp\/v2\/types\/post"}],"author":[{"embeddable":true,"href":"https:\/\/radiorevelacionfm.cl\/index.php?rest_route=\/wp\/v2\/users\/1"}],"replies":[{"embeddable":true,"href":"https:\/\/radiorevelacionfm.cl\/index.php?rest_route=%2Fwp%2Fv2%2Fcomments&post=51728"}],"version-history":[{"count":1,"href":"https:\/\/radiorevelacionfm.cl\/index.php?rest_route=\/wp\/v2\/posts\/51728\/revisions"}],"predecessor-version":[{"id":51730,"href":"https:\/\/radiorevelacionfm.cl\/index.php?rest_route=\/wp\/v2\/posts\/51728\/revisions\/51730"}],"wp:featuredmedia":[{"embeddable":true,"href":"https:\/\/radiorevelacionfm.cl\/index.php?rest_route=\/wp\/v2\/media\/51729"}],"wp:attachment":[{"href":"https:\/\/radiorevelacionfm.cl\/index.php?rest_route=%2Fwp%2Fv2%2Fmedia&parent=51728"}],"wp:term":[{"taxonomy":"category","embeddable":true,"href":"https:\/\/radiorevelacionfm.cl\/index.php?rest_route=%2Fwp%2Fv2%2Fcategories&post=51728"},{"taxonomy":"post_tag","embeddable":true,"href":"https:\/\/radiorevelacionfm.cl\/index.php?rest_route=%2Fwp%2Fv2%2Ftags&post=51728"}],"curies":[{"name":"wp","href":"https:\/\/api.w.org\/{rel}","templated":true}]}}