{"id":51725,"date":"2025-03-25T11:07:38","date_gmt":"2025-03-25T14:07:38","guid":{"rendered":"https:\/\/radiorevelacionfm.cl\/?p=51725"},"modified":"2025-03-25T11:07:38","modified_gmt":"2025-03-25T14:07:38","slug":"alemania-abre-sus-puertas-a-pymes-chilenas-con-renovado-programa-de-internacionalizacion","status":"publish","type":"post","link":"https:\/\/radiorevelacionfm.cl\/?p=51725","title":{"rendered":"Alemania abre sus puertas a Pymes chilenas con renovado programa de internacionalizaci\u00f3n"},"content":{"rendered":"<div class=\"flex_column av_one_full  flex_column_div av-zero-column-padding first  avia-builder-el-0  el_before_av_one_full  avia-builder-el-first  \" style='border-radius:0px; '><div  class='avia-image-container  av-styling-    avia-builder-el-1  avia-builder-el-no-sibling  avia-align-center '  itemprop=\"image\" itemscope=\"itemscope\" itemtype=\"https:\/\/schema.org\/ImageObject\"  ><div class='avia-image-container-inner'><div class='avia-image-overlay-wrap'><img decoding=\"async\" class='wp-image-51726 avia-img-lazy-loading-not-51726 avia_image' src=\"https:\/\/radiorevelacionfm.cl\/wp-content\/uploads\/2025\/03\/foto_speedikon_pressemitteilung_bild_delegation_oktober_2024-1-1_optimized-1_optimized-1.jpg\" alt='' title='foto_speedikon_pressemitteilung_bild_delegation_oktober_2024-(1)-(1)_optimized-(1)_optimized (1)' height=\"600\" width=\"997\"  itemprop=\"thumbnailUrl\" srcset=\"https:\/\/radiorevelacionfm.cl\/wp-content\/uploads\/2025\/03\/foto_speedikon_pressemitteilung_bild_delegation_oktober_2024-1-1_optimized-1_optimized-1.jpg 997w, https:\/\/radiorevelacionfm.cl\/wp-content\/uploads\/2025\/03\/foto_speedikon_pressemitteilung_bild_delegation_oktober_2024-1-1_optimized-1_optimized-1-300x181.jpg 300w, https:\/\/radiorevelacionfm.cl\/wp-content\/uploads\/2025\/03\/foto_speedikon_pressemitteilung_bild_delegation_oktober_2024-1-1_optimized-1_optimized-1-768x462.jpg 768w, https:\/\/radiorevelacionfm.cl\/wp-content\/uploads\/2025\/03\/foto_speedikon_pressemitteilung_bild_delegation_oktober_2024-1-1_optimized-1_optimized-1-705x424.jpg 705w, https:\/\/radiorevelacionfm.cl\/wp-content\/uploads\/2025\/03\/foto_speedikon_pressemitteilung_bild_delegation_oktober_2024-1-1_optimized-1_optimized-1-450x271.jpg 450w, https:\/\/radiorevelacionfm.cl\/wp-content\/uploads\/2025\/03\/foto_speedikon_pressemitteilung_bild_delegation_oktober_2024-1-1_optimized-1_optimized-1-600x361.jpg 600w\" sizes=\"(max-width: 997px) 100vw, 997px\" \/><\/div><\/div><\/div><\/div><div class=\"flex_column av_one_full  flex_column_div av-zero-column-padding first  avia-builder-el-2  el_after_av_one_full  el_before_av_one_full  column-top-margin\" style='border-radius:0px; '><section class=\"av_textblock_section \"  itemscope=\"itemscope\" itemtype=\"https:\/\/schema.org\/BlogPosting\" itemprop=\"blogPost\" ><div class='avia_textblock  '   itemprop=\"text\" ><p style=\"text-align: center;\"><span style=\"font-size: 18pt;\"><b>Alemania abre sus puertas a Pymes chilenas con renovado programa de internacionalizaci\u00f3n<\/b><\/span><\/p>\n<div id=\"gtx-trans\" style=\"position: absolute; left: -50px; top: 4.31534px;\">\n<div class=\"gtx-trans-icon\"><\/div>\n<\/div>\n<\/div><\/section><\/div><div class=\"flex_column av_one_full  flex_column_div av-zero-column-padding first  avia-builder-el-4  el_after_av_one_full  el_before_av_hr  column-top-margin\" style='border-radius:0px; '><section class=\"av_textblock_section \"  itemscope=\"itemscope\" itemtype=\"https:\/\/schema.org\/BlogPosting\" itemprop=\"blogPost\" ><div class='avia_textblock  '   itemprop=\"text\" ><p style=\"text-align: justify;\">En esta versi\u00f3n <a href=\"https:\/\/sway.cloud.microsoft\/ktvqehwcqW7cCpou?ref=LinkedIn\" data-saferedirecturl=\"https:\/\/www.google.com\/url?q=https:\/\/sway.cloud.microsoft\/ktvqehwcqW7cCpou?ref%3DLinkedIn&amp;source=gmail&amp;ust=1742927728845000&amp;usg=AOvVaw0oqmlj_rTloNivTODwgN9s\">Partnering in Business with Germany\u00a0<\/a>\u00a0pondr\u00e1 foco en empresas de energ\u00edas renovables, eficiencia energ\u00e9tica, ecodise\u00f1o, econom\u00eda circular, edificios sostenibles, movilidad el\u00e9ctrica y producci\u00f3n limpia en general.<\/p>\n<p style=\"text-align: justify;\">Con el objetivo de fortalecer la internacionalizaci\u00f3n de las peque\u00f1as y medianas empresas chilenas, el gobierno alem\u00e1n, en conjunto con GIZ, el Ministerio de Econom\u00eda, Fomento y Turismo de Chile y Corfo, abrieron la primera convocatoria 2025 para fortalecer la colaboraci\u00f3n comercial entre ambos pa\u00edses.<\/p>\n<p style=\"text-align: justify;\">La iniciativa permite a los beneficiarios participar en un programa de formaci\u00f3n especializada y un viaje de tres semanas a ese pa\u00eds para conectar con potenciales socios estrat\u00e9gicos alemanes. En esta versi\u00f3n, el foco est\u00e1 puesto en sectores como energ\u00edas renovables, eficiencia energ\u00e9tica, ecodise\u00f1o, econom\u00eda circular, edificios sostenibles, movilidad el\u00e9ctrica y ecopackaging; no obstante, ning\u00fan sector productivo queda excluido de la convocatoria.<\/p>\n<p style=\"text-align: justify;\">\u201cImpulsar la conexi\u00f3n comercial y tecnol\u00f3gica con otros pa\u00edses es clave para que nuestras pymes sigan creciendo con visi\u00f3n de futuro. Conocer modelos productivos innovadores abre puertas a soluciones concretas para avanzar hacia un desarrollo sostenible. Hoy contamos con una comunidad de m\u00e1s de 300 gerentes de peque\u00f1as y medianas empresas que, gracias a esta experiencia, han podido vincularse con el mercado alem\u00e1n, generar alianzas estrat\u00e9gicas y establecer relaciones de largo plazo\u201d, indic\u00f3 Humberto Mar\u00edn Leiva, director de Corfo Ays\u00e9n<\/p>\n<p style=\"text-align: justify;\"><strong>Un programa con cuatro fases clave<\/strong><\/p>\n<p style=\"text-align: justify;\">El\u00a0<a href=\"https:\/\/sway.cloud.microsoft\/ktvqehwcqW7cCpou?ref=LinkedIn\" data-saferedirecturl=\"https:\/\/www.google.com\/url?q=https:\/\/sway.cloud.microsoft\/ktvqehwcqW7cCpou?ref%3DLinkedIn&amp;source=gmail&amp;ust=1742927728845000&amp;usg=AOvVaw0oqmlj_rTloNivTODwgN9s\">programa<\/a>\u00a0est\u00e1 estructurado en cuatro etapas, que en total suman 9 semanas de entrenamiento:<\/p>\n<ol style=\"text-align: justify;\">\n<li><strong>Taller introductorio<\/strong>, donde los participantes reciben una visi\u00f3n general del programa y sus objetivos.<\/li>\n<li><strong>Capacitaci\u00f3n especializada<\/strong>, impartida por un centro de formaci\u00f3n alem\u00e1n certificado, donde se fortalecen competencias en gesti\u00f3n empresarial, desarrollo de proyectos comerciales y relaciones internacionales.<\/li>\n<li><strong>Viaje a Alemania<\/strong>, programado entre el lunes 16 de junio a jueves 3 de julio 2025. Durante tres semanas, los seleccionados asistir\u00e1n a la feria de Hannover \u2014uno de los eventos industriales m\u00e1s importantes del mundo\u2014, participar\u00e1n en reuniones empresariales y en actividades grupales de networking.<\/li>\n<li><strong>Seguimiento del proyecto<\/strong>, donde los participantes desarrollar\u00e1n sus iniciativas comerciales con el apoyo del programa.<\/li>\n<\/ol>\n<p style=\"text-align: justify;\"><strong>Requisitos y financiamiento<\/strong><\/p>\n<p style=\"text-align: justify;\">Para postular, se requiere dominio avanzado de ingl\u00e9s y la presentaci\u00f3n de un proyecto de cooperaci\u00f3n comercial con visi\u00f3n de largo plazo. Adem\u00e1s, las empresas deben contar con un producto o servicio ya disponible en el mercado.<\/p>\n<p style=\"text-align: justify;\">El programa cubre la capacitaci\u00f3n, alojamiento con media pensi\u00f3n en Alemania, transporte a reuniones y visitas a empresas, adem\u00e1s de seguros b\u00e1sicos de salud, accidentes y responsabilidad civil. Los participantes deber\u00e1n costear su pasaje a\u00e9reo y cualquier gasto adicional en caso de extender su estad\u00eda.<\/p>\n<p style=\"text-align: justify;\">La convocatoria estar\u00e1 abierta hasta el lunes 7 de abril de 2025 a las 15:00 horas. Las postulaciones se realizan a trav\u00e9s del sitio web\u00a0<a href=\"https:\/\/www.corfo.cl\/\" data-saferedirecturl=\"https:\/\/www.google.com\/url?q=https:\/\/www.corfo.cl&amp;source=gmail&amp;ust=1742927728845000&amp;usg=AOvVaw26BHtLTwvPhpddk_Yc85SL\"><strong>www.corfo.cl<\/strong><\/a>. M\u00e1s informaci\u00f3n disponible\u00a0<a href=\"https:\/\/sway.cloud.microsoft\/ktvqehwcqW7cCpou?ref=LinkedIn\" data-saferedirecturl=\"https:\/\/www.google.com\/url?q=https:\/\/sway.cloud.microsoft\/ktvqehwcqW7cCpou?ref%3DLinkedIn&amp;source=gmail&amp;ust=1742927728845000&amp;usg=AOvVaw0oqmlj_rTloNivTODwgN9s\">aqu\u00ed<\/a>.<\/p>\n<\/div><\/section><\/div><div  style='height:50px' class='hr hr-invisible   avia-builder-el-6  el_after_av_one_full  el_before_av_social_share '><span class='hr-inner ' ><span class='hr-inner-style'><\/span><\/span><\/div><\/p>\n<div  class='av-social-sharing-box  avia-builder-el-7  el_after_av_hr  el_before_av_hr  '><div class='av-share-box'><h5 class='av-share-link-description av-no-toc '>Compartir esta noticia<\/h5><ul class='av-share-box-list noLightbox'><li class='av-share-link av-social-link-facebook' ><a target=\"_blank\" aria-label=\"Compartir en Facebook\" href='https:\/\/www.facebook.com\/sharer.php?u=https:\/\/radiorevelacionfm.cl\/?p=51725&#038;t=Alemania%20abre%20sus%20puertas%20a%20Pymes%20chilenas%20con%20renovado%20programa%20de%20internacionalizaci%C3%B3n' aria-hidden='false' data-av_icon='\ue8f3' data-av_iconfont='entypo-fontello' title='' data-avia-related-tooltip='Compartir en Facebook' rel=\"noopener\"><span class='avia_hidden_link_text'>Compartir en Facebook<\/span><\/a><\/li><li class='av-share-link av-social-link-twitter' ><a target=\"_blank\" aria-label=\"Compartir en Twitter\" href='https:\/\/twitter.com\/share?text=Alemania%20abre%20sus%20puertas%20a%20Pymes%20chilenas%20con%20renovado%20programa%20de%20internacionalizaci%C3%B3n&#038;url=https:\/\/radiorevelacionfm.cl\/?p=51725' aria-hidden='false' data-av_icon='\ue8f1' data-av_iconfont='entypo-fontello' title='' data-avia-related-tooltip='Compartir en Twitter' rel=\"noopener\"><span class='avia_hidden_link_text'>Compartir en Twitter<\/span><\/a><\/li><li class='av-share-link av-social-link-whatsapp' ><a target=\"_blank\" aria-label=\"Compartir en Whatsapp\" href='https:\/\/api.whatsapp.com\/send?text=https:\/\/radiorevelacionfm.cl\/?p=51725' aria-hidden='false' data-av_icon='\uf232' data-av_iconfont='entypo-fontello' title='' data-avia-related-tooltip='Compartir en Whatsapp' rel=\"noopener\"><span class='avia_hidden_link_text'>Compartir en Whatsapp<\/span><\/a><\/li><li class='av-share-link av-social-link-linkedin' ><a target=\"_blank\" aria-label=\"Compartir en LinkedIn\" href='https:\/\/linkedin.com\/shareArticle?mini=true&#038;title=Alemania%20abre%20sus%20puertas%20a%20Pymes%20chilenas%20con%20renovado%20programa%20de%20internacionalizaci%C3%B3n&#038;url=https:\/\/radiorevelacionfm.cl\/?p=51725' aria-hidden='false' data-av_icon='\ue8fc' data-av_iconfont='entypo-fontello' title='' data-avia-related-tooltip='Compartir en LinkedIn' rel=\"noopener\"><span class='avia_hidden_link_text'>Compartir en LinkedIn<\/span><\/a><\/li><li class='av-share-link av-social-link-mail' ><a  aria-label=\"Compartir por correo\" href='mailto:?subject=Alemania%20abre%20sus%20puertas%20a%20Pymes%20chilenas%20con%20renovado%20programa%20de%20internacionalizaci%C3%B3n&#038;body=https:\/\/radiorevelacionfm.cl\/?p=51725' aria-hidden='false' data-av_icon='\ue805' data-av_iconfont='entypo-fontello' title='' data-avia-related-tooltip='Compartir por correo'><span class='avia_hidden_link_text'>Compartir por correo<\/span><\/a><\/li><\/ul><\/div><\/div>\n<div  style='height:50px' class='hr hr-invisible   avia-builder-el-8  el_after_av_social_share  el_before_av_comments_list '><span class='hr-inner ' ><span class='hr-inner-style'><\/span><\/span><\/div>\n<div  class='av-buildercomment  av-blog-meta-html-info-disabled av-blog-meta-tag-disabled  '><\/div>\n","protected":false},"excerpt":{"rendered":"","protected":false},"author":1,"featured_media":51726,"comment_status":"open","ping_status":"open","sticky":false,"template":"","format":"standard","meta":{"footnotes":""},"categories":[61],"tags":[],"class_list":["post-51725","post","type-post","status-publish","format-standard","has-post-thumbnail","hentry","category-nacional"],"jetpack_featured_media_url":"https:\/\/radiorevelacionfm.cl\/wp-content\/uploads\/2025\/03\/foto_speedikon_pressemitteilung_bild_delegation_oktober_2024-1-1_optimized-1_optimized-1.jpg","_links":{"self":[{"href":"https:\/\/radiorevelacionfm.cl\/index.php?rest_route=\/wp\/v2\/posts\/51725","targetHints":{"allow":["GET"]}}],"collection":[{"href":"https:\/\/radiorevelacionfm.cl\/index.php?rest_route=\/wp\/v2\/posts"}],"about":[{"href":"https:\/\/radiorevelacionfm.cl\/index.php?rest_route=\/wp\/v2\/types\/post"}],"author":[{"embeddable":true,"href":"https:\/\/radiorevelacionfm.cl\/index.php?rest_route=\/wp\/v2\/users\/1"}],"replies":[{"embeddable":true,"href":"https:\/\/radiorevelacionfm.cl\/index.php?rest_route=%2Fwp%2Fv2%2Fcomments&post=51725"}],"version-history":[{"count":1,"href":"https:\/\/radiorevelacionfm.cl\/index.php?rest_route=\/wp\/v2\/posts\/51725\/revisions"}],"predecessor-version":[{"id":51727,"href":"https:\/\/radiorevelacionfm.cl\/index.php?rest_route=\/wp\/v2\/posts\/51725\/revisions\/51727"}],"wp:featuredmedia":[{"embeddable":true,"href":"https:\/\/radiorevelacionfm.cl\/index.php?rest_route=\/wp\/v2\/media\/51726"}],"wp:attachment":[{"href":"https:\/\/radiorevelacionfm.cl\/index.php?rest_route=%2Fwp%2Fv2%2Fmedia&parent=51725"}],"wp:term":[{"taxonomy":"category","embeddable":true,"href":"https:\/\/radiorevelacionfm.cl\/index.php?rest_route=%2Fwp%2Fv2%2Fcategories&post=51725"},{"taxonomy":"post_tag","embeddable":true,"href":"https:\/\/radiorevelacionfm.cl\/index.php?rest_route=%2Fwp%2Fv2%2Ftags&post=51725"}],"curies":[{"name":"wp","href":"https:\/\/api.w.org\/{rel}","templated":true}]}}