{"id":51716,"date":"2025-03-24T14:40:32","date_gmt":"2025-03-24T17:40:32","guid":{"rendered":"https:\/\/radiorevelacionfm.cl\/?p=51716"},"modified":"2025-03-24T14:40:32","modified_gmt":"2025-03-24T17:40:32","slug":"jardin-infantil-martin-pescador-celebra-su-primera-feria-cientifica","status":"publish","type":"post","link":"https:\/\/radiorevelacionfm.cl\/?p=51716","title":{"rendered":"Jard\u00edn Infantil Mart\u00edn Pescador celebra su primera Feria Cient\u00edfica"},"content":{"rendered":"<div class=\"flex_column av_one_full  flex_column_div av-zero-column-padding first  avia-builder-el-0  el_before_av_one_full  avia-builder-el-first  \" style='border-radius:0px; '><div  class='avia-image-container  av-styling-    avia-builder-el-1  avia-builder-el-no-sibling  avia-align-center '  itemprop=\"image\" itemscope=\"itemscope\" itemtype=\"https:\/\/schema.org\/ImageObject\"  ><div class='avia-image-container-inner'><div class='avia-image-overlay-wrap'><img decoding=\"async\" class='wp-image-51717 avia-img-lazy-loading-not-51717 avia_image' src=\"https:\/\/radiorevelacionfm.cl\/wp-content\/uploads\/2025\/03\/img_5548-1_optimized-1.jpg\" alt='' title='img_5548-(1)_optimized (1)' height=\"600\" width=\"1067\"  itemprop=\"thumbnailUrl\" srcset=\"https:\/\/radiorevelacionfm.cl\/wp-content\/uploads\/2025\/03\/img_5548-1_optimized-1.jpg 1067w, https:\/\/radiorevelacionfm.cl\/wp-content\/uploads\/2025\/03\/img_5548-1_optimized-1-300x169.jpg 300w, https:\/\/radiorevelacionfm.cl\/wp-content\/uploads\/2025\/03\/img_5548-1_optimized-1-1030x579.jpg 1030w, https:\/\/radiorevelacionfm.cl\/wp-content\/uploads\/2025\/03\/img_5548-1_optimized-1-768x432.jpg 768w, https:\/\/radiorevelacionfm.cl\/wp-content\/uploads\/2025\/03\/img_5548-1_optimized-1-705x396.jpg 705w, https:\/\/radiorevelacionfm.cl\/wp-content\/uploads\/2025\/03\/img_5548-1_optimized-1-450x253.jpg 450w, https:\/\/radiorevelacionfm.cl\/wp-content\/uploads\/2025\/03\/img_5548-1_optimized-1-600x337.jpg 600w\" sizes=\"(max-width: 1067px) 100vw, 1067px\" \/><\/div><\/div><\/div><\/div><div class=\"flex_column av_one_full  flex_column_div av-zero-column-padding first  avia-builder-el-2  el_after_av_one_full  el_before_av_one_full  column-top-margin\" style='border-radius:0px; '><section class=\"av_textblock_section \"  itemscope=\"itemscope\" itemtype=\"https:\/\/schema.org\/BlogPosting\" itemprop=\"blogPost\" ><div class='avia_textblock  '   itemprop=\"text\" ><p style=\"text-align: center;\"><strong><span style=\"font-size: 18pt;\">Jard\u00edn Infantil Mart\u00edn Pescador celebra su primera Feria Cient\u00edfica<\/span><\/strong><\/p>\n<div id=\"gtx-trans\" style=\"position: absolute; left: -50px; top: 4.31534px;\">\n<div class=\"gtx-trans-icon\"><\/div>\n<\/div>\n<\/div><\/section><\/div><div class=\"flex_column av_one_full  flex_column_div av-zero-column-padding first  avia-builder-el-4  el_after_av_one_full  el_before_av_hr  column-top-margin\" style='border-radius:0px; '><section class=\"av_textblock_section \"  itemscope=\"itemscope\" itemtype=\"https:\/\/schema.org\/BlogPosting\" itemprop=\"blogPost\" ><div class='avia_textblock  '   itemprop=\"text\" ><p style=\"text-align: justify;\">Como una forma de celebrar su 7\u00b0 aniversario y para dar a conocer las maravillosas pr\u00e1cticas pedag\u00f3gicas que se realizan en este jard\u00edn infantil de Junji desde su sello educativo cient\u00edfico, se realiz\u00f3 la primera feria cient\u00edfica.<\/p>\n<p style=\"text-align: justify;\">Una instancia para que las familias y la comunidad vivencien a trav\u00e9s de diferentes estaciones de experimentos, actividades y demostraciones sensoriales c\u00f3mo es que ni\u00f1os y ni\u00f1as aprenden. Malvina Aguilera, directora del Jard\u00edn Infantil Mart\u00edn Pescador coment\u00f3 de la importancia que tiene este tipo de pr\u00e1cticas educativas: \u201cA trav\u00e9s de la exploraci\u00f3n, la indagaci\u00f3n, la observaci\u00f3n, permite que los ni\u00f1os y ni\u00f1as manipulen y exploren diversos materiales y desde ah\u00ed ellos se problematizan, cuestiona el mundo que los rodea\u201d se\u00f1al\u00f3.<\/p>\n<p style=\"text-align: justify;\">El evento cont\u00f3 una serie de stand interactivos donde ni\u00f1os y ni\u00f1as y sus familias pudieron echar a volar su imaginaci\u00f3n a trav\u00e9s del juego y la exploraci\u00f3n directa.<\/p>\n<p style=\"text-align: justify;\">\u201cEsta es la primera feria de ciencias que organiza el jard\u00edn infantil Mart\u00edn Pescador, que adem\u00e1s se enmarca en su 7\u00b0 aniversario. Es una invitaci\u00f3n entonces, no solamente a ni\u00f1as y ni\u00f1os de esta unidad educativa, sino que tambi\u00e9n de nuestras otras unidades educativas en Coyhaique y sobre todo a las familias, para que puedan conocer todos los procesos de aprendizaje relativo a la ciencia que d\u00eda a d\u00eda viven nuestras ni\u00f1as y ni\u00f1os en cada una de nuestras aulas\u201d Dijo Juan Eduardo Lorca Valdivia, director regional de Junji Ays\u00e9n.<\/p>\n<p style=\"text-align: justify;\">La ciencia y su aprendizaje en edades tempranas como la educaci\u00f3n inicial fomenta habilidades muy positivas, como: el pensamiento critico y l\u00f3gico, promueve la curiosidad la resoluci\u00f3n de problemas y el amor por el conocimiento.\u00a0 Bien lo sabe el Programa Asociativo Regional Explora Ays\u00e9n, de la Universidad Austral de Chile, quienes se hicieron parte de esta actividad, la encargada regional del programa PIPE, Melissa Zabala, se\u00f1al\u00f3: \u201cEstamos muy contentas de haber venido aqu\u00ed, hace ya varios a\u00f1os que venimos trabajando con ellos y hemos visto c\u00f3mo ha podido hacer crecer su sello cient\u00edfico integral. Como todas las educadoras y t\u00e9cnicas se han unido a este trabajo de promover y valorar la ciencia en esta etapa. Es muy interesante c\u00f3mo plantean su aniversario, desde la ciencia, como conducen a ni\u00f1os y ni\u00f1as desde lo cient\u00edfico, llev\u00e1ndolos a las distintas maneras de ver el mundo\u201d destac\u00f3.<\/p>\n<p style=\"text-align: justify;\">Este evento no s\u00f3lo fue una instancia para que los ni\u00f1os y ni\u00f1as se acercaran a la ciencia, sino que tambi\u00e9n sirvi\u00f3 como oportunidad para que las familias y educadores compartieran y aprendieran juntos sobre la importancia de incorporar pr\u00e1cticas cient\u00edficas en la educaci\u00f3n parvularia.<\/p>\n<p style=\"text-align: justify;\">Jard\u00edn infantil Mart\u00edn Pescador de Coyhaique est\u00e1 ubicado en Santo Tom\u00e1s #2325 Villa San Ignacio. Posee vacantes para este a\u00f1o 2025 para ni\u00f1os y ni\u00f1as de 0 a 4 a\u00f1os.<\/p>\n<p style=\"text-align: justify;\">M\u00e1s informaci\u00f3n comunic\u00e1ndote con la plataforma SIAC: 672577307- 672577371 o escribiendo a mjarar@junji.cl &#8211; snaguelquin@junji.cl. Adem\u00e1s, puede hacer su inscripci\u00f3n directamente en el sitio www.junji.gob.cl<\/p>\n<\/div><\/section><\/div><div  style='height:50px' class='hr hr-invisible   avia-builder-el-6  el_after_av_one_full  el_before_av_social_share '><span class='hr-inner ' ><span class='hr-inner-style'><\/span><\/span><\/div><\/p>\n<div  class='av-social-sharing-box  avia-builder-el-7  el_after_av_hr  el_before_av_hr  '><div class='av-share-box'><h5 class='av-share-link-description av-no-toc '>Compartir esta noticia<\/h5><ul class='av-share-box-list noLightbox'><li class='av-share-link av-social-link-facebook' ><a target=\"_blank\" aria-label=\"Compartir en Facebook\" href='https:\/\/www.facebook.com\/sharer.php?u=https:\/\/radiorevelacionfm.cl\/?p=51716&#038;t=Jard%C3%ADn%20Infantil%20Mart%C3%ADn%20Pescador%20celebra%20su%20primera%20Feria%20Cient%C3%ADfica' aria-hidden='false' data-av_icon='\ue8f3' data-av_iconfont='entypo-fontello' title='' data-avia-related-tooltip='Compartir en Facebook' rel=\"noopener\"><span class='avia_hidden_link_text'>Compartir en Facebook<\/span><\/a><\/li><li class='av-share-link av-social-link-twitter' ><a target=\"_blank\" aria-label=\"Compartir en Twitter\" href='https:\/\/twitter.com\/share?text=Jard%C3%ADn%20Infantil%20Mart%C3%ADn%20Pescador%20celebra%20su%20primera%20Feria%20Cient%C3%ADfica&#038;url=https:\/\/radiorevelacionfm.cl\/?p=51716' aria-hidden='false' data-av_icon='\ue8f1' data-av_iconfont='entypo-fontello' title='' data-avia-related-tooltip='Compartir en Twitter' rel=\"noopener\"><span class='avia_hidden_link_text'>Compartir en Twitter<\/span><\/a><\/li><li class='av-share-link av-social-link-whatsapp' ><a target=\"_blank\" aria-label=\"Compartir en Whatsapp\" href='https:\/\/api.whatsapp.com\/send?text=https:\/\/radiorevelacionfm.cl\/?p=51716' aria-hidden='false' data-av_icon='\uf232' data-av_iconfont='entypo-fontello' title='' data-avia-related-tooltip='Compartir en Whatsapp' rel=\"noopener\"><span class='avia_hidden_link_text'>Compartir en Whatsapp<\/span><\/a><\/li><li class='av-share-link av-social-link-linkedin' ><a target=\"_blank\" aria-label=\"Compartir en LinkedIn\" href='https:\/\/linkedin.com\/shareArticle?mini=true&#038;title=Jard%C3%ADn%20Infantil%20Mart%C3%ADn%20Pescador%20celebra%20su%20primera%20Feria%20Cient%C3%ADfica&#038;url=https:\/\/radiorevelacionfm.cl\/?p=51716' aria-hidden='false' data-av_icon='\ue8fc' data-av_iconfont='entypo-fontello' title='' data-avia-related-tooltip='Compartir en LinkedIn' rel=\"noopener\"><span class='avia_hidden_link_text'>Compartir en LinkedIn<\/span><\/a><\/li><li class='av-share-link av-social-link-mail' ><a  aria-label=\"Compartir por correo\" href='mailto:?subject=Jard%C3%ADn%20Infantil%20Mart%C3%ADn%20Pescador%20celebra%20su%20primera%20Feria%20Cient%C3%ADfica&#038;body=https:\/\/radiorevelacionfm.cl\/?p=51716' aria-hidden='false' data-av_icon='\ue805' data-av_iconfont='entypo-fontello' title='' data-avia-related-tooltip='Compartir por correo'><span class='avia_hidden_link_text'>Compartir por correo<\/span><\/a><\/li><\/ul><\/div><\/div>\n<div  style='height:50px' class='hr hr-invisible   avia-builder-el-8  el_after_av_social_share  el_before_av_comments_list '><span class='hr-inner ' ><span class='hr-inner-style'><\/span><\/span><\/div>\n<div  class='av-buildercomment  av-blog-meta-html-info-disabled av-blog-meta-tag-disabled  '><\/div>\n","protected":false},"excerpt":{"rendered":"","protected":false},"author":1,"featured_media":51717,"comment_status":"open","ping_status":"open","sticky":false,"template":"","format":"standard","meta":{"footnotes":""},"categories":[49],"tags":[],"class_list":["post-51716","post","type-post","status-publish","format-standard","has-post-thumbnail","hentry","category-educacion"],"jetpack_featured_media_url":"https:\/\/radiorevelacionfm.cl\/wp-content\/uploads\/2025\/03\/img_5548-1_optimized-1.jpg","_links":{"self":[{"href":"https:\/\/radiorevelacionfm.cl\/index.php?rest_route=\/wp\/v2\/posts\/51716","targetHints":{"allow":["GET"]}}],"collection":[{"href":"https:\/\/radiorevelacionfm.cl\/index.php?rest_route=\/wp\/v2\/posts"}],"about":[{"href":"https:\/\/radiorevelacionfm.cl\/index.php?rest_route=\/wp\/v2\/types\/post"}],"author":[{"embeddable":true,"href":"https:\/\/radiorevelacionfm.cl\/index.php?rest_route=\/wp\/v2\/users\/1"}],"replies":[{"embeddable":true,"href":"https:\/\/radiorevelacionfm.cl\/index.php?rest_route=%2Fwp%2Fv2%2Fcomments&post=51716"}],"version-history":[{"count":1,"href":"https:\/\/radiorevelacionfm.cl\/index.php?rest_route=\/wp\/v2\/posts\/51716\/revisions"}],"predecessor-version":[{"id":51718,"href":"https:\/\/radiorevelacionfm.cl\/index.php?rest_route=\/wp\/v2\/posts\/51716\/revisions\/51718"}],"wp:featuredmedia":[{"embeddable":true,"href":"https:\/\/radiorevelacionfm.cl\/index.php?rest_route=\/wp\/v2\/media\/51717"}],"wp:attachment":[{"href":"https:\/\/radiorevelacionfm.cl\/index.php?rest_route=%2Fwp%2Fv2%2Fmedia&parent=51716"}],"wp:term":[{"taxonomy":"category","embeddable":true,"href":"https:\/\/radiorevelacionfm.cl\/index.php?rest_route=%2Fwp%2Fv2%2Fcategories&post=51716"},{"taxonomy":"post_tag","embeddable":true,"href":"https:\/\/radiorevelacionfm.cl\/index.php?rest_route=%2Fwp%2Fv2%2Ftags&post=51716"}],"curies":[{"name":"wp","href":"https:\/\/api.w.org\/{rel}","templated":true}]}}