{"id":51701,"date":"2025-03-22T21:51:54","date_gmt":"2025-03-23T00:51:54","guid":{"rendered":"https:\/\/radiorevelacionfm.cl\/?p=51701"},"modified":"2025-03-22T21:51:54","modified_gmt":"2025-03-23T00:51:54","slug":"gobierno-en-terreno-se-despliega-a-puerto-chacabuco-con-conversatorio-de-seguridad-laboral","status":"publish","type":"post","link":"https:\/\/radiorevelacionfm.cl\/?p=51701","title":{"rendered":"Gobierno en Terreno se despliega a Puerto Chacabuco con conversatorio de Seguridad Laboral"},"content":{"rendered":"<div class=\"flex_column av_one_full  flex_column_div av-zero-column-padding first  avia-builder-el-0  el_before_av_one_full  avia-builder-el-first  \" style='border-radius:0px; '><div  class='avia-image-container  av-styling-    avia-builder-el-1  avia-builder-el-no-sibling  avia-align-center '  itemprop=\"image\" itemscope=\"itemscope\" itemtype=\"https:\/\/schema.org\/ImageObject\"  ><div class='avia-image-container-inner'><div class='avia-image-overlay-wrap'><img decoding=\"async\" class='wp-image-51702 avia-img-lazy-loading-not-51702 avia_image' src=\"https:\/\/radiorevelacionfm.cl\/wp-content\/uploads\/2025\/03\/foto-gobierno-en-terreno-puerto-chacabuco-1_optimized-1.jpg\" alt='' title='foto-gobierno-en-terreno-puerto-chacabuco-(1)_optimized (1)' height=\"600\" width=\"1335\"  itemprop=\"thumbnailUrl\" srcset=\"https:\/\/radiorevelacionfm.cl\/wp-content\/uploads\/2025\/03\/foto-gobierno-en-terreno-puerto-chacabuco-1_optimized-1.jpg 1335w, https:\/\/radiorevelacionfm.cl\/wp-content\/uploads\/2025\/03\/foto-gobierno-en-terreno-puerto-chacabuco-1_optimized-1-300x135.jpg 300w, https:\/\/radiorevelacionfm.cl\/wp-content\/uploads\/2025\/03\/foto-gobierno-en-terreno-puerto-chacabuco-1_optimized-1-1030x463.jpg 1030w, https:\/\/radiorevelacionfm.cl\/wp-content\/uploads\/2025\/03\/foto-gobierno-en-terreno-puerto-chacabuco-1_optimized-1-768x345.jpg 768w, https:\/\/radiorevelacionfm.cl\/wp-content\/uploads\/2025\/03\/foto-gobierno-en-terreno-puerto-chacabuco-1_optimized-1-705x317.jpg 705w, https:\/\/radiorevelacionfm.cl\/wp-content\/uploads\/2025\/03\/foto-gobierno-en-terreno-puerto-chacabuco-1_optimized-1-450x202.jpg 450w, https:\/\/radiorevelacionfm.cl\/wp-content\/uploads\/2025\/03\/foto-gobierno-en-terreno-puerto-chacabuco-1_optimized-1-600x270.jpg 600w\" sizes=\"(max-width: 1335px) 100vw, 1335px\" \/><\/div><\/div><\/div><\/div><div class=\"flex_column av_one_full  flex_column_div av-zero-column-padding first  avia-builder-el-2  el_after_av_one_full  el_before_av_one_full  column-top-margin\" style='border-radius:0px; '><section class=\"av_textblock_section \"  itemscope=\"itemscope\" itemtype=\"https:\/\/schema.org\/BlogPosting\" itemprop=\"blogPost\" ><div class='avia_textblock  '   itemprop=\"text\" ><p style=\"text-align: center;\"><span style=\"font-size: 18pt;\"><strong>Gobierno en Terreno se despliega a Puerto Chacabuco con conversatorio de Seguridad Laboral<\/strong><\/span><\/p>\n<div id=\"gtx-trans\" style=\"position: absolute; left: -50px; top: 4.31534px;\">\n<div class=\"gtx-trans-icon\"><\/div>\n<\/div>\n<\/div><\/section><\/div><div class=\"flex_column av_one_full  flex_column_div av-zero-column-padding first  avia-builder-el-4  el_after_av_one_full  el_before_av_hr  column-top-margin\" style='border-radius:0px; '><section class=\"av_textblock_section \"  itemscope=\"itemscope\" itemtype=\"https:\/\/schema.org\/BlogPosting\" itemprop=\"blogPost\" ><div class='avia_textblock  '   itemprop=\"text\" ><p style=\"text-align: justify;\">En Puerto Chacabuco, esta semana el programa Gobierno en Terreno se despleg\u00f3 con espacio para mujeres, en conmemoraci\u00f3n al mes de la mujer donde se pudieron conversar diversas \u00e1reas laborales con ellas, y aclarar dudas relevantes sobre normativas que actualmente rigen el c\u00f3digo del trabajo.<\/p>\n<p style=\"text-align: justify;\">En la actividad estuvieron presentes, el Delegado Presidencial Provincial de Ays\u00e9n, Rodrigo Moreno Rivera, la Seremi del Trabajo, Camila Covarrubias Retamal, el Director del Trabajo, Christian Aros, \u00a0y adem\u00e1s el Instituto de Seguridad Laboral (ISL).<\/p>\n<p style=\"text-align: justify;\">Durante la exposici\u00f3n las asistentes aclararon dudas sobre diferentes procesos que no comprend\u00edan del todo como se realizaban de acuerdo a las nuevas leyes y normativas.<\/p>\n<p style=\"text-align: justify;\">La Seremi del Trabajo afirm\u00f3 que, \u201cJunto con el delegado Presidencial Provincial de Ays\u00e9n, hemos querido este 8M conmemorar el mes de mujer realizando un conversatorio junto a nuestra cartera con la Direcci\u00f3n del Trabajo y el Instituto del Instituto de Seguridad Laboral para reflexionar y hablar respecto a las diferentes brechas que todav\u00eda existen en el mundo laboral para las mujeres. En particular hoy abordamos las tem\u00e1ticas de la seguridad laboral en los espacios de trabajo que nos permiti\u00f3 realizar un conversatorio, resolver dudas; y que tambi\u00e9n pudieran conocer m\u00e1s sobre las normativas. Es relevante, y como gobierno tenemos un compromiso de poder complementar con las diferentes leyes y normativas con las que trabajamos, poder resaltar tambi\u00e9n algunas leyes como son la conciliaci\u00f3n de la vida personal, familiar y laboral, la ley 40 horas, la ley Sanna, la ley TEA y que permite principalmente a las mujeres que somos quienes nos dedicamos a labores de cuidado, conciliar el mundo del trabajo con la vida personal, y tambi\u00e9n por lo tanto se nos abre mayores oportunidades en los campos laborales\u201d.<\/p>\n<p style=\"text-align: justify;\">El Delegado Presidencial provincial de Ays\u00e9n, se\u00f1al\u00f3 que, \u201cComo Gobierno del Presidente Gabriel Boric, estamos preocupados de poder llegar a todos los rincones de nuestra provincia a trav\u00e9s del Gobierno en terreno y este mes particularmente conmemorando el d\u00eda internacional de la Mujer y junto a la cartera de trabajo estamos en Chacabuco conversando sobre Seguridad Laboral con la finalidad de que todas las mujeres de distintos rubros puedas aclarar sus dudas y as\u00ed avanzar en temas de g\u00e9nero. Queremos lograr esa igualdad por la que tanto hemos trabajado.<\/p>\n<p style=\"text-align: justify;\">Alicia Lucerina Ruiz, Presidenta del Sindicato Mujeres del Mar, destac\u00f3 que, \u201cPor primera vez, lo veo s\u00faper bien porque esto es provechoso para la informaci\u00f3n que uno adquiere para\u00a0 trasmitirla a los socios que uno tiene, y as\u00ed aclarar algunas dudas, pues esta es la forma de trabajar en terreno con la gente. Es relevante destacar la Ley Karin y la Ley 40 horas, que hayan logrado salir en este gobierno\u201d.<\/p>\n<p style=\"text-align: justify;\">Georgette Rubilar Uribe, Presidenta del Sindicato de Estibadores de Puerto Ays\u00e9n, relat\u00f3, \u201cMi sindicato est\u00e1 compuesto de un 40% de mujeres y un 60% de hombres, el d\u00eda de hoy fuimos invitados a una actividad de gobierno en terreno donde se reconoce a la mujer y son bonitas estas instancias informando a la gente, al rubro trabajador, ya que esta zona y este puerto est\u00e1 compuesto por muchas mujeres que trabajan y se esfuerzan por llevar el pan a su casa\u201d.<\/p>\n<p style=\"text-align: justify;\"><strong>\u00a0<\/strong><\/p>\n<p style=\"text-align: justify;\"><strong>\u00a0<\/strong><\/p>\n<\/div><\/section><\/div><div  style='height:50px' class='hr hr-invisible   avia-builder-el-6  el_after_av_one_full  el_before_av_social_share '><span class='hr-inner ' ><span class='hr-inner-style'><\/span><\/span><\/div><\/p>\n<div  class='av-social-sharing-box  avia-builder-el-7  el_after_av_hr  el_before_av_hr  '><div class='av-share-box'><h5 class='av-share-link-description av-no-toc '>Compartir esta noticia<\/h5><ul class='av-share-box-list noLightbox'><li class='av-share-link av-social-link-facebook' ><a target=\"_blank\" aria-label=\"Compartir en Facebook\" href='https:\/\/www.facebook.com\/sharer.php?u=https:\/\/radiorevelacionfm.cl\/?p=51701&#038;t=Gobierno%20en%20Terreno%20se%20despliega%20a%20Puerto%20Chacabuco%20con%20conversatorio%20de%20Seguridad%20Laboral' aria-hidden='false' data-av_icon='\ue8f3' data-av_iconfont='entypo-fontello' title='' data-avia-related-tooltip='Compartir en Facebook' rel=\"noopener\"><span class='avia_hidden_link_text'>Compartir en Facebook<\/span><\/a><\/li><li class='av-share-link av-social-link-twitter' ><a target=\"_blank\" aria-label=\"Compartir en Twitter\" href='https:\/\/twitter.com\/share?text=Gobierno%20en%20Terreno%20se%20despliega%20a%20Puerto%20Chacabuco%20con%20conversatorio%20de%20Seguridad%20Laboral&#038;url=https:\/\/radiorevelacionfm.cl\/?p=51701' aria-hidden='false' data-av_icon='\ue8f1' data-av_iconfont='entypo-fontello' title='' data-avia-related-tooltip='Compartir en Twitter' rel=\"noopener\"><span class='avia_hidden_link_text'>Compartir en Twitter<\/span><\/a><\/li><li class='av-share-link av-social-link-whatsapp' ><a target=\"_blank\" aria-label=\"Compartir en Whatsapp\" href='https:\/\/api.whatsapp.com\/send?text=https:\/\/radiorevelacionfm.cl\/?p=51701' aria-hidden='false' data-av_icon='\uf232' data-av_iconfont='entypo-fontello' title='' data-avia-related-tooltip='Compartir en Whatsapp' rel=\"noopener\"><span class='avia_hidden_link_text'>Compartir en Whatsapp<\/span><\/a><\/li><li class='av-share-link av-social-link-linkedin' ><a target=\"_blank\" aria-label=\"Compartir en LinkedIn\" href='https:\/\/linkedin.com\/shareArticle?mini=true&#038;title=Gobierno%20en%20Terreno%20se%20despliega%20a%20Puerto%20Chacabuco%20con%20conversatorio%20de%20Seguridad%20Laboral&#038;url=https:\/\/radiorevelacionfm.cl\/?p=51701' aria-hidden='false' data-av_icon='\ue8fc' data-av_iconfont='entypo-fontello' title='' data-avia-related-tooltip='Compartir en LinkedIn' rel=\"noopener\"><span class='avia_hidden_link_text'>Compartir en LinkedIn<\/span><\/a><\/li><li class='av-share-link av-social-link-mail' ><a  aria-label=\"Compartir por correo\" href='mailto:?subject=Gobierno%20en%20Terreno%20se%20despliega%20a%20Puerto%20Chacabuco%20con%20conversatorio%20de%20Seguridad%20Laboral&#038;body=https:\/\/radiorevelacionfm.cl\/?p=51701' aria-hidden='false' data-av_icon='\ue805' data-av_iconfont='entypo-fontello' title='' data-avia-related-tooltip='Compartir por correo'><span class='avia_hidden_link_text'>Compartir por correo<\/span><\/a><\/li><\/ul><\/div><\/div>\n<div  style='height:50px' class='hr hr-invisible   avia-builder-el-8  el_after_av_social_share  el_before_av_comments_list '><span class='hr-inner ' ><span class='hr-inner-style'><\/span><\/span><\/div>\n<div  class='av-buildercomment  av-blog-meta-html-info-disabled av-blog-meta-tag-disabled  '><\/div>\n","protected":false},"excerpt":{"rendered":"","protected":false},"author":1,"featured_media":51702,"comment_status":"open","ping_status":"open","sticky":false,"template":"","format":"standard","meta":{"footnotes":""},"categories":[38],"tags":[],"class_list":["post-51701","post","type-post","status-publish","format-standard","has-post-thumbnail","hentry","category-regional"],"jetpack_featured_media_url":"https:\/\/radiorevelacionfm.cl\/wp-content\/uploads\/2025\/03\/foto-gobierno-en-terreno-puerto-chacabuco-1_optimized-1.jpg","_links":{"self":[{"href":"https:\/\/radiorevelacionfm.cl\/index.php?rest_route=\/wp\/v2\/posts\/51701","targetHints":{"allow":["GET"]}}],"collection":[{"href":"https:\/\/radiorevelacionfm.cl\/index.php?rest_route=\/wp\/v2\/posts"}],"about":[{"href":"https:\/\/radiorevelacionfm.cl\/index.php?rest_route=\/wp\/v2\/types\/post"}],"author":[{"embeddable":true,"href":"https:\/\/radiorevelacionfm.cl\/index.php?rest_route=\/wp\/v2\/users\/1"}],"replies":[{"embeddable":true,"href":"https:\/\/radiorevelacionfm.cl\/index.php?rest_route=%2Fwp%2Fv2%2Fcomments&post=51701"}],"version-history":[{"count":1,"href":"https:\/\/radiorevelacionfm.cl\/index.php?rest_route=\/wp\/v2\/posts\/51701\/revisions"}],"predecessor-version":[{"id":51703,"href":"https:\/\/radiorevelacionfm.cl\/index.php?rest_route=\/wp\/v2\/posts\/51701\/revisions\/51703"}],"wp:featuredmedia":[{"embeddable":true,"href":"https:\/\/radiorevelacionfm.cl\/index.php?rest_route=\/wp\/v2\/media\/51702"}],"wp:attachment":[{"href":"https:\/\/radiorevelacionfm.cl\/index.php?rest_route=%2Fwp%2Fv2%2Fmedia&parent=51701"}],"wp:term":[{"taxonomy":"category","embeddable":true,"href":"https:\/\/radiorevelacionfm.cl\/index.php?rest_route=%2Fwp%2Fv2%2Fcategories&post=51701"},{"taxonomy":"post_tag","embeddable":true,"href":"https:\/\/radiorevelacionfm.cl\/index.php?rest_route=%2Fwp%2Fv2%2Ftags&post=51701"}],"curies":[{"name":"wp","href":"https:\/\/api.w.org\/{rel}","templated":true}]}}