{"id":51697,"date":"2025-03-22T14:57:51","date_gmt":"2025-03-22T17:57:51","guid":{"rendered":"https:\/\/radiorevelacionfm.cl\/?p=51697"},"modified":"2025-03-22T14:57:51","modified_gmt":"2025-03-22T17:57:51","slug":"limpiafest-y-el-anhelo-de-las-juventudes-por-un-mejor-entorno-para-la-comuna-de-coyhaique","status":"publish","type":"post","link":"https:\/\/radiorevelacionfm.cl\/?p=51697","title":{"rendered":"LimpiaFest y el anhelo de las juventudes por un mejor entorno para la comuna de Coyhaique"},"content":{"rendered":"<div class=\"flex_column av_one_full  flex_column_div av-zero-column-padding first  avia-builder-el-0  el_before_av_one_full  avia-builder-el-first  \" style='border-radius:0px; '><div  class='avia-image-container  av-styling-    avia-builder-el-1  avia-builder-el-no-sibling  avia-align-center '  itemprop=\"image\" itemscope=\"itemscope\" itemtype=\"https:\/\/schema.org\/ImageObject\"  ><div class='avia-image-container-inner'><div class='avia-image-overlay-wrap'><img decoding=\"async\" class='wp-image-51698 avia-img-lazy-loading-not-51698 avia_image' src=\"https:\/\/radiorevelacionfm.cl\/wp-content\/uploads\/2025\/03\/foto-1-78-1_optimized-1.jpg\" alt='' title='foto-1-(78)-(1)_optimized (1)' height=\"600\" width=\"925\"  itemprop=\"thumbnailUrl\" srcset=\"https:\/\/radiorevelacionfm.cl\/wp-content\/uploads\/2025\/03\/foto-1-78-1_optimized-1.jpg 925w, https:\/\/radiorevelacionfm.cl\/wp-content\/uploads\/2025\/03\/foto-1-78-1_optimized-1-300x195.jpg 300w, https:\/\/radiorevelacionfm.cl\/wp-content\/uploads\/2025\/03\/foto-1-78-1_optimized-1-768x498.jpg 768w, https:\/\/radiorevelacionfm.cl\/wp-content\/uploads\/2025\/03\/foto-1-78-1_optimized-1-705x457.jpg 705w, https:\/\/radiorevelacionfm.cl\/wp-content\/uploads\/2025\/03\/foto-1-78-1_optimized-1-450x292.jpg 450w, https:\/\/radiorevelacionfm.cl\/wp-content\/uploads\/2025\/03\/foto-1-78-1_optimized-1-600x389.jpg 600w\" sizes=\"(max-width: 925px) 100vw, 925px\" \/><\/div><\/div><\/div><\/div><div class=\"flex_column av_one_full  flex_column_div av-zero-column-padding first  avia-builder-el-2  el_after_av_one_full  el_before_av_one_full  column-top-margin\" style='border-radius:0px; '><section class=\"av_textblock_section \"  itemscope=\"itemscope\" itemtype=\"https:\/\/schema.org\/BlogPosting\" itemprop=\"blogPost\" ><div class='avia_textblock  '   itemprop=\"text\" ><p style=\"text-align: center;\"><strong><span style=\"font-size: 18pt;\">LimpiaFest y el anhelo de las juventudes por un mejor entorno para la comuna de Coyhaique<\/span><\/strong><\/p>\n<div id=\"gtx-trans\" style=\"position: absolute; left: -50px; top: 4.31534px;\">\n<div class=\"gtx-trans-icon\"><\/div>\n<\/div>\n<\/div><\/section><\/div><div class=\"flex_column av_one_full  flex_column_div av-zero-column-padding first  avia-builder-el-4  el_after_av_one_full  el_before_av_hr  column-top-margin\" style='border-radius:0px; '><section class=\"av_textblock_section \"  itemscope=\"itemscope\" itemtype=\"https:\/\/schema.org\/BlogPosting\" itemprop=\"blogPost\" ><div class='avia_textblock  '   itemprop=\"text\" ><p style=\"text-align: justify;\">Con el objetivo de generar conciencia sobre la importancia de cuidar los espacios p\u00fablicos, invitar a m\u00e1s personas a sumarse a este tipo de iniciativas y que Coyhaique sea un ejemplo de comunidad,\u00a0 comprometida con el medio ambiente y su entorno, Franco Regollio, Natalia Nitor, Lucas Espinoza, Mayra Paz y Crist\u00f3bal Qui\u00f1ones, idearon una importante acci\u00f3n medio ambiental; LimpiaFest.<\/p>\n<p style=\"text-align: justify;\">La iniciativa que \u00a0se realiz\u00f3 este s\u00e1bado 22 de marzo en el Mirador R\u00edo Simpson de Coyhaique, y donde participaron tambi\u00e9n autoridades regionales, \u00a0hizo que la comunidad participe activamente en las distintas\u00a0 labores de \u00a0limpieza que se llevaron a cabo, \u00a0transform\u00e1ndose en una experiencia que reforz\u00f3 el sentido de pertenencia y el cuidado por la comuna y su alrededores.<\/p>\n<p style=\"text-align: justify;\">Lucas Espinoza, uno de los j\u00f3venes que forman parte de la organizaci\u00f3n del LimpiaFest, \u00a0cont\u00f3 c\u00f3mo parti\u00f3 la idea y se\u00f1al\u00f3 que \u00a0\u201cesta actividad surgi\u00f3 conmigo y mi amigo Crist\u00f3bal, qui\u00e9n ahora se encuentra estudiando en Vi\u00f1a del Mar. Vimos un microbasural en el skatepark de Los Ma\u00f1\u00edos que llevaba dos meses sin ser atendido y decidimos hacer algo al respecto. Conseguimos donaciones de art\u00edculos de limpieza, y, en cinco horas, limpiamos todo el lugar. Grabamos el proceso y lo compartimos en redes sociales, donde tuvo una gran respuesta\u201d.<\/p>\n<p style=\"text-align: justify;\">En la misma l\u00ednea, Espinoza explic\u00f3 que \u201cesta experiencia nos motiv\u00f3 a realizar una segunda jornada de limpieza, en el balneario de Tejas Verdes, donde en esa oportunidad m\u00e1s personas se sumaron, y as\u00ed\u00a0 naci\u00f3 la idea de organizar algo m\u00e1s grande; el LimpiaFest. Con el apoyo y la respuesta que hemos recibido de la comunidad, nos motivan a seguir organizando actividades similares en el futuro cercano\u201d.<\/p>\n<p style=\"text-align: justify;\">En tanto, el director regional de INJUV Ays\u00e9n, Camilo Trivi\u00f1o Urtubia, sostuvo que \u201cvaloramos profundamente iniciativas como LimpiaFest, que reflejan el compromiso de las juventudes con su entorno y su capacidad de transformar realidades a trav\u00e9s del voluntariado. La recuperaci\u00f3n de espacios en la regi\u00f3n de Ays\u00e9n no solo mejora la calidad de vida de las comunidades, sino que tambi\u00e9n fortalece el sentido de pertenencia y la resiliencia territorial. Como gobierno, creemos en el poder de la acci\u00f3n voluntaria como un pilar fundamental para el desarrollo sostenible, la reducci\u00f3n de riesgos y la construcci\u00f3n de comunidades m\u00e1s unidas y conscientes de su impacto en el medio ambiente. Acciones como esta demuestran que, con organizaci\u00f3n y participaci\u00f3n, las juventudes pueden liderar cambios significativos y dejar huella en su territorio\u201d.<\/p>\n<p style=\"text-align: justify;\">Maily Calisto Romero, estudiante y del Liceo Josefina Aguirre Montenegro, indic\u00f3 que \u201cfue una s\u00faper buena iniciativa ya que la basura afecta a todo el mundo, a los animales, a los bosques, tenemos que cuidar el medio ambiente porque como yo digo, si todo est\u00e1 limpio, todo es feliz, todo est\u00e1 bien\u201d.<\/p>\n<p style=\"text-align: justify;\">En tanto,\u00a0 Antonia Bahamondes Hidalgo, alumna del Liceo San Felipe Benicio, indic\u00f3 que \u201cestas actividades me gustan mucho, es muy motivante ya que la regi\u00f3n es muy bonita para echarla a perder con la contaminaci\u00f3n\u00a0 que tiran las personas, me gusta participar en estas cosas para ayudar a que la regi\u00f3n no se arruine\u201d.<\/p>\n<\/div><\/section><\/div><div  style='height:50px' class='hr hr-invisible   avia-builder-el-6  el_after_av_one_full  el_before_av_social_share '><span class='hr-inner ' ><span class='hr-inner-style'><\/span><\/span><\/div><\/p>\n<div  class='av-social-sharing-box  avia-builder-el-7  el_after_av_hr  el_before_av_hr  '><div class='av-share-box'><h5 class='av-share-link-description av-no-toc '>Compartir esta noticia<\/h5><ul class='av-share-box-list noLightbox'><li class='av-share-link av-social-link-facebook' ><a target=\"_blank\" aria-label=\"Compartir en Facebook\" href='https:\/\/www.facebook.com\/sharer.php?u=https:\/\/radiorevelacionfm.cl\/?p=51697&#038;t=LimpiaFest%20y%20el%20anhelo%20de%20las%20juventudes%20por%20un%20mejor%20entorno%20para%20la%20comuna%20de%20Coyhaique' aria-hidden='false' data-av_icon='\ue8f3' data-av_iconfont='entypo-fontello' title='' data-avia-related-tooltip='Compartir en Facebook' rel=\"noopener\"><span class='avia_hidden_link_text'>Compartir en Facebook<\/span><\/a><\/li><li class='av-share-link av-social-link-twitter' ><a target=\"_blank\" aria-label=\"Compartir en Twitter\" href='https:\/\/twitter.com\/share?text=LimpiaFest%20y%20el%20anhelo%20de%20las%20juventudes%20por%20un%20mejor%20entorno%20para%20la%20comuna%20de%20Coyhaique&#038;url=https:\/\/radiorevelacionfm.cl\/?p=51697' aria-hidden='false' data-av_icon='\ue8f1' data-av_iconfont='entypo-fontello' title='' data-avia-related-tooltip='Compartir en Twitter' rel=\"noopener\"><span class='avia_hidden_link_text'>Compartir en Twitter<\/span><\/a><\/li><li class='av-share-link av-social-link-whatsapp' ><a target=\"_blank\" aria-label=\"Compartir en Whatsapp\" href='https:\/\/api.whatsapp.com\/send?text=https:\/\/radiorevelacionfm.cl\/?p=51697' aria-hidden='false' data-av_icon='\uf232' data-av_iconfont='entypo-fontello' title='' data-avia-related-tooltip='Compartir en Whatsapp' rel=\"noopener\"><span class='avia_hidden_link_text'>Compartir en Whatsapp<\/span><\/a><\/li><li class='av-share-link av-social-link-linkedin' ><a target=\"_blank\" aria-label=\"Compartir en LinkedIn\" href='https:\/\/linkedin.com\/shareArticle?mini=true&#038;title=LimpiaFest%20y%20el%20anhelo%20de%20las%20juventudes%20por%20un%20mejor%20entorno%20para%20la%20comuna%20de%20Coyhaique&#038;url=https:\/\/radiorevelacionfm.cl\/?p=51697' aria-hidden='false' data-av_icon='\ue8fc' data-av_iconfont='entypo-fontello' title='' data-avia-related-tooltip='Compartir en LinkedIn' rel=\"noopener\"><span class='avia_hidden_link_text'>Compartir en LinkedIn<\/span><\/a><\/li><li class='av-share-link av-social-link-mail' ><a  aria-label=\"Compartir por correo\" href='mailto:?subject=LimpiaFest%20y%20el%20anhelo%20de%20las%20juventudes%20por%20un%20mejor%20entorno%20para%20la%20comuna%20de%20Coyhaique&#038;body=https:\/\/radiorevelacionfm.cl\/?p=51697' aria-hidden='false' data-av_icon='\ue805' data-av_iconfont='entypo-fontello' title='' data-avia-related-tooltip='Compartir por correo'><span class='avia_hidden_link_text'>Compartir por correo<\/span><\/a><\/li><\/ul><\/div><\/div>\n<div  style='height:50px' class='hr hr-invisible   avia-builder-el-8  el_after_av_social_share  el_before_av_comments_list '><span class='hr-inner ' ><span class='hr-inner-style'><\/span><\/span><\/div>\n<div  class='av-buildercomment  av-blog-meta-html-info-disabled av-blog-meta-tag-disabled  '><\/div>\n","protected":false},"excerpt":{"rendered":"","protected":false},"author":1,"featured_media":51698,"comment_status":"open","ping_status":"open","sticky":false,"template":"","format":"standard","meta":{"footnotes":""},"categories":[38],"tags":[],"class_list":["post-51697","post","type-post","status-publish","format-standard","has-post-thumbnail","hentry","category-regional"],"jetpack_featured_media_url":"https:\/\/radiorevelacionfm.cl\/wp-content\/uploads\/2025\/03\/foto-1-78-1_optimized-1.jpg","_links":{"self":[{"href":"https:\/\/radiorevelacionfm.cl\/index.php?rest_route=\/wp\/v2\/posts\/51697","targetHints":{"allow":["GET"]}}],"collection":[{"href":"https:\/\/radiorevelacionfm.cl\/index.php?rest_route=\/wp\/v2\/posts"}],"about":[{"href":"https:\/\/radiorevelacionfm.cl\/index.php?rest_route=\/wp\/v2\/types\/post"}],"author":[{"embeddable":true,"href":"https:\/\/radiorevelacionfm.cl\/index.php?rest_route=\/wp\/v2\/users\/1"}],"replies":[{"embeddable":true,"href":"https:\/\/radiorevelacionfm.cl\/index.php?rest_route=%2Fwp%2Fv2%2Fcomments&post=51697"}],"version-history":[{"count":1,"href":"https:\/\/radiorevelacionfm.cl\/index.php?rest_route=\/wp\/v2\/posts\/51697\/revisions"}],"predecessor-version":[{"id":51699,"href":"https:\/\/radiorevelacionfm.cl\/index.php?rest_route=\/wp\/v2\/posts\/51697\/revisions\/51699"}],"wp:featuredmedia":[{"embeddable":true,"href":"https:\/\/radiorevelacionfm.cl\/index.php?rest_route=\/wp\/v2\/media\/51698"}],"wp:attachment":[{"href":"https:\/\/radiorevelacionfm.cl\/index.php?rest_route=%2Fwp%2Fv2%2Fmedia&parent=51697"}],"wp:term":[{"taxonomy":"category","embeddable":true,"href":"https:\/\/radiorevelacionfm.cl\/index.php?rest_route=%2Fwp%2Fv2%2Fcategories&post=51697"},{"taxonomy":"post_tag","embeddable":true,"href":"https:\/\/radiorevelacionfm.cl\/index.php?rest_route=%2Fwp%2Fv2%2Ftags&post=51697"}],"curies":[{"name":"wp","href":"https:\/\/api.w.org\/{rel}","templated":true}]}}