{"id":51694,"date":"2025-03-22T21:39:16","date_gmt":"2025-03-23T00:39:16","guid":{"rendered":"https:\/\/radiorevelacionfm.cl\/?p=51694"},"modified":"2025-03-22T21:41:19","modified_gmt":"2025-03-23T00:41:19","slug":"dia-mundial-del-agua-avances-en-seguridad-hidrica","status":"publish","type":"post","link":"https:\/\/radiorevelacionfm.cl\/?p=51694","title":{"rendered":"D\u00eda Mundial del Agua: Avances en seguridad h\u00eddrica"},"content":{"rendered":"<div class=\"flex_column av_one_full  flex_column_div av-zero-column-padding first  avia-builder-el-0  el_before_av_one_full  avia-builder-el-first  \" style='border-radius:0px; '><div  class='avia-image-container  av-styling-    avia-builder-el-1  avia-builder-el-no-sibling  avia-align-center '  itemprop=\"image\" itemscope=\"itemscope\" itemtype=\"https:\/\/schema.org\/ImageObject\"  ><div class='avia-image-container-inner'><div class='avia-image-overlay-wrap'><img decoding=\"async\" class='wp-image-6352 avia-img-lazy-loading-not-6352 avia_image' src=\"https:\/\/radiorevelacionfm.cl\/wp-content\/uploads\/2021\/07\/aguas2-1_optimized.jpg\" alt='' title='aguas2-(1)_optimized' height=\"600\" width=\"902\"  itemprop=\"thumbnailUrl\" srcset=\"https:\/\/radiorevelacionfm.cl\/wp-content\/uploads\/2021\/07\/aguas2-1_optimized.jpg 902w, https:\/\/radiorevelacionfm.cl\/wp-content\/uploads\/2021\/07\/aguas2-1_optimized-300x200.jpg 300w, https:\/\/radiorevelacionfm.cl\/wp-content\/uploads\/2021\/07\/aguas2-1_optimized-768x511.jpg 768w, https:\/\/radiorevelacionfm.cl\/wp-content\/uploads\/2021\/07\/aguas2-1_optimized-705x469.jpg 705w, https:\/\/radiorevelacionfm.cl\/wp-content\/uploads\/2021\/07\/aguas2-1_optimized-600x399.jpg 600w\" sizes=\"(max-width: 902px) 100vw, 902px\" \/><\/div><\/div><\/div><\/div><div class=\"flex_column av_one_full  flex_column_div av-zero-column-padding first  avia-builder-el-2  el_after_av_one_full  el_before_av_one_full  column-top-margin\" style='border-radius:0px; '><section class=\"av_textblock_section \"  itemscope=\"itemscope\" itemtype=\"https:\/\/schema.org\/BlogPosting\" itemprop=\"blogPost\" ><div class='avia_textblock  '   itemprop=\"text\" ><p style=\"text-align: center;\"><span style=\"font-size: 18pt;\"><strong>D\u00eda Mundial del Agua: Avances en seguridad h\u00eddrica<\/strong><\/span><\/p>\n<div id=\"gtx-trans\" style=\"position: absolute; left: -50px; top: 4.31534px;\">\n<div class=\"gtx-trans-icon\"><\/div>\n<\/div>\n<\/div><\/section><\/div><\/p>\n<div class=\"flex_column av_one_full  flex_column_div av-zero-column-padding first  avia-builder-el-4  el_after_av_one_full  el_before_av_hr  column-top-margin\" style='border-radius:0px; '><section class=\"av_textblock_section \"  itemscope=\"itemscope\" itemtype=\"https:\/\/schema.org\/BlogPosting\" itemprop=\"blogPost\" ><div class='avia_textblock  '   itemprop=\"text\" ><p style=\"text-align: justify;\">Una conmemoraci\u00f3n m\u00e1s del \u201cD\u00eda Mundial del Agua\u201d nos encuentra con avances en seguridad h\u00eddrica, pero a\u00fan queda trabajo por delante.<\/p>\n<p style=\"text-align: justify;\">En nuestra regi\u00f3n hemos dado un paso importante en gobernanza y gesti\u00f3n integrada de recursos h\u00eddricos. En 2024 conformamos la Mesa Estrat\u00e9gica de Recursos H\u00eddricos en la cuenca de R\u00edo Ays\u00e9n una instancia conformada por actores p\u00fablicos, privados y de la sociedad civil dispuestos a pensar en el desarrollo de la cuenca, dando cabida a todos los intereses presentes, priorizando el consumo humano. Paralelamente, est\u00e1 ejecut\u00e1ndose el estudio que dar\u00e1 vida al Plan Estrat\u00e9gico de Recursos H\u00eddricos de la cuenca. Un instrumento que caracterizar\u00e1 la cuenca y propondr\u00e1 medidas y acciones para avanzar en seguridad h\u00eddrica y cuya ejecuci\u00f3n deber\u00e1 priorizar la Mesa, de acuerdo a las necesidades y vocaci\u00f3n de la cuenca.<\/p>\n<p style=\"text-align: justify;\">La sociedad en su conjunto y los ciudadanos en sus distintos roles, debemos realizar un correcto uso del agua; sin embargo, la realidad nos dice otra cosa.\u00a0 Hemos ejercido nuestra facultad fiscalizadora, investigando las denuncias recibidas y tambi\u00e9n actuando por iniciativa propia. Esto se traduce en que el a\u00f1o 2024 hubo 57 procedimientos sancionatorios de fiscalizaci\u00f3n resueltos, de los cuales 17 resultaron con multas. Este a\u00f1o contaremos con herramientas que simplificar\u00e1n el procedimiento tramitaci\u00f3n y notificaci\u00f3n de las fiscalizaciones, una vez que el proyecto de ley cumpla con su tramitaci\u00f3n.<\/p>\n<p style=\"text-align: justify;\">Pero tambi\u00e9n hay que medir el agua en cantidad y calidad. En esa l\u00ednea, hoy nuestra Red Hidrom\u00e9trica Regional est\u00e1 conformada por 137 estaciones de los siguientes tipos hidrom\u00e9tricas, meteorol\u00f3gicas, piezom\u00e9tricas y glaciol\u00f3gicas. De ese total, el 100 % transmiten en l\u00ednea, informaci\u00f3n clave para informar a los organismos competentes y puedan generar alertas cuando ocurren eventos extremos. No obstante, es necesario seguir creciendo, por lo que este a\u00f1o se habilitar\u00e1n 7 estaciones piezom\u00e9tricas y 2 estaciones hidrom\u00e9tricas, con un presupuesto de unos cuatrocientos treinta millones de pesos. Adem\u00e1s de las estaciones citadas, poseemos una red de calidad de aguas compuesta de 42 estaciones, con las cuales se lleva un registro de diversas variables relacionadas con las condiciones fisicoqu\u00edmicas en lagos y r\u00edos de la regi\u00f3n de Ays\u00e9n.<\/p>\n<p style=\"text-align: justify;\">Y precisamente, cuando este a\u00f1o 2025 se celebra el \u201cA\u00f1o Internacional de la Conservaci\u00f3n de los Glaciares, y siendo que nuestra regi\u00f3n tiene 10.301 glaciares, de aqu\u00ed al 2030 se est\u00e1 pensado ampliar nuestra red de monitoreo en alta monta\u00f1a, con 7 nuevas estaciones.<\/p>\n<p style=\"text-align: justify;\">Es oportuno reconocer el valioso aporte del Gobierno Regional de Ays\u00e9n para apoyar en obtener m\u00e1s y mejor informaci\u00f3n en relaci\u00f3n a las caracter\u00edsticas glaciol\u00f3gicas del territorio de Ays\u00e9n a trav\u00e9s del Programa Protecci\u00f3n y Transferencia de Informaci\u00f3n de Glaciares Provincia Capit\u00e1n Prat.<\/p>\n<p style=\"text-align: justify;\">Seguiremos trabajando con los usuarios y usuarias de aguas para que puedan cumplir con los tr\u00e1mites de inscripci\u00f3n del derecho de aprovechamiento en el Conservador de Bienes Ra\u00edces y el registro en el Catastro P\u00fablico de Aguas, brindando atenci\u00f3n en nuestra oficina y en terreno. Si bien el plazo para iniciar dichos tr\u00e1mites se ampli\u00f3 hasta el 6 de abril de 2027, continuamos desplegados en el territorio con las jornadas de acompa\u00f1amiento de la campa\u00f1a \u201cSigue la corriente del agua y util\u00edzala en regla\u201d.<\/p>\n<p style=\"text-align: justify;\">Por \u00faltimo, recordar que entre 2023 y 2024 nuestra comunidad fue llamada a ser parte de las actividades de participaci\u00f3n ciudadana para elaborar el Plan de Adaptaci\u00f3n al Cambio Clim\u00e1tico en Recursos H\u00eddricos desarrollado por la Direcci\u00f3n General de Aguas del MOP con apoyo de la Organizaci\u00f3n de las Naciones Unidas para la Alimentaci\u00f3n y la Agricultura y financiamiento del Fondo Verde del Clima, el cual se encuentra actualmente en la Contralor\u00eda General de la Rep\u00fablica para su aprobaci\u00f3n.<\/p>\n<p style=\"text-align: justify;\">El tiempo que algunos ciudadanos le dedicaron a aportar insumos para construir esta herramienta, tiene un resultado concreto: 5 objetivos, 10 medidas y 35 acciones dirigidas a avanzar en seguridad h\u00eddrica en el acceso al agua para consumo humano, preservar y conservar ecosistemas y promover actividades productivas sostenibles, junto con generar resiliencia frente a amenazas y eventos clim\u00e1ticos extremos.<\/p>\n<p style=\"text-align: justify;\">Si bien hemos avanzado en seguridad h\u00eddrica, es posible hacer m\u00e1s con la participaci\u00f3n de toda la sociedad en esta tarea. Cada acci\u00f3n que conduzca al uso responsable del agua, es un aporte para la sustentabilidad del recurso h\u00eddrico.<\/p>\n<p style=\"text-align: justify;\">En nuestra regi\u00f3n, este a\u00f1o comenzaremos a trabajar para conformar la Mesa Estrat\u00e9gica de Recursos H\u00eddricos en la cuenca de Itata, una instancia de gobernanza y gesti\u00f3n integrada de recursos h\u00eddricos. Para ello ser\u00e1n convocados actores p\u00fablicos, privados y de la sociedad civil que se sentar\u00e1n a pensar el desarrollo de la cuenca, dando cabida a todos los intereses presentes, priorizando el consumo humano. Asimismo, se llamar\u00e1 a licitaci\u00f3n el estudio para elaborar el Plan Estrat\u00e9gico de Recursos H\u00eddricos de la cuenca. Un instrumento que caracterizar\u00e1 la cuenca y propondr\u00e1 medidas y acciones para avanzar en seguridad h\u00eddrica y cuya ejecuci\u00f3n deber\u00e1 priorizar la Mesa, de acuerdo a las necesidades y vocaci\u00f3n de la cuenca.<\/p>\n<p><em>Por: H\u00e9ctor Cort\u00e9s Gaete, Director Direcci\u00f3n General de Aguas MOP, Regi\u00f3n de Ays\u00e9n<\/em><\/p>\n<\/div><\/section><\/div>\n<div  style='height:50px' class='hr hr-invisible   avia-builder-el-6  el_after_av_one_full  el_before_av_social_share '><span class='hr-inner ' ><span class='hr-inner-style'><\/span><\/span><\/div>\n<div  class='av-social-sharing-box  avia-builder-el-7  el_after_av_hr  el_before_av_hr  '><div class='av-share-box'><h5 class='av-share-link-description av-no-toc '>Compartir esta noticia<\/h5><ul class='av-share-box-list noLightbox'><li class='av-share-link av-social-link-facebook' ><a target=\"_blank\" aria-label=\"Compartir en Facebook\" href='https:\/\/www.facebook.com\/sharer.php?u=https:\/\/radiorevelacionfm.cl\/?p=51694&#038;t=D%C3%ADa%20Mundial%20del%20Agua%3A%20Avances%20en%20seguridad%20h%C3%ADdrica' aria-hidden='false' data-av_icon='\ue8f3' data-av_iconfont='entypo-fontello' title='' data-avia-related-tooltip='Compartir en Facebook' rel=\"noopener\"><span class='avia_hidden_link_text'>Compartir en Facebook<\/span><\/a><\/li><li class='av-share-link av-social-link-twitter' ><a target=\"_blank\" aria-label=\"Compartir en Twitter\" href='https:\/\/twitter.com\/share?text=D%C3%ADa%20Mundial%20del%20Agua%3A%20Avances%20en%20seguridad%20h%C3%ADdrica&#038;url=https:\/\/radiorevelacionfm.cl\/?p=51694' aria-hidden='false' data-av_icon='\ue8f1' data-av_iconfont='entypo-fontello' title='' data-avia-related-tooltip='Compartir en Twitter' rel=\"noopener\"><span class='avia_hidden_link_text'>Compartir en Twitter<\/span><\/a><\/li><li class='av-share-link av-social-link-whatsapp' ><a target=\"_blank\" aria-label=\"Compartir en Whatsapp\" href='https:\/\/api.whatsapp.com\/send?text=https:\/\/radiorevelacionfm.cl\/?p=51694' aria-hidden='false' data-av_icon='\uf232' data-av_iconfont='entypo-fontello' title='' data-avia-related-tooltip='Compartir en Whatsapp' rel=\"noopener\"><span class='avia_hidden_link_text'>Compartir en Whatsapp<\/span><\/a><\/li><li class='av-share-link av-social-link-linkedin' ><a target=\"_blank\" aria-label=\"Compartir en LinkedIn\" href='https:\/\/linkedin.com\/shareArticle?mini=true&#038;title=D%C3%ADa%20Mundial%20del%20Agua%3A%20Avances%20en%20seguridad%20h%C3%ADdrica&#038;url=https:\/\/radiorevelacionfm.cl\/?p=51694' aria-hidden='false' data-av_icon='\ue8fc' data-av_iconfont='entypo-fontello' title='' data-avia-related-tooltip='Compartir en LinkedIn' rel=\"noopener\"><span class='avia_hidden_link_text'>Compartir en LinkedIn<\/span><\/a><\/li><li class='av-share-link av-social-link-mail' ><a  aria-label=\"Compartir por correo\" href='mailto:?subject=D%C3%ADa%20Mundial%20del%20Agua%3A%20Avances%20en%20seguridad%20h%C3%ADdrica&#038;body=https:\/\/radiorevelacionfm.cl\/?p=51694' aria-hidden='false' data-av_icon='\ue805' data-av_iconfont='entypo-fontello' title='' data-avia-related-tooltip='Compartir por correo'><span class='avia_hidden_link_text'>Compartir por correo<\/span><\/a><\/li><\/ul><\/div><\/div>\n<div  style='height:50px' class='hr hr-invisible   avia-builder-el-8  el_after_av_social_share  el_before_av_comments_list '><span class='hr-inner ' ><span class='hr-inner-style'><\/span><\/span><\/div>\n<div  class='av-buildercomment  av-blog-meta-html-info-disabled av-blog-meta-tag-disabled  '><\/div>\n","protected":false},"excerpt":{"rendered":"","protected":false},"author":1,"featured_media":6352,"comment_status":"open","ping_status":"open","sticky":false,"template":"","format":"standard","meta":{"footnotes":""},"categories":[50],"tags":[],"class_list":["post-51694","post","type-post","status-publish","format-standard","has-post-thumbnail","hentry","category-cartas-y-opinion"],"jetpack_featured_media_url":"https:\/\/radiorevelacionfm.cl\/wp-content\/uploads\/2021\/07\/aguas2-1_optimized.jpg","_links":{"self":[{"href":"https:\/\/radiorevelacionfm.cl\/index.php?rest_route=\/wp\/v2\/posts\/51694","targetHints":{"allow":["GET"]}}],"collection":[{"href":"https:\/\/radiorevelacionfm.cl\/index.php?rest_route=\/wp\/v2\/posts"}],"about":[{"href":"https:\/\/radiorevelacionfm.cl\/index.php?rest_route=\/wp\/v2\/types\/post"}],"author":[{"embeddable":true,"href":"https:\/\/radiorevelacionfm.cl\/index.php?rest_route=\/wp\/v2\/users\/1"}],"replies":[{"embeddable":true,"href":"https:\/\/radiorevelacionfm.cl\/index.php?rest_route=%2Fwp%2Fv2%2Fcomments&post=51694"}],"version-history":[{"count":2,"href":"https:\/\/radiorevelacionfm.cl\/index.php?rest_route=\/wp\/v2\/posts\/51694\/revisions"}],"predecessor-version":[{"id":51700,"href":"https:\/\/radiorevelacionfm.cl\/index.php?rest_route=\/wp\/v2\/posts\/51694\/revisions\/51700"}],"wp:featuredmedia":[{"embeddable":true,"href":"https:\/\/radiorevelacionfm.cl\/index.php?rest_route=\/wp\/v2\/media\/6352"}],"wp:attachment":[{"href":"https:\/\/radiorevelacionfm.cl\/index.php?rest_route=%2Fwp%2Fv2%2Fmedia&parent=51694"}],"wp:term":[{"taxonomy":"category","embeddable":true,"href":"https:\/\/radiorevelacionfm.cl\/index.php?rest_route=%2Fwp%2Fv2%2Fcategories&post=51694"},{"taxonomy":"post_tag","embeddable":true,"href":"https:\/\/radiorevelacionfm.cl\/index.php?rest_route=%2Fwp%2Fv2%2Ftags&post=51694"}],"curies":[{"name":"wp","href":"https:\/\/api.w.org\/{rel}","templated":true}]}}