{"id":51690,"date":"2025-03-22T12:30:20","date_gmt":"2025-03-22T15:30:20","guid":{"rendered":"https:\/\/radiorevelacionfm.cl\/?p=51690"},"modified":"2025-03-22T12:30:20","modified_gmt":"2025-03-22T15:30:20","slug":"mineria-destaca-ventajas-del-horario-de-verano-permanente-en-aysen","status":"publish","type":"post","link":"https:\/\/radiorevelacionfm.cl\/?p=51690","title":{"rendered":"Miner\u00eda destaca ventajas del horario de verano permanente en Ays\u00e9n"},"content":{"rendered":"<div class=\"flex_column av_one_full  flex_column_div av-zero-column-padding first  avia-builder-el-0  el_before_av_one_full  avia-builder-el-first  \" style='border-radius:0px; '><div  class='avia-image-container  av-styling-    avia-builder-el-1  avia-builder-el-no-sibling  avia-align-center '  itemprop=\"image\" itemscope=\"itemscope\" itemtype=\"https:\/\/schema.org\/ImageObject\"  ><div class='avia-image-container-inner'><div class='avia-image-overlay-wrap'><img decoding=\"async\" class='wp-image-51691 avia-img-lazy-loading-not-51691 avia_image' src=\"https:\/\/radiorevelacionfm.cl\/wp-content\/uploads\/2025\/03\/1-2025-03-21T192259.934-1-1.jpg\" alt='' title='1 - 2025-03-21T192259.934 (1) (1)' height=\"600\" width=\"1067\"  itemprop=\"thumbnailUrl\" srcset=\"https:\/\/radiorevelacionfm.cl\/wp-content\/uploads\/2025\/03\/1-2025-03-21T192259.934-1-1.jpg 1067w, https:\/\/radiorevelacionfm.cl\/wp-content\/uploads\/2025\/03\/1-2025-03-21T192259.934-1-1-300x169.jpg 300w, https:\/\/radiorevelacionfm.cl\/wp-content\/uploads\/2025\/03\/1-2025-03-21T192259.934-1-1-1030x579.jpg 1030w, https:\/\/radiorevelacionfm.cl\/wp-content\/uploads\/2025\/03\/1-2025-03-21T192259.934-1-1-768x432.jpg 768w, https:\/\/radiorevelacionfm.cl\/wp-content\/uploads\/2025\/03\/1-2025-03-21T192259.934-1-1-705x396.jpg 705w, https:\/\/radiorevelacionfm.cl\/wp-content\/uploads\/2025\/03\/1-2025-03-21T192259.934-1-1-450x253.jpg 450w, https:\/\/radiorevelacionfm.cl\/wp-content\/uploads\/2025\/03\/1-2025-03-21T192259.934-1-1-600x337.jpg 600w\" sizes=\"(max-width: 1067px) 100vw, 1067px\" \/><\/div><\/div><\/div><\/div><div class=\"flex_column av_one_full  flex_column_div av-zero-column-padding first  avia-builder-el-2  el_after_av_one_full  el_before_av_one_full  column-top-margin\" style='border-radius:0px; '><section class=\"av_textblock_section \"  itemscope=\"itemscope\" itemtype=\"https:\/\/schema.org\/BlogPosting\" itemprop=\"blogPost\" ><div class='avia_textblock  '   itemprop=\"text\" ><p style=\"text-align: center;\"><strong><span style=\"font-size: 18pt;\">Miner\u00eda destaca ventajas del horario de verano permanente en Ays\u00e9n<\/span><\/strong><\/p>\n<div id=\"gtx-trans\" style=\"position: absolute; left: -50px; top: 4.31534px;\">\n<div class=\"gtx-trans-icon\"><\/div>\n<\/div>\n<\/div><\/section><\/div><div class=\"flex_column av_one_full  flex_column_div av-zero-column-padding first  avia-builder-el-4  el_after_av_one_full  el_before_av_hr  column-top-margin\" style='border-radius:0px; '><section class=\"av_textblock_section \"  itemscope=\"itemscope\" itemtype=\"https:\/\/schema.org\/BlogPosting\" itemprop=\"blogPost\" ><div class='avia_textblock  '   itemprop=\"text\" ><p style=\"text-align: justify;\"><em>La industria minera valor\u00f3 positivamente la decisi\u00f3n de mantener el horario de verano de manera permanente en la regi\u00f3n de Ays\u00e9n.<\/em><\/p>\n<p style=\"text-align: justify;\">La medida fue oficializada por el Ministerio del Interior tras una consulta ciudadana liderada por la Delegaci\u00f3n Presidencial Regional, en la que m\u00e1s del 94% de los participantes manifest\u00f3 su apoyo. Desde el sector Miner\u00eda se destac\u00f3 que esta decisi\u00f3n genera impactos positivos en diversas actividades productivas, especialmente aquellas que dependen del trabajo al aire libre.<\/p>\n<p style=\"text-align: justify;\">\u201cEl horario extendido de luz natural permite contar con m\u00e1s horas efectivas para labores como la exploraci\u00f3n geol\u00f3gica, la supervisi\u00f3n de faenas y las tareas de mantenci\u00f3n, lo que se traduce en una operaci\u00f3n m\u00e1s eficiente y segura\u201d, se\u00f1al\u00f3 el Seremi de Miner\u00eda, Juan V\u00e1squez Alarc\u00f3n.<\/p>\n<p style=\"text-align: justify;\">Si bien se reconocen algunos desaf\u00edos asociados a la diferencia horaria con el resto del pa\u00eds, como la coordinaci\u00f3n operativa entre regiones, desde Miner\u00eda, se visualizan oportunidades para optimizar la gesti\u00f3n de los horarios del transporte a\u00e9reo utilizado en los relevos de personal de turno, permitiendo anticipar eventuales incompatibilidades y asegurar la continuidad de las operaciones.<\/p>\n<p style=\"text-align: justify;\">\u201cEstamos convencidos de que esta medida contribuir\u00e1 a una miner\u00eda m\u00e1s eficiente, segura y conectadas con las particularidades del territorio. Valoramos que la decisi\u00f3n se haya tomado considerando la opini\u00f3n de la ciudadan\u00eda y de los sectores productivos. En t\u00e9rminos simples: m\u00e1s luz, m\u00e1s productividad\u201d, concluy\u00f3 el Seremi.<\/p>\n<\/div><\/section><\/div><div  style='height:50px' class='hr hr-invisible   avia-builder-el-6  el_after_av_one_full  el_before_av_social_share '><span class='hr-inner ' ><span class='hr-inner-style'><\/span><\/span><\/div><\/p>\n<div  class='av-social-sharing-box  avia-builder-el-7  el_after_av_hr  el_before_av_hr  '><div class='av-share-box'><h5 class='av-share-link-description av-no-toc '>Compartir esta noticia<\/h5><ul class='av-share-box-list noLightbox'><li class='av-share-link av-social-link-facebook' ><a target=\"_blank\" aria-label=\"Compartir en Facebook\" href='https:\/\/www.facebook.com\/sharer.php?u=https:\/\/radiorevelacionfm.cl\/?p=51690&#038;t=Miner%C3%ADa%20destaca%20ventajas%20del%20horario%20de%20verano%20permanente%20en%20Ays%C3%A9n' aria-hidden='false' data-av_icon='\ue8f3' data-av_iconfont='entypo-fontello' title='' data-avia-related-tooltip='Compartir en Facebook' rel=\"noopener\"><span class='avia_hidden_link_text'>Compartir en Facebook<\/span><\/a><\/li><li class='av-share-link av-social-link-twitter' ><a target=\"_blank\" aria-label=\"Compartir en Twitter\" href='https:\/\/twitter.com\/share?text=Miner%C3%ADa%20destaca%20ventajas%20del%20horario%20de%20verano%20permanente%20en%20Ays%C3%A9n&#038;url=https:\/\/radiorevelacionfm.cl\/?p=51690' aria-hidden='false' data-av_icon='\ue8f1' data-av_iconfont='entypo-fontello' title='' data-avia-related-tooltip='Compartir en Twitter' rel=\"noopener\"><span class='avia_hidden_link_text'>Compartir en Twitter<\/span><\/a><\/li><li class='av-share-link av-social-link-whatsapp' ><a target=\"_blank\" aria-label=\"Compartir en Whatsapp\" href='https:\/\/api.whatsapp.com\/send?text=https:\/\/radiorevelacionfm.cl\/?p=51690' aria-hidden='false' data-av_icon='\uf232' data-av_iconfont='entypo-fontello' title='' data-avia-related-tooltip='Compartir en Whatsapp' rel=\"noopener\"><span class='avia_hidden_link_text'>Compartir en Whatsapp<\/span><\/a><\/li><li class='av-share-link av-social-link-linkedin' ><a target=\"_blank\" aria-label=\"Compartir en LinkedIn\" href='https:\/\/linkedin.com\/shareArticle?mini=true&#038;title=Miner%C3%ADa%20destaca%20ventajas%20del%20horario%20de%20verano%20permanente%20en%20Ays%C3%A9n&#038;url=https:\/\/radiorevelacionfm.cl\/?p=51690' aria-hidden='false' data-av_icon='\ue8fc' data-av_iconfont='entypo-fontello' title='' data-avia-related-tooltip='Compartir en LinkedIn' rel=\"noopener\"><span class='avia_hidden_link_text'>Compartir en LinkedIn<\/span><\/a><\/li><li class='av-share-link av-social-link-mail' ><a  aria-label=\"Compartir por correo\" href='mailto:?subject=Miner%C3%ADa%20destaca%20ventajas%20del%20horario%20de%20verano%20permanente%20en%20Ays%C3%A9n&#038;body=https:\/\/radiorevelacionfm.cl\/?p=51690' aria-hidden='false' data-av_icon='\ue805' data-av_iconfont='entypo-fontello' title='' data-avia-related-tooltip='Compartir por correo'><span class='avia_hidden_link_text'>Compartir por correo<\/span><\/a><\/li><\/ul><\/div><\/div>\n<div  style='height:50px' class='hr hr-invisible   avia-builder-el-8  el_after_av_social_share  el_before_av_comments_list '><span class='hr-inner ' ><span class='hr-inner-style'><\/span><\/span><\/div>\n<div  class='av-buildercomment  av-blog-meta-html-info-disabled av-blog-meta-tag-disabled  '><\/div>\n","protected":false},"excerpt":{"rendered":"","protected":false},"author":1,"featured_media":51691,"comment_status":"open","ping_status":"open","sticky":false,"template":"","format":"standard","meta":{"footnotes":""},"categories":[38],"tags":[],"class_list":["post-51690","post","type-post","status-publish","format-standard","has-post-thumbnail","hentry","category-regional"],"jetpack_featured_media_url":"https:\/\/radiorevelacionfm.cl\/wp-content\/uploads\/2025\/03\/1-2025-03-21T192259.934-1-1.jpg","_links":{"self":[{"href":"https:\/\/radiorevelacionfm.cl\/index.php?rest_route=\/wp\/v2\/posts\/51690","targetHints":{"allow":["GET"]}}],"collection":[{"href":"https:\/\/radiorevelacionfm.cl\/index.php?rest_route=\/wp\/v2\/posts"}],"about":[{"href":"https:\/\/radiorevelacionfm.cl\/index.php?rest_route=\/wp\/v2\/types\/post"}],"author":[{"embeddable":true,"href":"https:\/\/radiorevelacionfm.cl\/index.php?rest_route=\/wp\/v2\/users\/1"}],"replies":[{"embeddable":true,"href":"https:\/\/radiorevelacionfm.cl\/index.php?rest_route=%2Fwp%2Fv2%2Fcomments&post=51690"}],"version-history":[{"count":1,"href":"https:\/\/radiorevelacionfm.cl\/index.php?rest_route=\/wp\/v2\/posts\/51690\/revisions"}],"predecessor-version":[{"id":51692,"href":"https:\/\/radiorevelacionfm.cl\/index.php?rest_route=\/wp\/v2\/posts\/51690\/revisions\/51692"}],"wp:featuredmedia":[{"embeddable":true,"href":"https:\/\/radiorevelacionfm.cl\/index.php?rest_route=\/wp\/v2\/media\/51691"}],"wp:attachment":[{"href":"https:\/\/radiorevelacionfm.cl\/index.php?rest_route=%2Fwp%2Fv2%2Fmedia&parent=51690"}],"wp:term":[{"taxonomy":"category","embeddable":true,"href":"https:\/\/radiorevelacionfm.cl\/index.php?rest_route=%2Fwp%2Fv2%2Fcategories&post=51690"},{"taxonomy":"post_tag","embeddable":true,"href":"https:\/\/radiorevelacionfm.cl\/index.php?rest_route=%2Fwp%2Fv2%2Ftags&post=51690"}],"curies":[{"name":"wp","href":"https:\/\/api.w.org\/{rel}","templated":true}]}}