{"id":51687,"date":"2025-03-22T12:18:38","date_gmt":"2025-03-22T15:18:38","guid":{"rendered":"https:\/\/radiorevelacionfm.cl\/?p=51687"},"modified":"2025-03-22T12:18:38","modified_gmt":"2025-03-22T15:18:38","slug":"mop-celebra-ano-internacional-de-la-conservacion-de-los-glaciares-y-el-dia-mundial-del-agua-apoyando-a-las-personas-en-la-inscripcion-de-derechos-de-aprovechamiento-de-aguas","status":"publish","type":"post","link":"https:\/\/radiorevelacionfm.cl\/?p=51687","title":{"rendered":"MOP celebra A\u00f1o Internacional de la Conservaci\u00f3n de los Glaciares y el D\u00eda Mundial del Agua apoyando a las personas en la inscripci\u00f3n de derechos de aprovechamiento de aguas"},"content":{"rendered":"<div class=\"flex_column av_one_full  flex_column_div av-zero-column-padding first  avia-builder-el-0  el_before_av_one_full  avia-builder-el-first  \" style='border-radius:0px; '><div  class='avia-image-container  av-styling-    avia-builder-el-1  avia-builder-el-no-sibling  avia-align-center '  itemprop=\"image\" itemscope=\"itemscope\" itemtype=\"https:\/\/schema.org\/ImageObject\"  ><div class='avia-image-container-inner'><div class='avia-image-overlay-wrap'><img decoding=\"async\" class='wp-image-51688 avia-img-lazy-loading-not-51688 avia_image' src=\"https:\/\/radiorevelacionfm.cl\/wp-content\/uploads\/2025\/03\/IMG_3742-1-1.jpg\" alt='' title='IMG_3742 (1) (1)' height=\"600\" width=\"900\"  itemprop=\"thumbnailUrl\" srcset=\"https:\/\/radiorevelacionfm.cl\/wp-content\/uploads\/2025\/03\/IMG_3742-1-1.jpg 900w, https:\/\/radiorevelacionfm.cl\/wp-content\/uploads\/2025\/03\/IMG_3742-1-1-300x200.jpg 300w, https:\/\/radiorevelacionfm.cl\/wp-content\/uploads\/2025\/03\/IMG_3742-1-1-768x512.jpg 768w, https:\/\/radiorevelacionfm.cl\/wp-content\/uploads\/2025\/03\/IMG_3742-1-1-705x470.jpg 705w, https:\/\/radiorevelacionfm.cl\/wp-content\/uploads\/2025\/03\/IMG_3742-1-1-450x300.jpg 450w, https:\/\/radiorevelacionfm.cl\/wp-content\/uploads\/2025\/03\/IMG_3742-1-1-600x400.jpg 600w\" sizes=\"(max-width: 900px) 100vw, 900px\" \/><\/div><\/div><\/div><\/div><div class=\"flex_column av_one_full  flex_column_div av-zero-column-padding first  avia-builder-el-2  el_after_av_one_full  el_before_av_one_full  column-top-margin\" style='border-radius:0px; '><section class=\"av_textblock_section \"  itemscope=\"itemscope\" itemtype=\"https:\/\/schema.org\/BlogPosting\" itemprop=\"blogPost\" ><div class='avia_textblock  '   itemprop=\"text\" ><p style=\"text-align: center;\"><strong><span style=\"font-size: 18pt;\">MOP celebra A\u00f1o Internacional de la Conservaci\u00f3n de los Glaciares y el D\u00eda Mundial del Agua apoyando a las personas en la inscripci\u00f3n de derechos de aprovechamiento de aguas<\/span><\/strong><\/p>\n<div id=\"gtx-trans\" style=\"position: absolute; left: -50px; top: 4.31534px;\">\n<div class=\"gtx-trans-icon\"><\/div>\n<\/div>\n<\/div><\/section><\/div><div class=\"flex_column av_one_full  flex_column_div av-zero-column-padding first  avia-builder-el-4  el_after_av_one_full  el_before_av_hr  column-top-margin\" style='border-radius:0px; '><section class=\"av_textblock_section \"  itemscope=\"itemscope\" itemtype=\"https:\/\/schema.org\/BlogPosting\" itemprop=\"blogPost\" ><div class='avia_textblock  '   itemprop=\"text\" ><p style=\"text-align: justify;\"><em>Una muestra fotogr\u00e1fica, charlas a estudiantes, difusi\u00f3n de la Campa\u00f1a: \u201cSiga la Corriente del Agua y Util\u00edzala en Regla\u201d y propiciar la responsable administraci\u00f3n del recurso h\u00eddrico que deje atr\u00e1s la especulaci\u00f3n, son los pilares con los que la Direcci\u00f3n General de Aguas del MOP en la Regi\u00f3n de Ays\u00e9n, celebra junto a la comunidad esta especial fecha.<\/em><\/p>\n<p style=\"text-align: justify;\">La Secretaria Regional Ministerial de Obras P\u00fablicas Paloma Jara Vald\u00e9s junto a los Directores Regionales de Aguas H\u00e9ctor Cort\u00e9s Gaete y de Obras Hidr\u00e1ulicas Francisco Real Bahamonde dio a conocer un completo programa de actividades que relevan el cuidado del recurso h\u00eddrico en todas sus formas y la conservaci\u00f3n de los glaciares.<\/p>\n<p style=\"text-align: justify;\">\u201cChile es uno de los pocos pa\u00edses de Latinoam\u00e9rica que presenta riesgo h\u00eddrico -y no es porque nos falte agua, porque tenemos recursos h\u00eddricos y nuestra regi\u00f3n es una reserva de agua-, es\u00a0 porque la gesti\u00f3n que se ha tenido de esa agua, no ha sido responsable. Hoy como gobierno hemos dado un salto al impulsar un C\u00f3digo de Aguas que no responde a los intereses econ\u00f3micos, sino que responde a una correcta gesti\u00f3n; es decir que, la gente no conserve derechos de agua en forma especulativa, sino que los tenga y los obtenga cuando sean necesarios y que se priorice por sobre todo el derecho del agua para el consumo humano\u201d, asegur\u00f3 la SEREMI del MOP.<\/p>\n<p style=\"text-align: justify;\">La autoridad regional de OOPP, tambi\u00e9n expres\u00f3 que \u201cLa gesti\u00f3n H\u00eddrica es un puntal en el gobierno de nuestro presidente Gabriel Boric, en donde demostramos que el agua es un recurso que debemos conducir y tambi\u00e9n que tenemos que cuidar. La Direcci\u00f3n General de Aguas tiene la labor de generar control sobre este recurso, de fiscalizar y monitorear nuestros glaciares, como lo vemos en la provincia Capit\u00e1n Prat y m\u00e1s al norte. Hoy podemos decir con mucho orgullo que para celebrar este d\u00eda tenemos acciones que realizar con la DGA, as\u00ed como tambi\u00e9n tenemos buenas noticias desde la Direcci\u00f3n Regional de Obras Hidr\u00e1ulicas, quienes se suman a la celebraci\u00f3n de este d\u00eda, con la construcci\u00f3n de un sexto Servicio Sanitario Rural (SSR) para la regi\u00f3n en la gesti\u00f3n de este gobierno, el gobierno que ha tenido la mayor construcci\u00f3n de SSR en la regi\u00f3n, trayendo as\u00ed agua potable a las personas que viven en el sector rural y entregando seguridad h\u00eddrica para ellos lo que para nosotros es fundamental, porque el a\u00f1o pasado se cumplieron los 60 a\u00f1os de esta pol\u00edtica, la que nos permite dar agua a las personas que viven en el campo, un agua gobernada por ellos mismos a trav\u00e9s de su Comit\u00e9. Tambi\u00e9n hemos ido avanzando en fiscalizaci\u00f3n y conjuntamente con otras instituciones como INADAP en poder tener claridad cu\u00e1les son los derechos de agua, d\u00f3nde est\u00e1n en la regi\u00f3n y poder llamar a las personas que han hecho uso hist\u00f3rico de ellos a que los inscriban para poder tener un catastro o registro m\u00e1s acabado y poder gestionar de mejor forma el recurso h\u00eddrico\u201d.<\/p>\n<p style=\"text-align: justify;\">Entre las actividades para celebrar el A\u00f1o Internacional de la Conservaci\u00f3n de los glaciares y el D\u00eda Mundial del Agua, destaca una muestra fotogr\u00e1fica y video informativos sobre glaciares en Ays\u00e9n desarrollado por la Unidad de Glaciolog\u00eda y Nieves dentro del programa \u201cProtecci\u00f3n y Transferencia de Informaci\u00f3n de Glaciares provincia Capit\u00e1n Prat\u201d, financiado por el Gobierno Regional; el lunes 24 de marzo personal de la DGA del MOP entregar\u00e1 tr\u00edpticos a personas usuarias en el sector humedal, en la ciudad de Puerto Ays\u00e9n para que inscriban sus derechos de agua en el marco de la campa\u00f1a \u201cSiga la Corriente del Agua y Util\u00edcela en Regla\u201d, actividad coordinada conjuntamente con la Municipalidad de Ays\u00e9n; el martes 25 y mi\u00e9rcoles 26 de marzo la DGA realizar\u00e1 charlas con muestra fotogr\u00e1fica a estudiantes del Liceo Josefina Aguirre Montenegro y del Liceo San Felipe Benicio para sensibilizar respecto al cuidado del agua y la conservaci\u00f3n de los glaciares, en el marco de que este 2025 ha sido establecido como el a\u00f1o internacional de la conservaci\u00f3n de los glaciares.<\/p>\n<p style=\"text-align: justify;\">Junto con invitar a la comunidad a visitar la muestra fotogr\u00e1fica que se mantendr\u00e1 abierta en el hall del edificio MOP, ubicado en calle Riquelme 465, 1\u00b0 piso, entre las 09:00 horas y las 17:00 horas hasta el pr\u00f3ximo viernes 28 de marzo, el Director de la Direcci\u00f3n General de Aguas del MOP en la Regi\u00f3n de Ays\u00e9n, H\u00e9ctor Cort\u00e9s Gaete detall\u00f3 algunos aspectos relevantes en materia de glaciares y gesti\u00f3n de la DGA. \u201cEfectivamente se han experimentado algunos cambios en los glaciares y hoy tenemos muchas m\u00e1s herramientas que nos permiten hacer una mejor evaluaci\u00f3n de la mantenci\u00f3n y de la evoluci\u00f3n de los glaciares. Hemos ido investigando estos cuerpos de hielo en forma sistem\u00e1tica y desde el punto de vista del Servicio, ha significado una innovaci\u00f3n. Estos \u00faltimos a\u00f1os hemos desarrollado con bastante fuerza y tambi\u00e9n con el apoyo del Gobierno Regional de Ays\u00e9n diferentes sectores en t\u00e9rminos de la obtenci\u00f3n de informaci\u00f3n; tambi\u00e9n estamos fortaleciendo la institucionalidad desde el punto de vista cient\u00edfico y revisar los efectos del cambio clim\u00e1tico asociado a las comunidades desde la perspectiva del recurso h\u00eddrico. Hoy somos la regi\u00f3n del pa\u00eds con mayor cantidad de glaciares. En Ays\u00e9n contamos con 10.301 glaciares lo que corresponde al 8,17% de superficie total de la regi\u00f3n. De las cuatro provincias, Capit\u00e1n Prat posee \u00a051% de estos glaciares, lo que en \u00e1rea corresponde 58% del total regional. Con el derretimiento de los glaciares producto de aumentos de temperaturas globales, se est\u00e1n formando nuevos lagos glaciares. La regi\u00f3n de Ays\u00e9n cuenta con la mayor cantidad de lagos glaciares en el pa\u00eds, 2.252, los que representan 41,75% a del total de lagos glaciares a nivel nacional. M\u00e1s de la mitad de estos lagos glaciares se ubican en la Provincia Capit\u00e1n Prat\u201d.<\/p>\n<p style=\"text-align: justify;\">Por su parte, el Director Regional de Obras Hidr\u00e1ulicas, Francisco Real Bahamonde expres\u00f3 en esta especial ocasi\u00f3n que \u201cAcabamos de adjudicar la construcci\u00f3n del Servicio Sanitario Rural del sector R\u00edo Los Palos, a lo que se suma que en el mes de abril publicaremos la licitaci\u00f3n para la construcci\u00f3n del\u00a0 Servicio Sanitario Rural (SSR) de Pampa Bahamonde, el de Las Bandurrias-Tejas Verdes y el de Chacras de Cochrane; as\u00ed tambi\u00e9n vamos a efectuar el mejoramiento de los Servicios Sanitarios Rurales de La Tapera, Murta, Lago Verde, El Salto Coyhaique y Melinka que es el proyecto m\u00e1s grande y con mayor inversi\u00f3n a nivel nacional de alrededor de 14 mil millones de pesos. En Melinka vamos a cambiar el sector de captaci\u00f3n desde la laguna Batuco hacia la laguna Granizo, mejorando la calidad del agua y de vida de la comunidad de los habitantes de Melinka que ha necesitado estas obras y recursos por mucho tiempo. Hoy ya son cerca de 30 mil las personas en la regi\u00f3n -m\u00e1s de \u00bc de la poblaci\u00f3n regional- que se abastecen con agua potable a trav\u00e9s de los Servicios Sanitarios Rurales que hemos construido y estamos d\u00eda a d\u00eda mejorando nuestros est\u00e1ndares, por lo tanto en esta especial fecha queremos relevar que para nosotros es muy importante el trabajo que hace la DGA, en particular en investigaci\u00f3n de los glaciares, porque nosotros trabajamos en la construcci\u00f3n de defensas fluviales y saber la informaci\u00f3n que ellos tienen, sobre todo relacionada con el R\u00edo Mosco, es muy relevante para construir las defensas fluviales que protejan a la poblaci\u00f3n de Villa O\u00b4Higgins, y para la toma de decisiones\u201d.<\/p>\n<\/div><\/section><\/div><div  style='height:50px' class='hr hr-invisible   avia-builder-el-6  el_after_av_one_full  el_before_av_social_share '><span class='hr-inner ' ><span class='hr-inner-style'><\/span><\/span><\/div><\/p>\n<div  class='av-social-sharing-box  avia-builder-el-7  el_after_av_hr  el_before_av_hr  '><div class='av-share-box'><h5 class='av-share-link-description av-no-toc '>Compartir esta noticia<\/h5><ul class='av-share-box-list noLightbox'><li class='av-share-link av-social-link-facebook' ><a target=\"_blank\" aria-label=\"Compartir en Facebook\" href='https:\/\/www.facebook.com\/sharer.php?u=https:\/\/radiorevelacionfm.cl\/?p=51687&#038;t=MOP%20celebra%20A%C3%B1o%20Internacional%20de%20la%20Conservaci%C3%B3n%20de%20los%20Glaciares%20y%20el%20D%C3%ADa%20Mundial%20del%20Agua%20apoyando%20a%20las%20personas%20en%20la%20inscripci%C3%B3n%20de%20derechos%20de%20aprovechamiento%20de%20aguas' aria-hidden='false' data-av_icon='\ue8f3' data-av_iconfont='entypo-fontello' title='' data-avia-related-tooltip='Compartir en Facebook' rel=\"noopener\"><span class='avia_hidden_link_text'>Compartir en Facebook<\/span><\/a><\/li><li class='av-share-link av-social-link-twitter' ><a target=\"_blank\" aria-label=\"Compartir en Twitter\" href='https:\/\/twitter.com\/share?text=MOP%20celebra%20A%C3%B1o%20Internacional%20de%20la%20Conservaci%C3%B3n%20de%20los%20Glaciares%20y%20el%20D%C3%ADa%20Mundial%20del%20Agua%20apoyando%20a%20las%20personas%20en%20la%20inscripci%C3%B3n%20de%20derechos%20de%20aprovechamiento%20de%20aguas&#038;url=https:\/\/radiorevelacionfm.cl\/?p=51687' aria-hidden='false' data-av_icon='\ue8f1' data-av_iconfont='entypo-fontello' title='' data-avia-related-tooltip='Compartir en Twitter' rel=\"noopener\"><span class='avia_hidden_link_text'>Compartir en Twitter<\/span><\/a><\/li><li class='av-share-link av-social-link-whatsapp' ><a target=\"_blank\" aria-label=\"Compartir en Whatsapp\" href='https:\/\/api.whatsapp.com\/send?text=https:\/\/radiorevelacionfm.cl\/?p=51687' aria-hidden='false' data-av_icon='\uf232' data-av_iconfont='entypo-fontello' title='' data-avia-related-tooltip='Compartir en Whatsapp' rel=\"noopener\"><span class='avia_hidden_link_text'>Compartir en Whatsapp<\/span><\/a><\/li><li class='av-share-link av-social-link-linkedin' ><a target=\"_blank\" aria-label=\"Compartir en LinkedIn\" href='https:\/\/linkedin.com\/shareArticle?mini=true&#038;title=MOP%20celebra%20A%C3%B1o%20Internacional%20de%20la%20Conservaci%C3%B3n%20de%20los%20Glaciares%20y%20el%20D%C3%ADa%20Mundial%20del%20Agua%20apoyando%20a%20las%20personas%20en%20la%20inscripci%C3%B3n%20de%20derechos%20de%20aprovechamiento%20de%20aguas&#038;url=https:\/\/radiorevelacionfm.cl\/?p=51687' aria-hidden='false' data-av_icon='\ue8fc' data-av_iconfont='entypo-fontello' title='' data-avia-related-tooltip='Compartir en LinkedIn' rel=\"noopener\"><span class='avia_hidden_link_text'>Compartir en LinkedIn<\/span><\/a><\/li><li class='av-share-link av-social-link-mail' ><a  aria-label=\"Compartir por correo\" href='mailto:?subject=MOP%20celebra%20A%C3%B1o%20Internacional%20de%20la%20Conservaci%C3%B3n%20de%20los%20Glaciares%20y%20el%20D%C3%ADa%20Mundial%20del%20Agua%20apoyando%20a%20las%20personas%20en%20la%20inscripci%C3%B3n%20de%20derechos%20de%20aprovechamiento%20de%20aguas&#038;body=https:\/\/radiorevelacionfm.cl\/?p=51687' aria-hidden='false' data-av_icon='\ue805' data-av_iconfont='entypo-fontello' title='' data-avia-related-tooltip='Compartir por correo'><span class='avia_hidden_link_text'>Compartir por correo<\/span><\/a><\/li><\/ul><\/div><\/div>\n<div  style='height:50px' class='hr hr-invisible   avia-builder-el-8  el_after_av_social_share  el_before_av_comments_list '><span class='hr-inner ' ><span class='hr-inner-style'><\/span><\/span><\/div>\n<div  class='av-buildercomment  av-blog-meta-html-info-disabled av-blog-meta-tag-disabled  '><\/div>\n","protected":false},"excerpt":{"rendered":"","protected":false},"author":1,"featured_media":51688,"comment_status":"open","ping_status":"open","sticky":false,"template":"","format":"standard","meta":{"footnotes":""},"categories":[38],"tags":[],"class_list":["post-51687","post","type-post","status-publish","format-standard","has-post-thumbnail","hentry","category-regional"],"jetpack_featured_media_url":"https:\/\/radiorevelacionfm.cl\/wp-content\/uploads\/2025\/03\/IMG_3742-1-1.jpg","_links":{"self":[{"href":"https:\/\/radiorevelacionfm.cl\/index.php?rest_route=\/wp\/v2\/posts\/51687","targetHints":{"allow":["GET"]}}],"collection":[{"href":"https:\/\/radiorevelacionfm.cl\/index.php?rest_route=\/wp\/v2\/posts"}],"about":[{"href":"https:\/\/radiorevelacionfm.cl\/index.php?rest_route=\/wp\/v2\/types\/post"}],"author":[{"embeddable":true,"href":"https:\/\/radiorevelacionfm.cl\/index.php?rest_route=\/wp\/v2\/users\/1"}],"replies":[{"embeddable":true,"href":"https:\/\/radiorevelacionfm.cl\/index.php?rest_route=%2Fwp%2Fv2%2Fcomments&post=51687"}],"version-history":[{"count":1,"href":"https:\/\/radiorevelacionfm.cl\/index.php?rest_route=\/wp\/v2\/posts\/51687\/revisions"}],"predecessor-version":[{"id":51689,"href":"https:\/\/radiorevelacionfm.cl\/index.php?rest_route=\/wp\/v2\/posts\/51687\/revisions\/51689"}],"wp:featuredmedia":[{"embeddable":true,"href":"https:\/\/radiorevelacionfm.cl\/index.php?rest_route=\/wp\/v2\/media\/51688"}],"wp:attachment":[{"href":"https:\/\/radiorevelacionfm.cl\/index.php?rest_route=%2Fwp%2Fv2%2Fmedia&parent=51687"}],"wp:term":[{"taxonomy":"category","embeddable":true,"href":"https:\/\/radiorevelacionfm.cl\/index.php?rest_route=%2Fwp%2Fv2%2Fcategories&post=51687"},{"taxonomy":"post_tag","embeddable":true,"href":"https:\/\/radiorevelacionfm.cl\/index.php?rest_route=%2Fwp%2Fv2%2Ftags&post=51687"}],"curies":[{"name":"wp","href":"https:\/\/api.w.org\/{rel}","templated":true}]}}