{"id":51680,"date":"2025-03-21T18:14:24","date_gmt":"2025-03-21T21:14:24","guid":{"rendered":"https:\/\/radiorevelacionfm.cl\/?p=51680"},"modified":"2025-03-21T18:20:14","modified_gmt":"2025-03-21T21:20:14","slug":"cancelan-alerta-roja-mas-de-40-hectareas-ha-consumido-incendio-forestal-en-chile-chico","status":"publish","type":"post","link":"https:\/\/radiorevelacionfm.cl\/?p=51680","title":{"rendered":"Cancelan Alerta Roja: M\u00e1s de 40 hect\u00e1reas ha consumido Incendio Forestal en Chile Chico"},"content":{"rendered":"<div class=\"flex_column av_one_full  flex_column_div av-zero-column-padding first  avia-builder-el-0  el_before_av_one_full  avia-builder-el-first  \" style='border-radius:0px; '><div  class='avia-image-container  av-styling-    avia-builder-el-1  avia-builder-el-no-sibling  avia-align-center '  itemprop=\"image\" itemscope=\"itemscope\" itemtype=\"https:\/\/schema.org\/ImageObject\"  ><div class='avia-image-container-inner'><div class='avia-image-overlay-wrap'><img decoding=\"async\" class='wp-image-51681 avia-img-lazy-loading-not-51681 avia_image' src=\"https:\/\/radiorevelacionfm.cl\/wp-content\/uploads\/2025\/03\/480940272_9335995123176294_2833597959192855573_n-1-1_optimized.jpg\" alt='' title='480940272_9335995123176294_2833597959192855573_n-(1)-(1)_optimized' height=\"600\" width=\"866\"  itemprop=\"thumbnailUrl\" srcset=\"https:\/\/radiorevelacionfm.cl\/wp-content\/uploads\/2025\/03\/480940272_9335995123176294_2833597959192855573_n-1-1_optimized.jpg 866w, https:\/\/radiorevelacionfm.cl\/wp-content\/uploads\/2025\/03\/480940272_9335995123176294_2833597959192855573_n-1-1_optimized-300x208.jpg 300w, https:\/\/radiorevelacionfm.cl\/wp-content\/uploads\/2025\/03\/480940272_9335995123176294_2833597959192855573_n-1-1_optimized-768x532.jpg 768w, https:\/\/radiorevelacionfm.cl\/wp-content\/uploads\/2025\/03\/480940272_9335995123176294_2833597959192855573_n-1-1_optimized-705x488.jpg 705w, https:\/\/radiorevelacionfm.cl\/wp-content\/uploads\/2025\/03\/480940272_9335995123176294_2833597959192855573_n-1-1_optimized-450x312.jpg 450w, https:\/\/radiorevelacionfm.cl\/wp-content\/uploads\/2025\/03\/480940272_9335995123176294_2833597959192855573_n-1-1_optimized-600x416.jpg 600w\" sizes=\"(max-width: 866px) 100vw, 866px\" \/><\/div><\/div><\/div><\/div>\n<div class=\"flex_column av_one_full  flex_column_div av-zero-column-padding first  avia-builder-el-2  el_after_av_one_full  el_before_av_one_full  column-top-margin\" style='border-radius:0px; '><section class=\"av_textblock_section \"  itemscope=\"itemscope\" itemtype=\"https:\/\/schema.org\/BlogPosting\" itemprop=\"blogPost\" ><div class='avia_textblock  '   itemprop=\"text\" ><p style=\"text-align: center;\"><strong><span style=\"font-size: 18pt;\">Cancelan Alerta Roja: M\u00e1s de 40 hect\u00e1reas ha consumido Incendio Forestal en Chile Chico<\/span><\/strong><\/p>\n<div id=\"gtx-trans\" style=\"position: absolute; left: -50px; top: 4.31534px;\">\n<div class=\"gtx-trans-icon\"><\/div>\n<\/div>\n<\/div><\/section><\/div>\n<div class=\"flex_column av_one_full  flex_column_div av-zero-column-padding first  avia-builder-el-4  el_after_av_one_full  el_before_av_hr  column-top-margin\" style='border-radius:0px; '><section class=\"av_textblock_section \"  itemscope=\"itemscope\" itemtype=\"https:\/\/schema.org\/BlogPosting\" itemprop=\"blogPost\" ><div class='avia_textblock  '   itemprop=\"text\" ><p style=\"text-align: justify;\">De acuerdo a lo informado esta tarde, viernes 21 de Marzo de 2025, CONAF se\u00f1ala que Incendio Forestal denominado \u201cLas Llaves\u201d ubicado en Ruta X-265 sector Paso Las Llaves, se mantiene en estado CONTROLADO.<\/p>\n<p style=\"text-align: justify;\">El cual se encuentra con m\u00ednima actividad en su frente de avance (sector 1) y en cola del incendio (sector 4). El trabajo de las brigadas se concentra en estos sectores para la extinci\u00f3n de estos focos con herramienta manual y equipos de agua.<\/p>\n<p style=\"text-align: justify;\">Durante esta jornada CONAF desactiva Alerta Roja para la comuna de Chile Chico, indicando como justificaci\u00f3n t\u00e9rmino o disminuci\u00f3n de las condiciones que dieron origen a la declaraci\u00f3n de alerta t\u00e9cnica roja, que se manten\u00eda activa desde el 19 de marzo 2025.<\/p>\n<p style=\"text-align: justify;\">Cabe se\u00f1alar que la superficie afectada informada es de 40,1 hect\u00e1reas de pastizal y matorral, de las cuales 14,54 Ha. corresponden a afecci\u00f3n del Parque Nacional Patagonia.<\/p>\n<p style=\"text-align: justify;\">Para el d\u00eda de ma\u00f1ana continuar\u00e1n las labores de los brigadistas en el sector.<\/p>\n<\/div><\/section><\/div><div  style='height:50px' class='hr hr-invisible   avia-builder-el-6  el_after_av_one_full  el_before_av_social_share '><span class='hr-inner ' ><span class='hr-inner-style'><\/span><\/span><\/div><\/p>\n<div  class='av-social-sharing-box  avia-builder-el-7  el_after_av_hr  el_before_av_hr  '><div class='av-share-box'><h5 class='av-share-link-description av-no-toc '>Compartir esta noticia<\/h5><ul class='av-share-box-list noLightbox'><li class='av-share-link av-social-link-facebook' ><a target=\"_blank\" aria-label=\"Compartir en Facebook\" href='https:\/\/www.facebook.com\/sharer.php?u=https:\/\/radiorevelacionfm.cl\/?p=51680&#038;t=Cancelan%20Alerta%20Roja%3A%20M%C3%A1s%20de%2040%20hect%C3%A1reas%20ha%20consumido%20Incendio%20Forestal%20en%20Chile%20Chico' aria-hidden='false' data-av_icon='\ue8f3' data-av_iconfont='entypo-fontello' title='' data-avia-related-tooltip='Compartir en Facebook' rel=\"noopener\"><span class='avia_hidden_link_text'>Compartir en Facebook<\/span><\/a><\/li><li class='av-share-link av-social-link-twitter' ><a target=\"_blank\" aria-label=\"Compartir en Twitter\" href='https:\/\/twitter.com\/share?text=Cancelan%20Alerta%20Roja%3A%20M%C3%A1s%20de%2040%20hect%C3%A1reas%20ha%20consumido%20Incendio%20Forestal%20en%20Chile%20Chico&#038;url=https:\/\/radiorevelacionfm.cl\/?p=51680' aria-hidden='false' data-av_icon='\ue8f1' data-av_iconfont='entypo-fontello' title='' data-avia-related-tooltip='Compartir en Twitter' rel=\"noopener\"><span class='avia_hidden_link_text'>Compartir en Twitter<\/span><\/a><\/li><li class='av-share-link av-social-link-whatsapp' ><a target=\"_blank\" aria-label=\"Compartir en Whatsapp\" href='https:\/\/api.whatsapp.com\/send?text=https:\/\/radiorevelacionfm.cl\/?p=51680' aria-hidden='false' data-av_icon='\uf232' data-av_iconfont='entypo-fontello' title='' data-avia-related-tooltip='Compartir en Whatsapp' rel=\"noopener\"><span class='avia_hidden_link_text'>Compartir en Whatsapp<\/span><\/a><\/li><li class='av-share-link av-social-link-linkedin' ><a target=\"_blank\" aria-label=\"Compartir en LinkedIn\" href='https:\/\/linkedin.com\/shareArticle?mini=true&#038;title=Cancelan%20Alerta%20Roja%3A%20M%C3%A1s%20de%2040%20hect%C3%A1reas%20ha%20consumido%20Incendio%20Forestal%20en%20Chile%20Chico&#038;url=https:\/\/radiorevelacionfm.cl\/?p=51680' aria-hidden='false' data-av_icon='\ue8fc' data-av_iconfont='entypo-fontello' title='' data-avia-related-tooltip='Compartir en LinkedIn' rel=\"noopener\"><span class='avia_hidden_link_text'>Compartir en LinkedIn<\/span><\/a><\/li><li class='av-share-link av-social-link-mail' ><a  aria-label=\"Compartir por correo\" href='mailto:?subject=Cancelan%20Alerta%20Roja%3A%20M%C3%A1s%20de%2040%20hect%C3%A1reas%20ha%20consumido%20Incendio%20Forestal%20en%20Chile%20Chico&#038;body=https:\/\/radiorevelacionfm.cl\/?p=51680' aria-hidden='false' data-av_icon='\ue805' data-av_iconfont='entypo-fontello' title='' data-avia-related-tooltip='Compartir por correo'><span class='avia_hidden_link_text'>Compartir por correo<\/span><\/a><\/li><\/ul><\/div><\/div>\n<div  style='height:50px' class='hr hr-invisible   avia-builder-el-8  el_after_av_social_share  el_before_av_comments_list '><span class='hr-inner ' ><span class='hr-inner-style'><\/span><\/span><\/div>\n<div  class='av-buildercomment  av-blog-meta-html-info-disabled av-blog-meta-tag-disabled  '><\/div>\n","protected":false},"excerpt":{"rendered":"","protected":false},"author":1,"featured_media":51681,"comment_status":"open","ping_status":"open","sticky":false,"template":"","format":"standard","meta":{"footnotes":""},"categories":[38],"tags":[],"class_list":["post-51680","post","type-post","status-publish","format-standard","has-post-thumbnail","hentry","category-regional"],"jetpack_featured_media_url":"https:\/\/radiorevelacionfm.cl\/wp-content\/uploads\/2025\/03\/480940272_9335995123176294_2833597959192855573_n-1-1_optimized.jpg","_links":{"self":[{"href":"https:\/\/radiorevelacionfm.cl\/index.php?rest_route=\/wp\/v2\/posts\/51680","targetHints":{"allow":["GET"]}}],"collection":[{"href":"https:\/\/radiorevelacionfm.cl\/index.php?rest_route=\/wp\/v2\/posts"}],"about":[{"href":"https:\/\/radiorevelacionfm.cl\/index.php?rest_route=\/wp\/v2\/types\/post"}],"author":[{"embeddable":true,"href":"https:\/\/radiorevelacionfm.cl\/index.php?rest_route=\/wp\/v2\/users\/1"}],"replies":[{"embeddable":true,"href":"https:\/\/radiorevelacionfm.cl\/index.php?rest_route=%2Fwp%2Fv2%2Fcomments&post=51680"}],"version-history":[{"count":2,"href":"https:\/\/radiorevelacionfm.cl\/index.php?rest_route=\/wp\/v2\/posts\/51680\/revisions"}],"predecessor-version":[{"id":51683,"href":"https:\/\/radiorevelacionfm.cl\/index.php?rest_route=\/wp\/v2\/posts\/51680\/revisions\/51683"}],"wp:featuredmedia":[{"embeddable":true,"href":"https:\/\/radiorevelacionfm.cl\/index.php?rest_route=\/wp\/v2\/media\/51681"}],"wp:attachment":[{"href":"https:\/\/radiorevelacionfm.cl\/index.php?rest_route=%2Fwp%2Fv2%2Fmedia&parent=51680"}],"wp:term":[{"taxonomy":"category","embeddable":true,"href":"https:\/\/radiorevelacionfm.cl\/index.php?rest_route=%2Fwp%2Fv2%2Fcategories&post=51680"},{"taxonomy":"post_tag","embeddable":true,"href":"https:\/\/radiorevelacionfm.cl\/index.php?rest_route=%2Fwp%2Fv2%2Ftags&post=51680"}],"curies":[{"name":"wp","href":"https:\/\/api.w.org\/{rel}","templated":true}]}}