{"id":51674,"date":"2025-03-21T20:06:26","date_gmt":"2025-03-21T23:06:26","guid":{"rendered":"https:\/\/radiorevelacionfm.cl\/?p=51674"},"modified":"2025-03-21T20:06:26","modified_gmt":"2025-03-21T23:06:26","slug":"mes-del-clima-aysen-refuerza-su-compromiso-ciudadano-en-foro-regional-de-accion-climatica","status":"publish","type":"post","link":"https:\/\/radiorevelacionfm.cl\/?p=51674","title":{"rendered":"Mes del Clima: Ays\u00e9n refuerza su compromiso ciudadano en Foro Regional de Acci\u00f3n Clim\u00e1tica"},"content":{"rendered":"<div class=\"flex_column av_one_full  flex_column_div av-zero-column-padding first  avia-builder-el-0  el_before_av_one_full  avia-builder-el-first  \" style='border-radius:0px; '><div  class='avia-image-container  av-styling-    avia-builder-el-1  avia-builder-el-no-sibling  avia-align-center '  itemprop=\"image\" itemscope=\"itemscope\" itemtype=\"https:\/\/schema.org\/ImageObject\"  ><div class='avia-image-container-inner'><div class='avia-image-overlay-wrap'><img decoding=\"async\" class='wp-image-51675 avia-img-lazy-loading-not-51675 avia_image' src=\"https:\/\/radiorevelacionfm.cl\/wp-content\/uploads\/2025\/03\/foro-3-1-1.jpg\" alt='' title='foro 3 (1) (1)' height=\"600\" width=\"1067\"  itemprop=\"thumbnailUrl\" srcset=\"https:\/\/radiorevelacionfm.cl\/wp-content\/uploads\/2025\/03\/foro-3-1-1.jpg 1067w, https:\/\/radiorevelacionfm.cl\/wp-content\/uploads\/2025\/03\/foro-3-1-1-300x169.jpg 300w, https:\/\/radiorevelacionfm.cl\/wp-content\/uploads\/2025\/03\/foro-3-1-1-1030x579.jpg 1030w, https:\/\/radiorevelacionfm.cl\/wp-content\/uploads\/2025\/03\/foro-3-1-1-768x432.jpg 768w, https:\/\/radiorevelacionfm.cl\/wp-content\/uploads\/2025\/03\/foro-3-1-1-705x396.jpg 705w, https:\/\/radiorevelacionfm.cl\/wp-content\/uploads\/2025\/03\/foro-3-1-1-450x253.jpg 450w, https:\/\/radiorevelacionfm.cl\/wp-content\/uploads\/2025\/03\/foro-3-1-1-600x337.jpg 600w\" sizes=\"(max-width: 1067px) 100vw, 1067px\" \/><\/div><\/div><\/div><\/div><div class=\"flex_column av_one_full  flex_column_div av-zero-column-padding first  avia-builder-el-2  el_after_av_one_full  el_before_av_one_full  column-top-margin\" style='border-radius:0px; '><section class=\"av_textblock_section \"  itemscope=\"itemscope\" itemtype=\"https:\/\/schema.org\/BlogPosting\" itemprop=\"blogPost\" ><div class='avia_textblock  '   itemprop=\"text\" ><p style=\"text-align: center;\"><strong><span style=\"font-size: 18pt;\">Mes del Clima: Ays\u00e9n refuerza su compromiso ciudadano en Foro Regional de Acci\u00f3n Clim\u00e1tica<\/span><\/strong><\/p>\n<div id=\"gtx-trans\" style=\"position: absolute; left: -50px; top: 4.31534px;\">\n<div class=\"gtx-trans-icon\"><\/div>\n<\/div>\n<\/div><\/section><\/div><div class=\"flex_column av_one_full  flex_column_div av-zero-column-padding first  avia-builder-el-4  el_after_av_one_full  el_before_av_hr  column-top-margin\" style='border-radius:0px; '><section class=\"av_textblock_section \"  itemscope=\"itemscope\" itemtype=\"https:\/\/schema.org\/BlogPosting\" itemprop=\"blogPost\" ><div class='avia_textblock  '   itemprop=\"text\" ><p style=\"text-align: justify;\">Con el prop\u00f3sito de fortalecer la acci\u00f3n clim\u00e1tica a nivel territorial y socializar la importancia de la Ley Marco de Cambio Clim\u00e1tico, se realiz\u00f3 en Coyhaique el Foro Regional por la Acci\u00f3n Clim\u00e1tica: Acci\u00f3n, Territorio y Clima. La actividad reuni\u00f3 a autoridades regionales, representantes de la sociedad civil, academia y emprendedores, consolidando el compromiso subnacional con los objetivos clim\u00e1ticos nacionales e internacionales.<\/p>\n<p style=\"text-align: justify;\">\u201cEste foro regional, que es una oportunidad para abrir la participaci\u00f3n a toda la ciudadan\u00eda, est\u00e1 enmarcado en el Mes del Clima y estamos muy contentos con la convocatoria, tenemos un sal\u00f3n lleno que visibiliza la importancia que pone la ciudadan\u00eda a la acci\u00f3n clim\u00e1tica\u201d, declar\u00f3 el Seremi del Medio Ambiente, Yoal D\u00edaz, agregando que ve con esperanza que la implementaci\u00f3n de la Ley Marco a trav\u00e9s del Plan de Acci\u00f3n Regional en nuestra Regi\u00f3n de Ays\u00e9n que \u201cesperamos prontamente sea aprobado por el Consejo Regional y nos permita abrir la puerta a que la acci\u00f3n clim\u00e1tica llegue a todos los rincones de la regi\u00f3n\u201d.<\/p>\n<p style=\"text-align: justify;\">La Ley Marco de Cambio Clim\u00e1tico, promulgada en 2022, establece un marco institucional robusto para enfrentar el cambio clim\u00e1tico, asignando responsabilidades a 17 ministerios, as\u00ed como a todas las regiones y comunas del pa\u00eds. Su objetivo principal es lograr un desarrollo carbono neutral y resiliente, garantizando una acci\u00f3n clim\u00e1tica efectiva y coordinada en todos los niveles.<\/p>\n<p style=\"text-align: justify;\">Por su parte, Jordan Harris, Coordinador Nacional del Proyecto Acci\u00f3n Territorio y Clima, enfatiz\u00f3 el papel fundamental de los gobiernos regionales en la implementaci\u00f3n de esta ley: \u00abEl \u00e9xito de la acci\u00f3n clim\u00e1tica en Chile depender\u00e1 de nuestra capacidad para generar soluciones desde los territorios. La Ley Marco no solo establece obligaciones, sino que tambi\u00e9n abre oportunidades para que los gobiernos regionales lideren procesos de adaptaci\u00f3n y mitigaci\u00f3n con una mirada inclusiva y de largo plazo. En Ays\u00e9n vemos un gran compromiso, y este foro es un ejemplo de c\u00f3mo la colaboraci\u00f3n multisectorial puede acelerar el cambio que necesitamos.\u201d<\/p>\n<p style=\"text-align: justify;\">El foro tambi\u00e9n puso \u00e9nfasis en el enfoque social y de g\u00e9nero en la implementaci\u00f3n de la Ley, promoviendo la participaci\u00f3n activa de diversos sectores para garantizar que la acci\u00f3n clim\u00e1tica sea equitativa y adaptada a las necesidades territoriales.<\/p>\n<p style=\"text-align: justify;\">\u201cS\u00faper buena experiencia, primero porque es importante alfabetizar a la comunidad respecto a la Ley de Cambio clim\u00e1tico, como concepto, qu\u00e9 pretende, el prop\u00f3sito. Entonces es un espacio muy buena para transmitirle a la gente informaci\u00f3n clave del proceso en el que estamos\u201d declar\u00f3 el profesional de Portal Ciencia Austral de CIEP, Juan Jos\u00e9 Gaete, durante su participaci\u00f3n en el foro; mientras que la cofundadora de la Fundaci\u00f3n AyCiencia, Francisca Bahamonde\u00a0 destac\u00f3 \u201clas experiencias del conversatorio, nos permiti\u00f3 inspirarnos tambi\u00e9n por personas que est\u00e1n trabajando de distintos lados de la sociedad en este mismo objetivo que ahora recoge esta nueva ley y que en el fondo nos incita y nos obliga a todos a hacernos cargo, a ocupar algunos minutos de nuestras vidas, a dejar menos impacto\u201d.<\/p>\n<p style=\"text-align: justify;\">Esta iniciativa es financiada por el Fondo Verde para el Clima y ejecutada por el Ministerio del Medio Ambiente, con el apoyo de la Organizaci\u00f3n de las Naciones Unidas para la Alimentaci\u00f3n y la Agricultura (FAO). A trav\u00e9s de instancias como esta, se busca fortalecer las capacidades t\u00e9cnicas de los gobiernos regionales y municipales, as\u00ed como difundir conocimiento y herramientas que permitan a todos los actores territoriales desarrollar estrategias efectivas de adaptaci\u00f3n y mitigaci\u00f3n al cambio clim\u00e1tico.<\/p>\n<p style=\"text-align: justify;\">Con la meta de alcanzar la carbono neutralidad y resiliencia a m\u00e1s tardar en 2050, el foro reafirm\u00f3 el compromiso de la Regi\u00f3n de Ays\u00e9n con la construcci\u00f3n de pol\u00edticas clim\u00e1ticas basadas en la ciencia, la participaci\u00f3n ciudadana y la equidad territorial.<\/p>\n<\/div><\/section><\/div><div  style='height:50px' class='hr hr-invisible   avia-builder-el-6  el_after_av_one_full  el_before_av_social_share '><span class='hr-inner ' ><span class='hr-inner-style'><\/span><\/span><\/div><\/p>\n<div  class='av-social-sharing-box  avia-builder-el-7  el_after_av_hr  el_before_av_hr  '><div class='av-share-box'><h5 class='av-share-link-description av-no-toc '>Compartir esta noticia<\/h5><ul class='av-share-box-list noLightbox'><li class='av-share-link av-social-link-facebook' ><a target=\"_blank\" aria-label=\"Compartir en Facebook\" href='https:\/\/www.facebook.com\/sharer.php?u=https:\/\/radiorevelacionfm.cl\/?p=51674&#038;t=Mes%20del%20Clima%3A%20Ays%C3%A9n%20refuerza%20su%20compromiso%20ciudadano%20en%20Foro%20Regional%20de%20Acci%C3%B3n%20Clim%C3%A1tica' aria-hidden='false' data-av_icon='\ue8f3' data-av_iconfont='entypo-fontello' title='' data-avia-related-tooltip='Compartir en Facebook' rel=\"noopener\"><span class='avia_hidden_link_text'>Compartir en Facebook<\/span><\/a><\/li><li class='av-share-link av-social-link-twitter' ><a target=\"_blank\" aria-label=\"Compartir en Twitter\" href='https:\/\/twitter.com\/share?text=Mes%20del%20Clima%3A%20Ays%C3%A9n%20refuerza%20su%20compromiso%20ciudadano%20en%20Foro%20Regional%20de%20Acci%C3%B3n%20Clim%C3%A1tica&#038;url=https:\/\/radiorevelacionfm.cl\/?p=51674' aria-hidden='false' data-av_icon='\ue8f1' data-av_iconfont='entypo-fontello' title='' data-avia-related-tooltip='Compartir en Twitter' rel=\"noopener\"><span class='avia_hidden_link_text'>Compartir en Twitter<\/span><\/a><\/li><li class='av-share-link av-social-link-whatsapp' ><a target=\"_blank\" aria-label=\"Compartir en Whatsapp\" href='https:\/\/api.whatsapp.com\/send?text=https:\/\/radiorevelacionfm.cl\/?p=51674' aria-hidden='false' data-av_icon='\uf232' data-av_iconfont='entypo-fontello' title='' data-avia-related-tooltip='Compartir en Whatsapp' rel=\"noopener\"><span class='avia_hidden_link_text'>Compartir en Whatsapp<\/span><\/a><\/li><li class='av-share-link av-social-link-linkedin' ><a target=\"_blank\" aria-label=\"Compartir en LinkedIn\" href='https:\/\/linkedin.com\/shareArticle?mini=true&#038;title=Mes%20del%20Clima%3A%20Ays%C3%A9n%20refuerza%20su%20compromiso%20ciudadano%20en%20Foro%20Regional%20de%20Acci%C3%B3n%20Clim%C3%A1tica&#038;url=https:\/\/radiorevelacionfm.cl\/?p=51674' aria-hidden='false' data-av_icon='\ue8fc' data-av_iconfont='entypo-fontello' title='' data-avia-related-tooltip='Compartir en LinkedIn' rel=\"noopener\"><span class='avia_hidden_link_text'>Compartir en LinkedIn<\/span><\/a><\/li><li class='av-share-link av-social-link-mail' ><a  aria-label=\"Compartir por correo\" href='mailto:?subject=Mes%20del%20Clima%3A%20Ays%C3%A9n%20refuerza%20su%20compromiso%20ciudadano%20en%20Foro%20Regional%20de%20Acci%C3%B3n%20Clim%C3%A1tica&#038;body=https:\/\/radiorevelacionfm.cl\/?p=51674' aria-hidden='false' data-av_icon='\ue805' data-av_iconfont='entypo-fontello' title='' data-avia-related-tooltip='Compartir por correo'><span class='avia_hidden_link_text'>Compartir por correo<\/span><\/a><\/li><\/ul><\/div><\/div>\n<div  style='height:50px' class='hr hr-invisible   avia-builder-el-8  el_after_av_social_share  el_before_av_comments_list '><span class='hr-inner ' ><span class='hr-inner-style'><\/span><\/span><\/div>\n<div  class='av-buildercomment  av-blog-meta-html-info-disabled av-blog-meta-tag-disabled  '><\/div>\n","protected":false},"excerpt":{"rendered":"","protected":false},"author":1,"featured_media":51675,"comment_status":"open","ping_status":"open","sticky":false,"template":"","format":"standard","meta":{"footnotes":""},"categories":[39],"tags":[],"class_list":["post-51674","post","type-post","status-publish","format-standard","has-post-thumbnail","hentry","category-medio-ambiente"],"jetpack_featured_media_url":"https:\/\/radiorevelacionfm.cl\/wp-content\/uploads\/2025\/03\/foro-3-1-1.jpg","_links":{"self":[{"href":"https:\/\/radiorevelacionfm.cl\/index.php?rest_route=\/wp\/v2\/posts\/51674","targetHints":{"allow":["GET"]}}],"collection":[{"href":"https:\/\/radiorevelacionfm.cl\/index.php?rest_route=\/wp\/v2\/posts"}],"about":[{"href":"https:\/\/radiorevelacionfm.cl\/index.php?rest_route=\/wp\/v2\/types\/post"}],"author":[{"embeddable":true,"href":"https:\/\/radiorevelacionfm.cl\/index.php?rest_route=\/wp\/v2\/users\/1"}],"replies":[{"embeddable":true,"href":"https:\/\/radiorevelacionfm.cl\/index.php?rest_route=%2Fwp%2Fv2%2Fcomments&post=51674"}],"version-history":[{"count":1,"href":"https:\/\/radiorevelacionfm.cl\/index.php?rest_route=\/wp\/v2\/posts\/51674\/revisions"}],"predecessor-version":[{"id":51676,"href":"https:\/\/radiorevelacionfm.cl\/index.php?rest_route=\/wp\/v2\/posts\/51674\/revisions\/51676"}],"wp:featuredmedia":[{"embeddable":true,"href":"https:\/\/radiorevelacionfm.cl\/index.php?rest_route=\/wp\/v2\/media\/51675"}],"wp:attachment":[{"href":"https:\/\/radiorevelacionfm.cl\/index.php?rest_route=%2Fwp%2Fv2%2Fmedia&parent=51674"}],"wp:term":[{"taxonomy":"category","embeddable":true,"href":"https:\/\/radiorevelacionfm.cl\/index.php?rest_route=%2Fwp%2Fv2%2Fcategories&post=51674"},{"taxonomy":"post_tag","embeddable":true,"href":"https:\/\/radiorevelacionfm.cl\/index.php?rest_route=%2Fwp%2Fv2%2Ftags&post=51674"}],"curies":[{"name":"wp","href":"https:\/\/api.w.org\/{rel}","templated":true}]}}