{"id":51668,"date":"2025-03-21T15:55:50","date_gmt":"2025-03-21T18:55:50","guid":{"rendered":"https:\/\/radiorevelacionfm.cl\/?p=51668"},"modified":"2025-03-21T15:55:50","modified_gmt":"2025-03-21T18:55:50","slug":"firma-de-memorandum-entre-el-gore-aysen-y-caf-gobernador-santana-estamos-enfocados-en-que-aysen-vuelva-a-crecer","status":"publish","type":"post","link":"https:\/\/radiorevelacionfm.cl\/?p=51668","title":{"rendered":"Firma de memor\u00e1ndum entre el GORE AYS\u00c9N y CAF: Gobernador Santana \u201cEstamos enfocados en que Ays\u00e9n vuelva a crecer\u201d"},"content":{"rendered":"<div class=\"flex_column av_one_full  flex_column_div av-zero-column-padding first  avia-builder-el-0  el_before_av_one_full  avia-builder-el-first  \" style='border-radius:0px; '><div  class='avia-image-container  av-styling-    avia-builder-el-1  avia-builder-el-no-sibling  avia-align-center '  itemprop=\"image\" itemscope=\"itemscope\" itemtype=\"https:\/\/schema.org\/ImageObject\"  ><div class='avia-image-container-inner'><div class='avia-image-overlay-wrap'><img decoding=\"async\" class='wp-image-51669 avia-img-lazy-loading-not-51669 avia_image' src=\"https:\/\/radiorevelacionfm.cl\/wp-content\/uploads\/2025\/03\/WhatsApp-Image-2025-03-21-at-11.51.27-AM-1-1-1.jpeg\" alt='' title='WhatsApp Image 2025-03-21 at 11.51.27 AM (1) (1) (1)' height=\"600\" width=\"899\"  itemprop=\"thumbnailUrl\" srcset=\"https:\/\/radiorevelacionfm.cl\/wp-content\/uploads\/2025\/03\/WhatsApp-Image-2025-03-21-at-11.51.27-AM-1-1-1.jpeg 899w, https:\/\/radiorevelacionfm.cl\/wp-content\/uploads\/2025\/03\/WhatsApp-Image-2025-03-21-at-11.51.27-AM-1-1-1-300x200.jpeg 300w, https:\/\/radiorevelacionfm.cl\/wp-content\/uploads\/2025\/03\/WhatsApp-Image-2025-03-21-at-11.51.27-AM-1-1-1-768x513.jpeg 768w, https:\/\/radiorevelacionfm.cl\/wp-content\/uploads\/2025\/03\/WhatsApp-Image-2025-03-21-at-11.51.27-AM-1-1-1-705x471.jpeg 705w, https:\/\/radiorevelacionfm.cl\/wp-content\/uploads\/2025\/03\/WhatsApp-Image-2025-03-21-at-11.51.27-AM-1-1-1-450x300.jpeg 450w, https:\/\/radiorevelacionfm.cl\/wp-content\/uploads\/2025\/03\/WhatsApp-Image-2025-03-21-at-11.51.27-AM-1-1-1-600x400.jpeg 600w\" sizes=\"(max-width: 899px) 100vw, 899px\" \/><\/div><\/div><\/div><\/div><div class=\"flex_column av_one_full  flex_column_div av-zero-column-padding first  avia-builder-el-2  el_after_av_one_full  el_before_av_one_full  column-top-margin\" style='border-radius:0px; '><section class=\"av_textblock_section \"  itemscope=\"itemscope\" itemtype=\"https:\/\/schema.org\/BlogPosting\" itemprop=\"blogPost\" ><div class='avia_textblock  '   itemprop=\"text\" ><p style=\"text-align: center;\"><strong><span style=\"font-size: 18pt;\">Firma de memor\u00e1ndum entre el GORE AYS\u00c9N y CAF: Gobernador Santana \u201cEstamos enfocados en que Ays\u00e9n vuelva a crecer\u201d<\/span><\/strong><\/p>\n<div id=\"gtx-trans\" style=\"position: absolute; left: -50px; top: 4.31534px;\">\n<div class=\"gtx-trans-icon\"><\/div>\n<\/div>\n<\/div><\/section><\/div><div class=\"flex_column av_one_full  flex_column_div av-zero-column-padding first  avia-builder-el-4  el_after_av_one_full  el_before_av_hr  column-top-margin\" style='border-radius:0px; '><section class=\"av_textblock_section \"  itemscope=\"itemscope\" itemtype=\"https:\/\/schema.org\/BlogPosting\" itemprop=\"blogPost\" ><div class='avia_textblock  '   itemprop=\"text\" ><p style=\"text-align: justify;\">Este martes en una ceremonia desarrollada en el edificio del Gore Ays\u00e9n, el Gobernador Regional de Ays\u00e9n Marcelo Santana Vargas junto al, firmaron un memor\u00e1ndum de entendimiento cuyo prop\u00f3sito es establecer un marco de colaboraci\u00f3n orientado al desarrollo sostenible e integral de la regi\u00f3n de Ays\u00e9n.<\/p>\n<p style=\"text-align: justify;\">El objetivo central del memor\u00e1ndum es establecer un marco general de colaboraci\u00f3n entre el GORE AYS\u00c9N y CAF para regular cuantas actividades y relaciones consideren las Instituciones como de inter\u00e9s mutuo, con el fin de trabajar conjuntamente para identificar oportunidades y promover iniciativas estrat\u00e9gicas que contribuyan al desarrollo sostenible de la regi\u00f3n. Asimismo, impulsar\u00e1n esfuerzos orientados a la sostenibilidad ambiental y la diversificaci\u00f3n energ\u00e9tica, facilitando la adopci\u00f3n de energ\u00edas limpias, la mejora en la gesti\u00f3n de residuos y la implementaci\u00f3n de medidas para reducir el impacto ambiental y contaminaci\u00f3n en zonas urbanas y rurales, continentales e insulares, adem\u00e1s de otras en que las Instituciones establezcan inter\u00e9s.<\/p>\n<p style=\"text-align: justify;\">Respecto de la firma, el Gobernador Marcelo Santana se\u00f1al\u00f3 \u201cLa firma de este memorando con CAF marca un hito para el desarrollo de Ays\u00e9n. Esta alianza nos permitir\u00e1 avanzar en infraestructura, energ\u00eda y servicios b\u00e1sicos, con miras a un crecimiento sostenible y competitivo. Necesitamos socios estrat\u00e9gicos para que Ays\u00e9n vuelva a crecer, y con CAF y OLADE trabajaremos en proyectos de corto y largo plazo que generen oportunidades para nuestra gente. Agradezco el apoyo del Gobierno, parlamentarios y alcaldes que han hecho posible este importante paso para nuestra regi\u00f3n\u201d.<\/p>\n<p style=\"text-align: justify;\">Sujeto a los t\u00e9rminos y condiciones descritas en el memor\u00e1ndum de entendimiento, aqu\u00ed ambas instituciones podr\u00e1n explorar la posibilidad de promover y desarrollar proyectos y acciones conjuntas en la promoci\u00f3n del desarrollo sostenible de la regi\u00f3n de Ays\u00e9n, la planificaci\u00f3n territorial; la promoci\u00f3n de soluciones energ\u00e9ticas sostenibles; el fortalecimiento de la infraestructura y los servicios b\u00e1sicos de la regi\u00f3n; el impulso del desarrollo productivo y tur\u00edstico; en asistencias t\u00e9cnicas en Hoja Ruta Productiva, apoyo productivo en relaci\u00f3n con el Parque Nacional Cerro Castillo, apoyo en tema de generaci\u00f3n el\u00e9ctrica, apoyo en soluci\u00f3n de servicios sanitarios en el litoral.<\/p>\n<p style=\"text-align: justify;\">Refiri\u00e9ndose a la importancia de este Convenio para la CAF, el Presidente Ejecutivo del Banco de Desarrollo de Am\u00e9rica Latina y el Caribe (CAF), Sergio D\u00edaz- Granados se\u00f1al\u00f3: Este acuerdo con el Gobierno Regional de Ays\u00e9n nos permitir\u00e1 trabajar en la elaboraci\u00f3n, preparaci\u00f3n y financiamiento de proyectos clave para la regi\u00f3n en infraestructura, energ\u00eda, conexi\u00f3n vial y calidad de los servicios sociales, especialmente en educaci\u00f3n. CAF aporta su experiencia en financiamiento y cooperaci\u00f3n t\u00e9cnica en Am\u00e9rica Latina y el Caribe, y queremos traer ese conocimiento a Ays\u00e9n. Hemos recorrido distintos puntos de la regi\u00f3n para fortalecer esta alianza y responder a las demandas ciudadanas, acompa\u00f1ando los esfuerzos del Gobierno Regional\u201d.<\/p>\n<p style=\"text-align: justify;\">Por su parte, Andr\u00e9s Rebolledo, Secretario Ejecutivo de la Organizaci\u00f3n Latinoamericana de Energ\u00eda (OLADE), expres\u00f3: Ays\u00e9n enfrenta desaf\u00edos energ\u00e9ticos \u00fanicos debido a su geograf\u00eda y sistemas aislados. Este convenio nos permitir\u00e1 priorizar soluciones eficientes, competitivas y sustentables para el desarrollo energ\u00e9tico de la regi\u00f3n. Desde OLADE, trabajaremos en definir prioridades y un plan de acci\u00f3n, mientras que CAF apoyar\u00e1 con financiamiento para impulsar estos proyectos en beneficio de las comunidades y el medioambiente\u00bb.<\/p>\n<\/div><\/section><\/div><div  style='height:50px' class='hr hr-invisible   avia-builder-el-6  el_after_av_one_full  el_before_av_social_share '><span class='hr-inner ' ><span class='hr-inner-style'><\/span><\/span><\/div><\/p>\n<div  class='av-social-sharing-box  avia-builder-el-7  el_after_av_hr  el_before_av_hr  '><div class='av-share-box'><h5 class='av-share-link-description av-no-toc '>Compartir esta noticia<\/h5><ul class='av-share-box-list noLightbox'><li class='av-share-link av-social-link-facebook' ><a target=\"_blank\" aria-label=\"Compartir en Facebook\" href='https:\/\/www.facebook.com\/sharer.php?u=https:\/\/radiorevelacionfm.cl\/?p=51668&#038;t=Firma%20de%20memor%C3%A1ndum%20entre%20el%20GORE%20AYS%C3%89N%20y%20CAF%3A%20Gobernador%20Santana%20%E2%80%9CEstamos%20enfocados%20en%20que%20Ays%C3%A9n%20vuelva%20a%20crecer%E2%80%9D' aria-hidden='false' data-av_icon='\ue8f3' data-av_iconfont='entypo-fontello' title='' data-avia-related-tooltip='Compartir en Facebook' rel=\"noopener\"><span class='avia_hidden_link_text'>Compartir en Facebook<\/span><\/a><\/li><li class='av-share-link av-social-link-twitter' ><a target=\"_blank\" aria-label=\"Compartir en Twitter\" href='https:\/\/twitter.com\/share?text=Firma%20de%20memor%C3%A1ndum%20entre%20el%20GORE%20AYS%C3%89N%20y%20CAF%3A%20Gobernador%20Santana%20%E2%80%9CEstamos%20enfocados%20en%20que%20Ays%C3%A9n%20vuelva%20a%20crecer%E2%80%9D&#038;url=https:\/\/radiorevelacionfm.cl\/?p=51668' aria-hidden='false' data-av_icon='\ue8f1' data-av_iconfont='entypo-fontello' title='' data-avia-related-tooltip='Compartir en Twitter' rel=\"noopener\"><span class='avia_hidden_link_text'>Compartir en Twitter<\/span><\/a><\/li><li class='av-share-link av-social-link-whatsapp' ><a target=\"_blank\" aria-label=\"Compartir en Whatsapp\" href='https:\/\/api.whatsapp.com\/send?text=https:\/\/radiorevelacionfm.cl\/?p=51668' aria-hidden='false' data-av_icon='\uf232' data-av_iconfont='entypo-fontello' title='' data-avia-related-tooltip='Compartir en Whatsapp' rel=\"noopener\"><span class='avia_hidden_link_text'>Compartir en Whatsapp<\/span><\/a><\/li><li class='av-share-link av-social-link-linkedin' ><a target=\"_blank\" aria-label=\"Compartir en LinkedIn\" href='https:\/\/linkedin.com\/shareArticle?mini=true&#038;title=Firma%20de%20memor%C3%A1ndum%20entre%20el%20GORE%20AYS%C3%89N%20y%20CAF%3A%20Gobernador%20Santana%20%E2%80%9CEstamos%20enfocados%20en%20que%20Ays%C3%A9n%20vuelva%20a%20crecer%E2%80%9D&#038;url=https:\/\/radiorevelacionfm.cl\/?p=51668' aria-hidden='false' data-av_icon='\ue8fc' data-av_iconfont='entypo-fontello' title='' data-avia-related-tooltip='Compartir en LinkedIn' rel=\"noopener\"><span class='avia_hidden_link_text'>Compartir en LinkedIn<\/span><\/a><\/li><li class='av-share-link av-social-link-mail' ><a  aria-label=\"Compartir por correo\" href='mailto:?subject=Firma%20de%20memor%C3%A1ndum%20entre%20el%20GORE%20AYS%C3%89N%20y%20CAF%3A%20Gobernador%20Santana%20%E2%80%9CEstamos%20enfocados%20en%20que%20Ays%C3%A9n%20vuelva%20a%20crecer%E2%80%9D&#038;body=https:\/\/radiorevelacionfm.cl\/?p=51668' aria-hidden='false' data-av_icon='\ue805' data-av_iconfont='entypo-fontello' title='' data-avia-related-tooltip='Compartir por correo'><span class='avia_hidden_link_text'>Compartir por correo<\/span><\/a><\/li><\/ul><\/div><\/div>\n<div  style='height:50px' class='hr hr-invisible   avia-builder-el-8  el_after_av_social_share  el_before_av_comments_list '><span class='hr-inner ' ><span class='hr-inner-style'><\/span><\/span><\/div>\n<div  class='av-buildercomment  av-blog-meta-html-info-disabled av-blog-meta-tag-disabled  '><\/div>\n","protected":false},"excerpt":{"rendered":"","protected":false},"author":1,"featured_media":51669,"comment_status":"open","ping_status":"open","sticky":false,"template":"","format":"standard","meta":{"footnotes":""},"categories":[38],"tags":[],"class_list":["post-51668","post","type-post","status-publish","format-standard","has-post-thumbnail","hentry","category-regional"],"jetpack_featured_media_url":"https:\/\/radiorevelacionfm.cl\/wp-content\/uploads\/2025\/03\/WhatsApp-Image-2025-03-21-at-11.51.27-AM-1-1-1.jpeg","_links":{"self":[{"href":"https:\/\/radiorevelacionfm.cl\/index.php?rest_route=\/wp\/v2\/posts\/51668","targetHints":{"allow":["GET"]}}],"collection":[{"href":"https:\/\/radiorevelacionfm.cl\/index.php?rest_route=\/wp\/v2\/posts"}],"about":[{"href":"https:\/\/radiorevelacionfm.cl\/index.php?rest_route=\/wp\/v2\/types\/post"}],"author":[{"embeddable":true,"href":"https:\/\/radiorevelacionfm.cl\/index.php?rest_route=\/wp\/v2\/users\/1"}],"replies":[{"embeddable":true,"href":"https:\/\/radiorevelacionfm.cl\/index.php?rest_route=%2Fwp%2Fv2%2Fcomments&post=51668"}],"version-history":[{"count":1,"href":"https:\/\/radiorevelacionfm.cl\/index.php?rest_route=\/wp\/v2\/posts\/51668\/revisions"}],"predecessor-version":[{"id":51670,"href":"https:\/\/radiorevelacionfm.cl\/index.php?rest_route=\/wp\/v2\/posts\/51668\/revisions\/51670"}],"wp:featuredmedia":[{"embeddable":true,"href":"https:\/\/radiorevelacionfm.cl\/index.php?rest_route=\/wp\/v2\/media\/51669"}],"wp:attachment":[{"href":"https:\/\/radiorevelacionfm.cl\/index.php?rest_route=%2Fwp%2Fv2%2Fmedia&parent=51668"}],"wp:term":[{"taxonomy":"category","embeddable":true,"href":"https:\/\/radiorevelacionfm.cl\/index.php?rest_route=%2Fwp%2Fv2%2Fcategories&post=51668"},{"taxonomy":"post_tag","embeddable":true,"href":"https:\/\/radiorevelacionfm.cl\/index.php?rest_route=%2Fwp%2Fv2%2Ftags&post=51668"}],"curies":[{"name":"wp","href":"https:\/\/api.w.org\/{rel}","templated":true}]}}