{"id":51665,"date":"2025-03-21T10:39:37","date_gmt":"2025-03-21T13:39:37","guid":{"rendered":"https:\/\/radiorevelacionfm.cl\/?p=51665"},"modified":"2025-03-21T10:39:37","modified_gmt":"2025-03-21T13:39:37","slug":"en-melinka-sence-certifica-a-15-mujeres-en-elaboracion-de-aceites-esenciales","status":"publish","type":"post","link":"https:\/\/radiorevelacionfm.cl\/?p=51665","title":{"rendered":"En Melinka Sence certifica a 15 mujeres en elaboraci\u00f3n de aceites esenciales"},"content":{"rendered":"<div class=\"flex_column av_one_full  flex_column_div av-zero-column-padding first  avia-builder-el-0  el_before_av_one_full  avia-builder-el-first  \" style='border-radius:0px; '><div  class='avia-image-container  av-styling-    avia-builder-el-1  avia-builder-el-no-sibling  avia-align-center '  itemprop=\"image\" itemscope=\"itemscope\" itemtype=\"https:\/\/schema.org\/ImageObject\"  ><div class='avia-image-container-inner'><div class='avia-image-overlay-wrap'><img decoding=\"async\" class='wp-image-51666 avia-img-lazy-loading-not-51666 avia_image' src=\"https:\/\/radiorevelacionfm.cl\/wp-content\/uploads\/2025\/03\/certidicacion-melinka-1_optimized.jpeg\" alt='' title='certidicaci\u00f3n-melinka--(1)_optimized' height=\"600\" width=\"933\"  itemprop=\"thumbnailUrl\" srcset=\"https:\/\/radiorevelacionfm.cl\/wp-content\/uploads\/2025\/03\/certidicacion-melinka-1_optimized.jpeg 933w, https:\/\/radiorevelacionfm.cl\/wp-content\/uploads\/2025\/03\/certidicacion-melinka-1_optimized-300x193.jpeg 300w, https:\/\/radiorevelacionfm.cl\/wp-content\/uploads\/2025\/03\/certidicacion-melinka-1_optimized-768x494.jpeg 768w, https:\/\/radiorevelacionfm.cl\/wp-content\/uploads\/2025\/03\/certidicacion-melinka-1_optimized-705x453.jpeg 705w, https:\/\/radiorevelacionfm.cl\/wp-content\/uploads\/2025\/03\/certidicacion-melinka-1_optimized-450x289.jpeg 450w, https:\/\/radiorevelacionfm.cl\/wp-content\/uploads\/2025\/03\/certidicacion-melinka-1_optimized-600x386.jpeg 600w\" sizes=\"(max-width: 933px) 100vw, 933px\" \/><\/div><\/div><\/div><\/div><div class=\"flex_column av_one_full  flex_column_div av-zero-column-padding first  avia-builder-el-2  el_after_av_one_full  el_before_av_one_full  column-top-margin\" style='border-radius:0px; '><section class=\"av_textblock_section \"  itemscope=\"itemscope\" itemtype=\"https:\/\/schema.org\/BlogPosting\" itemprop=\"blogPost\" ><div class='avia_textblock  '   itemprop=\"text\" ><p style=\"text-align: center;\"><strong><span style=\"font-size: 18pt;\">En Melinka Sence certifica a 15 mujeres en elaboraci\u00f3n de aceites esenciales<\/span><\/strong><\/p>\n<div id=\"gtx-trans\" style=\"position: absolute; left: -50px; top: 4.31534px;\">\n<div class=\"gtx-trans-icon\"><\/div>\n<\/div>\n<\/div><\/section><\/div><div class=\"flex_column av_one_full  flex_column_div av-zero-column-padding first  avia-builder-el-4  el_after_av_one_full  el_before_av_hr  column-top-margin\" style='border-radius:0px; '><section class=\"av_textblock_section \"  itemscope=\"itemscope\" itemtype=\"https:\/\/schema.org\/BlogPosting\" itemprop=\"blogPost\" ><div class='avia_textblock  '   itemprop=\"text\" ><p style=\"font-weight: 400; text-align: justify;\">El Servicio Nacional de Capacitaci\u00f3n y Empleo, Sence, llev\u00f3 a cabo la certificaci\u00f3n de 15 alumnas en el curso de \u201cElaboraci\u00f3n de Aceites Esenciales\u201d en Melinka, tras la exitosa finalizaci\u00f3n del programa de formaci\u00f3n en el que participaron. Este curso, que tuvo como objetivo principal capacitar a las participantes en el uso y beneficios de los aceites esenciales, se realiz\u00f3 como parte de la iniciativa de formaci\u00f3n continua de SENCE, orientada a mejorar las habilidades y competencias laborales de la comunidad.<\/p>\n<p style=\"font-weight: 400; text-align: justify;\">La Seremi del Trabajo y Previsi\u00f3n Social, Camila Covarrubias Retamal, destac\u00f3 el esfuerzo que est\u00e1 realizando Sence en capacitaci\u00f3n, \u201cEl Ministerio del Trabajo y Previsi\u00f3n Social, a trav\u00e9s de Sence, tiene una importante misi\u00f3n, que es apoyar con capacitaci\u00f3n y conocimientos a las y los trabajadores de nuestra regi\u00f3n, llegar hasta todos los rincones, como ahora en Melinka, donde fueron mujeres las que aprovecharon esta oportunidad que les entregaba este curso, gratis y con \u00e9l, mejorar su calidad de vida a trav\u00e9s de emprendimientos, ya que tambi\u00e9n se les entregaron herramientas para iniciar un negocio, lo que queremos destacar, m\u00e1s a\u00fan en este Mes de la Mujer\u201d.<\/p>\n<p style=\"font-weight: 400; text-align: justify;\">Nelson Garrido Morales, director regional del Sence Ays\u00e9n, quien se traslad\u00f3 hasta la localidad, manifest\u00f3 \u201cQuiero felicitar a todas las participantes que han culminado con \u00e9xito el curso de elaboraci\u00f3n de aceites esenciales en Melinka. Este curso no solo ha sido una oportunidad para aprender sobre t\u00e9cnicas y procesos, sino tambi\u00e9n para fortalecer un oficio que tal vez ya manejaban un poco y potenciar el desarrollo local. Como servicio, estamos muy contentos de ver c\u00f3mo cada una de ustedes ha demostrado dedicaci\u00f3n y pasi\u00f3n por esta hermosa actividad. Los aceites esenciales no solo tienen un gran valor en el mercado, sino que tambi\u00e9n representan una conexi\u00f3n profunda con nuestra naturaleza y cultura. Las invito a seguir explorando y aplicando lo aprendido, y a compartir sus conocimientos con la comunidad, ya que as\u00ed, podemos seguir impulsando el crecimiento y la innovaci\u00f3n en nuestra regi\u00f3n y, sobre todo, en esta hermosa localidad de la comuna de Guaitecas\u201d, concluy\u00f3.<\/p>\n<p style=\"font-weight: 400; text-align: justify;\">Las alumnas que recibieron su certificaci\u00f3n lograron aprender las t\u00e9cnicas y conocimientos especializados en el uso de aceites esenciales en diversas \u00e1reas, tales como aromaterapia, bienestar personal y aplicaciones cosm\u00e9ticas. Esta capacitaci\u00f3n les permitir\u00e1 abrir nuevas oportunidades laborales en un sector en crecimiento, brindando adem\u00e1s un valor agregado al mercado local.<\/p>\n<p style=\"font-weight: 400; text-align: justify;\">En la ceremonia de entrega de certificados en la que participaron autoridades regionales y locales, se destac\u00f3 el compromiso de las alumnas por seguir form\u00e1ndose y mejorando sus capacidades, as\u00ed lo recalc\u00f3 el Alcalde de la comuna de Guaitecas, Bans Puinao Carimoney \u201cLa verdad que estamos muy contentos con Sence, venir hasta la comuna a poder certificar a emprendedoras, a mujeres que hicieron el curso de aceites esenciales. Con esto tambi\u00e9n se genera un impulso gigante en las mujeres, se le entregan nuevas herramientas de trabajo donde pueden emprender tambi\u00e9n y desarrollar este tipo de actividades dentro de nuestra comuna\u201d, detall\u00f3.<\/p>\n<p style=\"font-weight: 400; text-align: justify;\">Una de las alumnas del curso fue Rosa Toledo Garc\u00eda, quien agradeci\u00f3 la capacitaci\u00f3n dictada, comentando \u201cUn curso excelente, aprendimos harto, aprendimos a hacer logos, aprendimos a hacer un proyecto para m\u00e1s adelante poder sacarlo, cosas que uno no sab\u00eda, cosas que uno aprendi\u00f3 ah\u00ed en el curso, fueron hartas horas, pero se lograron hartas cosas y me encant\u00f3 y lo recomiendo 100%, excelente.\u201d puntualiz\u00f3.<\/p>\n<p style=\"font-weight: 400; text-align: justify;\">El plan formativo del curso de Aceites esenciales, parte del programa Becas Laborales de Sence, tuvo una duraci\u00f3n de 174 horas, las cuales se dividieron en diferentes m\u00f3dulos de aprendizaje y cont\u00f3 con subsidios de movilizaci\u00f3n y herramientas para quienes aprobaron exitosamente el curso.<\/p>\n<\/div><\/section><\/div><div  style='height:50px' class='hr hr-invisible   avia-builder-el-6  el_after_av_one_full  el_before_av_social_share '><span class='hr-inner ' ><span class='hr-inner-style'><\/span><\/span><\/div><\/p>\n<div  class='av-social-sharing-box  avia-builder-el-7  el_after_av_hr  el_before_av_hr  '><div class='av-share-box'><h5 class='av-share-link-description av-no-toc '>Compartir esta noticia<\/h5><ul class='av-share-box-list noLightbox'><li class='av-share-link av-social-link-facebook' ><a target=\"_blank\" aria-label=\"Compartir en Facebook\" href='https:\/\/www.facebook.com\/sharer.php?u=https:\/\/radiorevelacionfm.cl\/?p=51665&#038;t=En%20Melinka%20Sence%20certifica%20a%2015%20mujeres%20en%20elaboraci%C3%B3n%20de%20aceites%20esenciales' aria-hidden='false' data-av_icon='\ue8f3' data-av_iconfont='entypo-fontello' title='' data-avia-related-tooltip='Compartir en Facebook' rel=\"noopener\"><span class='avia_hidden_link_text'>Compartir en Facebook<\/span><\/a><\/li><li class='av-share-link av-social-link-twitter' ><a target=\"_blank\" aria-label=\"Compartir en Twitter\" href='https:\/\/twitter.com\/share?text=En%20Melinka%20Sence%20certifica%20a%2015%20mujeres%20en%20elaboraci%C3%B3n%20de%20aceites%20esenciales&#038;url=https:\/\/radiorevelacionfm.cl\/?p=51665' aria-hidden='false' data-av_icon='\ue8f1' data-av_iconfont='entypo-fontello' title='' data-avia-related-tooltip='Compartir en Twitter' rel=\"noopener\"><span class='avia_hidden_link_text'>Compartir en Twitter<\/span><\/a><\/li><li class='av-share-link av-social-link-whatsapp' ><a target=\"_blank\" aria-label=\"Compartir en Whatsapp\" href='https:\/\/api.whatsapp.com\/send?text=https:\/\/radiorevelacionfm.cl\/?p=51665' aria-hidden='false' data-av_icon='\uf232' data-av_iconfont='entypo-fontello' title='' data-avia-related-tooltip='Compartir en Whatsapp' rel=\"noopener\"><span class='avia_hidden_link_text'>Compartir en Whatsapp<\/span><\/a><\/li><li class='av-share-link av-social-link-linkedin' ><a target=\"_blank\" aria-label=\"Compartir en LinkedIn\" href='https:\/\/linkedin.com\/shareArticle?mini=true&#038;title=En%20Melinka%20Sence%20certifica%20a%2015%20mujeres%20en%20elaboraci%C3%B3n%20de%20aceites%20esenciales&#038;url=https:\/\/radiorevelacionfm.cl\/?p=51665' aria-hidden='false' data-av_icon='\ue8fc' data-av_iconfont='entypo-fontello' title='' data-avia-related-tooltip='Compartir en LinkedIn' rel=\"noopener\"><span class='avia_hidden_link_text'>Compartir en LinkedIn<\/span><\/a><\/li><li class='av-share-link av-social-link-mail' ><a  aria-label=\"Compartir por correo\" href='mailto:?subject=En%20Melinka%20Sence%20certifica%20a%2015%20mujeres%20en%20elaboraci%C3%B3n%20de%20aceites%20esenciales&#038;body=https:\/\/radiorevelacionfm.cl\/?p=51665' aria-hidden='false' data-av_icon='\ue805' data-av_iconfont='entypo-fontello' title='' data-avia-related-tooltip='Compartir por correo'><span class='avia_hidden_link_text'>Compartir por correo<\/span><\/a><\/li><\/ul><\/div><\/div>\n<div  style='height:50px' class='hr hr-invisible   avia-builder-el-8  el_after_av_social_share  el_before_av_comments_list '><span class='hr-inner ' ><span class='hr-inner-style'><\/span><\/span><\/div>\n<div  class='av-buildercomment  av-blog-meta-html-info-disabled av-blog-meta-tag-disabled  '><\/div>\n","protected":false},"excerpt":{"rendered":"","protected":false},"author":1,"featured_media":51666,"comment_status":"open","ping_status":"open","sticky":false,"template":"","format":"standard","meta":{"footnotes":""},"categories":[38],"tags":[],"class_list":["post-51665","post","type-post","status-publish","format-standard","has-post-thumbnail","hentry","category-regional"],"jetpack_featured_media_url":"https:\/\/radiorevelacionfm.cl\/wp-content\/uploads\/2025\/03\/certidicacion-melinka-1_optimized.jpeg","_links":{"self":[{"href":"https:\/\/radiorevelacionfm.cl\/index.php?rest_route=\/wp\/v2\/posts\/51665","targetHints":{"allow":["GET"]}}],"collection":[{"href":"https:\/\/radiorevelacionfm.cl\/index.php?rest_route=\/wp\/v2\/posts"}],"about":[{"href":"https:\/\/radiorevelacionfm.cl\/index.php?rest_route=\/wp\/v2\/types\/post"}],"author":[{"embeddable":true,"href":"https:\/\/radiorevelacionfm.cl\/index.php?rest_route=\/wp\/v2\/users\/1"}],"replies":[{"embeddable":true,"href":"https:\/\/radiorevelacionfm.cl\/index.php?rest_route=%2Fwp%2Fv2%2Fcomments&post=51665"}],"version-history":[{"count":1,"href":"https:\/\/radiorevelacionfm.cl\/index.php?rest_route=\/wp\/v2\/posts\/51665\/revisions"}],"predecessor-version":[{"id":51667,"href":"https:\/\/radiorevelacionfm.cl\/index.php?rest_route=\/wp\/v2\/posts\/51665\/revisions\/51667"}],"wp:featuredmedia":[{"embeddable":true,"href":"https:\/\/radiorevelacionfm.cl\/index.php?rest_route=\/wp\/v2\/media\/51666"}],"wp:attachment":[{"href":"https:\/\/radiorevelacionfm.cl\/index.php?rest_route=%2Fwp%2Fv2%2Fmedia&parent=51665"}],"wp:term":[{"taxonomy":"category","embeddable":true,"href":"https:\/\/radiorevelacionfm.cl\/index.php?rest_route=%2Fwp%2Fv2%2Fcategories&post=51665"},{"taxonomy":"post_tag","embeddable":true,"href":"https:\/\/radiorevelacionfm.cl\/index.php?rest_route=%2Fwp%2Fv2%2Ftags&post=51665"}],"curies":[{"name":"wp","href":"https:\/\/api.w.org\/{rel}","templated":true}]}}