{"id":51662,"date":"2025-03-21T10:24:42","date_gmt":"2025-03-21T13:24:42","guid":{"rendered":"https:\/\/radiorevelacionfm.cl\/?p=51662"},"modified":"2025-03-21T10:24:42","modified_gmt":"2025-03-21T13:24:42","slug":"museo-regional-de-aysen-se-suma-al-dia-de-la-astronomia-con-presentacion-de-documental-y-observacion-en-telescopios","status":"publish","type":"post","link":"https:\/\/radiorevelacionfm.cl\/?p=51662","title":{"rendered":"Museo Regional de Ays\u00e9n se suma al D\u00eda de la Astronom\u00eda con presentaci\u00f3n de documental y observaci\u00f3n en telescopios"},"content":{"rendered":"<div class=\"flex_column av_one_full  flex_column_div av-zero-column-padding first  avia-builder-el-0  el_before_av_one_full  avia-builder-el-first  \" style='border-radius:0px; '><div  class='avia-image-container  av-styling-    avia-builder-el-1  avia-builder-el-no-sibling  avia-align-center '  itemprop=\"image\" itemscope=\"itemscope\" itemtype=\"https:\/\/schema.org\/ImageObject\"  ><div class='avia-image-container-inner'><div class='avia-image-overlay-wrap'><img decoding=\"async\" class='wp-image-51663 avia-img-lazy-loading-not-51663 avia_image' src=\"https:\/\/radiorevelacionfm.cl\/wp-content\/uploads\/2025\/03\/hmc_7072-1_optimized.jpg\" alt='' title='hmc_7072-(1)_optimized' height=\"600\" width=\"900\"  itemprop=\"thumbnailUrl\" srcset=\"https:\/\/radiorevelacionfm.cl\/wp-content\/uploads\/2025\/03\/hmc_7072-1_optimized.jpg 900w, https:\/\/radiorevelacionfm.cl\/wp-content\/uploads\/2025\/03\/hmc_7072-1_optimized-300x200.jpg 300w, https:\/\/radiorevelacionfm.cl\/wp-content\/uploads\/2025\/03\/hmc_7072-1_optimized-768x512.jpg 768w, https:\/\/radiorevelacionfm.cl\/wp-content\/uploads\/2025\/03\/hmc_7072-1_optimized-705x470.jpg 705w, https:\/\/radiorevelacionfm.cl\/wp-content\/uploads\/2025\/03\/hmc_7072-1_optimized-450x300.jpg 450w, https:\/\/radiorevelacionfm.cl\/wp-content\/uploads\/2025\/03\/hmc_7072-1_optimized-600x400.jpg 600w\" sizes=\"(max-width: 900px) 100vw, 900px\" \/><\/div><\/div><\/div><\/div><div class=\"flex_column av_one_full  flex_column_div av-zero-column-padding first  avia-builder-el-2  el_after_av_one_full  el_before_av_one_full  column-top-margin\" style='border-radius:0px; '><section class=\"av_textblock_section \"  itemscope=\"itemscope\" itemtype=\"https:\/\/schema.org\/BlogPosting\" itemprop=\"blogPost\" ><div class='avia_textblock  '   itemprop=\"text\" ><p style=\"text-align: center;\"><strong><span style=\"font-size: 18pt;\">Museo Regional de Ays\u00e9n se suma al D\u00eda de la Astronom\u00eda con presentaci\u00f3n de documental y observaci\u00f3n en telescopios <\/span><\/strong><\/p>\n<div id=\"gtx-trans\" style=\"position: absolute; left: -50px; top: 4.31534px;\">\n<div class=\"gtx-trans-icon\"><\/div>\n<\/div>\n<\/div><\/section><\/div><div class=\"flex_column av_one_full  flex_column_div av-zero-column-padding first  avia-builder-el-4  el_after_av_one_full  el_before_av_hr  column-top-margin\" style='border-radius:0px; '><section class=\"av_textblock_section \"  itemscope=\"itemscope\" itemtype=\"https:\/\/schema.org\/BlogPosting\" itemprop=\"blogPost\" ><div class='avia_textblock  '   itemprop=\"text\" ><p style=\"font-weight: 400; text-align: justify;\"><em>\u201cUn cielo en com\u00fan\u201d es el lema que re\u00fane el centenar de eventos con los que se festejar\u00e1 en distintas ciudades.<\/em><\/p>\n<p style=\"font-weight: 400; text-align: justify;\">Hace once a\u00f1os, el 21 de marzo de 2014, Conicyt (hoy ANID) firm\u00f3 un acuerdo con la Fundaci\u00f3n Planetario de la Universidad de Santiago de Chile y la Sociedad Chilena de Astronom\u00eda (SOCHIAS) para un puente de uni\u00f3n entre la ciencia y la sociedad a prop\u00f3sito del equinoccio de oto\u00f1o. Desde entonces, m\u00e1s organizaciones se han sumado y hoy ya son trece instituciones las que colaboran en esta fiesta familiar a nivel nacional.<\/p>\n<p style=\"font-weight: 400; text-align: justify;\">\u201cEl D\u00eda de la Astronom\u00eda, ahora el mes por la cantidad de actividades que tenemos, nos permite conectarnos con esta ciencia que est\u00e1 tan arraigada en el coraz\u00f3n de los chilenos y chilenas. Hasta hoy, tenemos 110 actividades inscritas que se realizar\u00e1n a lo largo de Chile donde las personas, los ni\u00f1os m\u00e1s chiquititos, los j\u00f3venes y como dicen algunos, los que tienen juventud acumulada, tambi\u00e9n pueden disfrutar, aprender y conectarse con esta disciplina que es tan importante. Chile tiene un v\u00ednculo particular con los cielos, los cielos nos ense\u00f1an, se cuidan. Esta conexi\u00f3n nos ha llevado tambi\u00e9n a construir pol\u00edticas p\u00fablicas de largo plazo que hoy d\u00eda nos convierten en la capital mundial de la astronom\u00eda\u201d, se\u00f1al\u00f3 la ministra Etcheverry.<\/p>\n<p style=\"font-weight: 400; text-align: justify;\">La seremi de Ciencia, Ver\u00f3nica Vallejos, hizo una especial llamado a todos y todas para que se unan a esta gran actividad. \u201cEn este nuevo D\u00eda de la Astronom\u00eda queremos invitarles a que miren nuestro planeta m\u00e1s all\u00e1 de las estrellas. Mirar hacia arriba y ver c\u00f3mo estamos insertos en este gran cosmos y desde esa visi\u00f3n hacia el cielo poder vernos en nuestro entorno propio. Aprovechemos todas las instancias que el ministerio est\u00e1 levantando para que disfrutemos y aprendamos m\u00e1s de todo el universo y, por qu\u00e9 no, aprender tambi\u00e9n de estas ciencias especiales que nos acercan a mirarnos fuera de nuestro planeta\u201d.<\/p>\n<p style=\"font-weight: 400; text-align: justify;\">\u00c9sta es una celebraci\u00f3n organizada por el MinCiencia, el Planetario de la Universidad de Santiago de Chile, el Museo Interactivo Mirador, CATA (Centro de Astrof\u00edsica y Tecnolog\u00edas Afines), ESO, la Sociedad Chilena de Astronom\u00eda (SOCHIAS), el Instituto Milenio de Astrof\u00edsica, ALMA, AURA, el Centro de Astronom\u00eda de la Universidad de Antofagasta, el observatorio Astron\u00f3mico Nacional de Cerro Cal\u00e1n, y el Telescopio Gigante de Magallanes (GMTO).<\/p>\n<p style=\"font-weight: 400; text-align: justify;\"><strong>Celebraci\u00f3n en Coyhaique<\/strong><\/p>\n<p style=\"font-weight: 400; text-align: justify;\">El Museo Regional de Ays\u00e9n tendr\u00e1 una tarde de actividades. Partir\u00e1 con la Exhibici\u00f3n documental \u00abAstronom\u00eda a Gran Escala\u00bb, para pasar a una noche de observaci\u00f3n en telescopio (si la noche est\u00e1 nublada, se realizar\u00e1 una charla sobre astronom\u00eda y actividades). La cita es el viernes 21 de marzo, en el Km. 3 Camino a Coyhaique Alto, a las 20 horas.<\/p>\n<p style=\"font-weight: 400; text-align: justify;\">En la web\u00a0<a href=\"http:\/\/diadelaastronomia.cl\/\" data-saferedirecturl=\"https:\/\/www.google.com\/url?q=http:\/\/diadelaastronomia.cl&amp;source=gmail&amp;ust=1742597733659000&amp;usg=AOvVaw20jeBPqAMNTto7y1rIf1cD\">diadelaastronomia.cl<\/a>\u00a0se puede ver el detalle de todas las actividades que distintas organizaciones est\u00e1n preparando para los pr\u00f3ximos d\u00edas. La plataforma incluye un buscador que selecciona seg\u00fan tipo de actividad y regi\u00f3n.<\/p>\n<\/div><\/section><\/div><div  style='height:50px' class='hr hr-invisible   avia-builder-el-6  el_after_av_one_full  el_before_av_social_share '><span class='hr-inner ' ><span class='hr-inner-style'><\/span><\/span><\/div><\/p>\n<div  class='av-social-sharing-box  avia-builder-el-7  el_after_av_hr  el_before_av_hr  '><div class='av-share-box'><h5 class='av-share-link-description av-no-toc '>Compartir esta noticia<\/h5><ul class='av-share-box-list noLightbox'><li class='av-share-link av-social-link-facebook' ><a target=\"_blank\" aria-label=\"Compartir en Facebook\" href='https:\/\/www.facebook.com\/sharer.php?u=https:\/\/radiorevelacionfm.cl\/?p=51662&#038;t=Museo%20Regional%20de%20Ays%C3%A9n%20se%20suma%20al%20D%C3%ADa%20de%20la%20Astronom%C3%ADa%20con%20presentaci%C3%B3n%20de%20documental%20y%20observaci%C3%B3n%20en%20telescopios' aria-hidden='false' data-av_icon='\ue8f3' data-av_iconfont='entypo-fontello' title='' data-avia-related-tooltip='Compartir en Facebook' rel=\"noopener\"><span class='avia_hidden_link_text'>Compartir en Facebook<\/span><\/a><\/li><li class='av-share-link av-social-link-twitter' ><a target=\"_blank\" aria-label=\"Compartir en Twitter\" href='https:\/\/twitter.com\/share?text=Museo%20Regional%20de%20Ays%C3%A9n%20se%20suma%20al%20D%C3%ADa%20de%20la%20Astronom%C3%ADa%20con%20presentaci%C3%B3n%20de%20documental%20y%20observaci%C3%B3n%20en%20telescopios&#038;url=https:\/\/radiorevelacionfm.cl\/?p=51662' aria-hidden='false' data-av_icon='\ue8f1' data-av_iconfont='entypo-fontello' title='' data-avia-related-tooltip='Compartir en Twitter' rel=\"noopener\"><span class='avia_hidden_link_text'>Compartir en Twitter<\/span><\/a><\/li><li class='av-share-link av-social-link-whatsapp' ><a target=\"_blank\" aria-label=\"Compartir en Whatsapp\" href='https:\/\/api.whatsapp.com\/send?text=https:\/\/radiorevelacionfm.cl\/?p=51662' aria-hidden='false' data-av_icon='\uf232' data-av_iconfont='entypo-fontello' title='' data-avia-related-tooltip='Compartir en Whatsapp' rel=\"noopener\"><span class='avia_hidden_link_text'>Compartir en Whatsapp<\/span><\/a><\/li><li class='av-share-link av-social-link-linkedin' ><a target=\"_blank\" aria-label=\"Compartir en LinkedIn\" href='https:\/\/linkedin.com\/shareArticle?mini=true&#038;title=Museo%20Regional%20de%20Ays%C3%A9n%20se%20suma%20al%20D%C3%ADa%20de%20la%20Astronom%C3%ADa%20con%20presentaci%C3%B3n%20de%20documental%20y%20observaci%C3%B3n%20en%20telescopios&#038;url=https:\/\/radiorevelacionfm.cl\/?p=51662' aria-hidden='false' data-av_icon='\ue8fc' data-av_iconfont='entypo-fontello' title='' data-avia-related-tooltip='Compartir en LinkedIn' rel=\"noopener\"><span class='avia_hidden_link_text'>Compartir en LinkedIn<\/span><\/a><\/li><li class='av-share-link av-social-link-mail' ><a  aria-label=\"Compartir por correo\" href='mailto:?subject=Museo%20Regional%20de%20Ays%C3%A9n%20se%20suma%20al%20D%C3%ADa%20de%20la%20Astronom%C3%ADa%20con%20presentaci%C3%B3n%20de%20documental%20y%20observaci%C3%B3n%20en%20telescopios&#038;body=https:\/\/radiorevelacionfm.cl\/?p=51662' aria-hidden='false' data-av_icon='\ue805' data-av_iconfont='entypo-fontello' title='' data-avia-related-tooltip='Compartir por correo'><span class='avia_hidden_link_text'>Compartir por correo<\/span><\/a><\/li><\/ul><\/div><\/div>\n<div  style='height:50px' class='hr hr-invisible   avia-builder-el-8  el_after_av_social_share  el_before_av_comments_list '><span class='hr-inner ' ><span class='hr-inner-style'><\/span><\/span><\/div>\n<div  class='av-buildercomment  av-blog-meta-html-info-disabled av-blog-meta-tag-disabled  '><\/div>\n","protected":false},"excerpt":{"rendered":"","protected":false},"author":1,"featured_media":51663,"comment_status":"open","ping_status":"open","sticky":false,"template":"","format":"standard","meta":{"footnotes":""},"categories":[53],"tags":[],"class_list":["post-51662","post","type-post","status-publish","format-standard","has-post-thumbnail","hentry","category-ciencia"],"jetpack_featured_media_url":"https:\/\/radiorevelacionfm.cl\/wp-content\/uploads\/2025\/03\/hmc_7072-1_optimized.jpg","_links":{"self":[{"href":"https:\/\/radiorevelacionfm.cl\/index.php?rest_route=\/wp\/v2\/posts\/51662","targetHints":{"allow":["GET"]}}],"collection":[{"href":"https:\/\/radiorevelacionfm.cl\/index.php?rest_route=\/wp\/v2\/posts"}],"about":[{"href":"https:\/\/radiorevelacionfm.cl\/index.php?rest_route=\/wp\/v2\/types\/post"}],"author":[{"embeddable":true,"href":"https:\/\/radiorevelacionfm.cl\/index.php?rest_route=\/wp\/v2\/users\/1"}],"replies":[{"embeddable":true,"href":"https:\/\/radiorevelacionfm.cl\/index.php?rest_route=%2Fwp%2Fv2%2Fcomments&post=51662"}],"version-history":[{"count":1,"href":"https:\/\/radiorevelacionfm.cl\/index.php?rest_route=\/wp\/v2\/posts\/51662\/revisions"}],"predecessor-version":[{"id":51664,"href":"https:\/\/radiorevelacionfm.cl\/index.php?rest_route=\/wp\/v2\/posts\/51662\/revisions\/51664"}],"wp:featuredmedia":[{"embeddable":true,"href":"https:\/\/radiorevelacionfm.cl\/index.php?rest_route=\/wp\/v2\/media\/51663"}],"wp:attachment":[{"href":"https:\/\/radiorevelacionfm.cl\/index.php?rest_route=%2Fwp%2Fv2%2Fmedia&parent=51662"}],"wp:term":[{"taxonomy":"category","embeddable":true,"href":"https:\/\/radiorevelacionfm.cl\/index.php?rest_route=%2Fwp%2Fv2%2Fcategories&post=51662"},{"taxonomy":"post_tag","embeddable":true,"href":"https:\/\/radiorevelacionfm.cl\/index.php?rest_route=%2Fwp%2Fv2%2Ftags&post=51662"}],"curies":[{"name":"wp","href":"https:\/\/api.w.org\/{rel}","templated":true}]}}