{"id":51659,"date":"2025-03-21T16:11:17","date_gmt":"2025-03-21T19:11:17","guid":{"rendered":"https:\/\/radiorevelacionfm.cl\/?p=51659"},"modified":"2025-03-21T16:11:17","modified_gmt":"2025-03-21T19:11:17","slug":"se-promulga-la-reforma-de-pensiones","status":"publish","type":"post","link":"https:\/\/radiorevelacionfm.cl\/?p=51659","title":{"rendered":"Se promulga la Reforma de Pensiones"},"content":{"rendered":"<div class=\"flex_column av_one_full  flex_column_div av-zero-column-padding first  avia-builder-el-0  el_before_av_one_full  avia-builder-el-first  \" style='border-radius:0px; '><div  class='avia-image-container  av-styling-    avia-builder-el-1  avia-builder-el-no-sibling  avia-align-center '  itemprop=\"image\" itemscope=\"itemscope\" itemtype=\"https:\/\/schema.org\/ImageObject\"  ><div class='avia-image-container-inner'><div class='avia-image-overlay-wrap'><img decoding=\"async\" class='wp-image-51660 avia-img-lazy-loading-not-51660 avia_image' src=\"https:\/\/radiorevelacionfm.cl\/wp-content\/uploads\/2025\/03\/PromulgacionReformaPensiones_20032025-1-1-1.jpg\" alt='' title='PromulgacionReformaPensiones_20032025 (1) (1) (1)' height=\"600\" width=\"900\"  itemprop=\"thumbnailUrl\" srcset=\"https:\/\/radiorevelacionfm.cl\/wp-content\/uploads\/2025\/03\/PromulgacionReformaPensiones_20032025-1-1-1.jpg 900w, https:\/\/radiorevelacionfm.cl\/wp-content\/uploads\/2025\/03\/PromulgacionReformaPensiones_20032025-1-1-1-300x200.jpg 300w, https:\/\/radiorevelacionfm.cl\/wp-content\/uploads\/2025\/03\/PromulgacionReformaPensiones_20032025-1-1-1-768x512.jpg 768w, https:\/\/radiorevelacionfm.cl\/wp-content\/uploads\/2025\/03\/PromulgacionReformaPensiones_20032025-1-1-1-705x470.jpg 705w, https:\/\/radiorevelacionfm.cl\/wp-content\/uploads\/2025\/03\/PromulgacionReformaPensiones_20032025-1-1-1-450x300.jpg 450w, https:\/\/radiorevelacionfm.cl\/wp-content\/uploads\/2025\/03\/PromulgacionReformaPensiones_20032025-1-1-1-600x400.jpg 600w\" sizes=\"(max-width: 900px) 100vw, 900px\" \/><\/div><\/div><\/div><\/div><div class=\"flex_column av_one_full  flex_column_div av-zero-column-padding first  avia-builder-el-2  el_after_av_one_full  el_before_av_one_full  column-top-margin\" style='border-radius:0px; '><section class=\"av_textblock_section \"  itemscope=\"itemscope\" itemtype=\"https:\/\/schema.org\/BlogPosting\" itemprop=\"blogPost\" ><div class='avia_textblock  '   itemprop=\"text\" ><p style=\"text-align: center;\"><span style=\"font-size: 18pt;\"><strong>Se promulga la Reforma de Pensiones<\/strong><\/span><\/p>\n<div id=\"gtx-trans\" style=\"position: absolute; left: -50px; top: 4.31534px;\">\n<div class=\"gtx-trans-icon\"><\/div>\n<\/div>\n<\/div><\/section><\/div><div class=\"flex_column av_one_full  flex_column_div av-zero-column-padding first  avia-builder-el-4  el_after_av_one_full  el_before_av_hr  column-top-margin\" style='border-radius:0px; '><section class=\"av_textblock_section \"  itemscope=\"itemscope\" itemtype=\"https:\/\/schema.org\/BlogPosting\" itemprop=\"blogPost\" ><div class='avia_textblock  '   itemprop=\"text\" ><ul>\n<li style=\"text-align: justify;\"><em>La Reforma de Pensiones es el avance m\u00e1s importante en materia previsional de las \u00faltimas d\u00e9cadas: crea un nuevo Seguro Social de car\u00e1cter contributivo, mejora la Pensi\u00f3n Garantizada Universal, establece beneficios por a\u00f1os cotizados y una compensaci\u00f3n por expectativa de vida de las mujeres. <\/em><\/li>\n<li style=\"text-align: justify;\"><em>Con la reforma, las pensiones de 2.800.000 personas aumentar\u00e1n entre un 14% y un 35%, siendo m\u00e1s de 13.000 los beneficiarios en la Regi\u00f3n de Ays<\/em><em>\u00e9n.<\/em><\/li>\n<\/ul>\n<p style=\"text-align: justify;\">El Presidente de la Rep\u00fablica, Gabriel Boric Font, encabez\u00f3 la promulgaci\u00f3n de la Reforma de Pensiones desde el Centro Cultural y Deportivo Chimkowe de Pe\u00f1alol\u00e9n. En compa\u00f1\u00eda de los ministros y ministras del Trabajo y Previsi\u00f3n Social, Jeannette Jara; de Hacienda, Mario Marcel; de Interior y Seguridad P\u00fablica, \u00c1lvaro Elizalde; Secretar\u00eda General de la Presidencia, Macarena Lobos; de Ciencia, Tecnolog\u00eda, Conocimiento e Innovaci\u00f3n y vocera (s), Ais\u00e9n Etcheverry; de Desarrollo Social y Familia, Javiera Toro; de la Mujer y la Equidad de G\u00e9nero, Antonia Orellana; y el alcalde de Pe\u00f1alol\u00e9n, Miguel Concha, el Jefe de Estado destac\u00f3 que \u201cla Reforma de Pensiones es un logro colectivo de Chile (\u2026) Su aprobaci\u00f3n fue transversal, mayoritaria y da una se\u00f1al al pa\u00eds tambi\u00e9n de que trabajando unidos Chile avanza\u201d.<\/p>\n<p style=\"text-align: justify;\">Y agreg\u00f3: \u201cDurante m\u00e1s de 10 a\u00f1os diferentes gobiernos estuvieron tramitando diferentes proyectos para tratar de mejorar las pensiones. Con mucho di\u00e1logo, trabajo y mucha porf\u00eda, logramos que se aprobara una reforma que va a beneficiar a 2 millones 800 mil personas mayores, trabajadores y trabajadoras de toda una vida\u201d.<\/p>\n<p style=\"text-align: justify;\">Con respecto a la justicia social que hay en el esp\u00edritu de la Reforma Previsional, el Delegado presidencial regional de Ays\u00e9n, Jorge D\u00edaz Guzm\u00e1n, afirm\u00f3, \u201cComo Gobierno estamos muy contentos porque finalmente se promulga la reforma previsional que fue impulsada con mucha fuerza por nuestra ministra del trabajo, por nuestro ministro de Hacienda, con la fuerza, tambi\u00e9n por supuesto del Presidente Gabriel Boric y logramos este acuerdo transversal en el Congreso de la Rep\u00fablica. Pese a que algunos se opusieron, recurrieron al Tribunal Constitucional, hoy d\u00eda es ley de la Rep\u00fablica y tambi\u00e9n eso significa una justicia para quienes ya est\u00e1n hoy d\u00eda jubilados y que van a mejorar sus pensiones tambi\u00e9n para las mujeres, porque hay un factor que precisamente genera esa justicia para nuestras mujeres, adultos mayores que han ya jubilados y quienes van a jubilar en el futuro. Podemos decir que se afianza el concepto de Seguridad Social para quienes hoy, por una parte, se est\u00e1n preparando para incrementar sus fondos previsionales y tambi\u00e9n para quienes hoy d\u00eda ya est\u00e1n jubilados, pero que van a ver mejoradas sus jubilaciones a trav\u00e9s del tiempo, en este proceso gradual que hemos acordado en el Congreso. Por lo tanto, hoy d\u00eda tenemos una ley de previsi\u00f3n social que hace justicia para todas y todos los trabajadores del pa\u00eds\u201d.<\/p>\n<p style=\"text-align: justify;\">A su vez, la Seremi de Trabajo y Previsi\u00f3n Social, Camila Covarrubias, quien particip\u00f3 de la fiesta ciudadana del acto de promulgaci\u00f3n, destac\u00f3 la cantidad de beneficiarios que tendr\u00e1 la Reforma de Pensiones, \u201c\u00a1Logramos lo imposible! aumentar\u00e1n las pensiones de los actuales y futuros pensionados. Hoy, nuestro Presidente Gabriel Boric promulg\u00f3 la ley de reforma de pensiones que permitir\u00e1 aumentar las pensiones de los futuros y actuales pensionados, de m\u00e1s de 2,8 chilenos y chilenas y, en nuestra Regi\u00f3n de Ays\u00e9n, ser\u00e1n m\u00e1s de 13.000 los beneficiados. En el caso de las mujeres, ellas podr\u00e1n recibir beneficios por la mayor expectativa de vida y tambi\u00e9n recibir la compensaci\u00f3n por el esfuerzo de los a\u00f1os cotizados. Sabemos que todav\u00eda hay muchos desaf\u00edos, por lo que seguiremos trabajando por un futuro mejor\u201d.<\/p>\n<p style=\"text-align: justify;\">Esta reforma es el avance m\u00e1s importante en materia previsional de las \u00faltimas d\u00e9cadas. Adem\u00e1s, corrige la discriminaci\u00f3n que han sufrido las mujeres, y reconoce el trabajo dentro y fuera del hogar. \u201cNos dijeron que era imposible y el d\u00eda de hoy el Gobierno del Presidente Gabriel Boric promulga la reforma previsional, que incluye una nueva mirada de mujer, mejora en el corto plazo las pensiones de nuestros jubilados y jubiladas y adem\u00e1s piensa en el futuro de los que seguimos trabajando\u201d, coment\u00f3 la Seremi de Gobierno, \u00darsula Mix Jim\u00e9nez.<\/p>\n<p style=\"text-align: justify;\">La iniciativa contempla el aumento de la Pensi\u00f3n Garantizada Universal (PGU) a 250 mil pesos, un beneficio por a\u00f1os cotizados, una compensaci\u00f3n por diferencias de expectativas de vida, la ampliaci\u00f3n del Seguro de Lagunas Previsionales y un apoyo a Pymes, para que el incremento del 7% de la remuneraci\u00f3n imponible se implemente de forma gradual.<\/p>\n<p style=\"text-align: justify;\">La Ministra del Trabajo y Previsi\u00f3n Social, Jeannette Jara, sostuvo que \u201cnuestro sistema de pensiones ha ido avanzando, a pesar de las resistencias, a pesar de los que cre\u00edan que era imposible. Desde ahora no s\u00f3lo estar\u00e1 el aporte del Estado, de los trabajadores, que desde hace 43 a\u00f1os lo soportan tras sus hombros; tambi\u00e9n habr\u00e1 un aporte de los empleadores, como en todos los pa\u00edses del mundo\u201d.<\/p>\n<p style=\"text-align: justify;\">Por su parte, el ministro de Hacienda, Mario Marcel, agradeci\u00f3 a las parlamentarias y parlamentarios de las comisiones de Trabajo y Hacienda que apoyaron en el proceso y se refiri\u00f3 a los futuros pasos. \u201cAhora queda el desaf\u00edo de implementar esta Reforma. En eso estaremos durante los pr\u00f3ximos seis meses, para que nada falle y las normas, sean de cotizaciones, beneficios o regulaciones, se cumplan a cabalidad y a tiempo (\u2026) El d\u00eda en que se aprob\u00f3 la reforma dijimos que \u00e9sta hab\u00eda sido fruto de la perseverancia, el di\u00e1logo y la disposici\u00f3n a innovar. Todo ello ser\u00e1 importante tambi\u00e9n para su implementaci\u00f3n. Ah\u00ed vamos a estar, mojando la camiseta, dejando todo en la cancha, para que esta reforma, despu\u00e9s de haber sido un sue\u00f1o, propuesta y ley, pase a ser una realidad que mejorar\u00e1 la vida de millones de chilenas y chilenos\u201d.<\/p>\n<p style=\"text-align: justify;\">Para mayor informaci\u00f3n sobre la Reforma de Pensiones, que se espera sea publicada en el Diario Oficial en los pr\u00f3ximos d\u00edas para que se convierta en ley, se puede ingresar al sitio web <a href=\"http:\/\/www.previsionsocial.gob.cl\/pensiones-para-chile\">www.previsionsocial.gob.cl\/pensiones-para-chile<\/a>.<\/p>\n<\/div><\/section><\/div><div  style='height:50px' class='hr hr-invisible   avia-builder-el-6  el_after_av_one_full  el_before_av_social_share '><span class='hr-inner ' ><span class='hr-inner-style'><\/span><\/span><\/div><\/p>\n<div  class='av-social-sharing-box  avia-builder-el-7  el_after_av_hr  el_before_av_hr  '><div class='av-share-box'><h5 class='av-share-link-description av-no-toc '>Compartir esta noticia<\/h5><ul class='av-share-box-list noLightbox'><li class='av-share-link av-social-link-facebook' ><a target=\"_blank\" aria-label=\"Compartir en Facebook\" href='https:\/\/www.facebook.com\/sharer.php?u=https:\/\/radiorevelacionfm.cl\/?p=51659&#038;t=Se%20promulga%20la%20Reforma%20de%20Pensiones' aria-hidden='false' data-av_icon='\ue8f3' data-av_iconfont='entypo-fontello' title='' data-avia-related-tooltip='Compartir en Facebook' rel=\"noopener\"><span class='avia_hidden_link_text'>Compartir en Facebook<\/span><\/a><\/li><li class='av-share-link av-social-link-twitter' ><a target=\"_blank\" aria-label=\"Compartir en Twitter\" href='https:\/\/twitter.com\/share?text=Se%20promulga%20la%20Reforma%20de%20Pensiones&#038;url=https:\/\/radiorevelacionfm.cl\/?p=51659' aria-hidden='false' data-av_icon='\ue8f1' data-av_iconfont='entypo-fontello' title='' data-avia-related-tooltip='Compartir en Twitter' rel=\"noopener\"><span class='avia_hidden_link_text'>Compartir en Twitter<\/span><\/a><\/li><li class='av-share-link av-social-link-whatsapp' ><a target=\"_blank\" aria-label=\"Compartir en Whatsapp\" href='https:\/\/api.whatsapp.com\/send?text=https:\/\/radiorevelacionfm.cl\/?p=51659' aria-hidden='false' data-av_icon='\uf232' data-av_iconfont='entypo-fontello' title='' data-avia-related-tooltip='Compartir en Whatsapp' rel=\"noopener\"><span class='avia_hidden_link_text'>Compartir en Whatsapp<\/span><\/a><\/li><li class='av-share-link av-social-link-linkedin' ><a target=\"_blank\" aria-label=\"Compartir en LinkedIn\" href='https:\/\/linkedin.com\/shareArticle?mini=true&#038;title=Se%20promulga%20la%20Reforma%20de%20Pensiones&#038;url=https:\/\/radiorevelacionfm.cl\/?p=51659' aria-hidden='false' data-av_icon='\ue8fc' data-av_iconfont='entypo-fontello' title='' data-avia-related-tooltip='Compartir en LinkedIn' rel=\"noopener\"><span class='avia_hidden_link_text'>Compartir en LinkedIn<\/span><\/a><\/li><li class='av-share-link av-social-link-mail' ><a  aria-label=\"Compartir por correo\" href='mailto:?subject=Se%20promulga%20la%20Reforma%20de%20Pensiones&#038;body=https:\/\/radiorevelacionfm.cl\/?p=51659' aria-hidden='false' data-av_icon='\ue805' data-av_iconfont='entypo-fontello' title='' data-avia-related-tooltip='Compartir por correo'><span class='avia_hidden_link_text'>Compartir por correo<\/span><\/a><\/li><\/ul><\/div><\/div>\n<div  style='height:50px' class='hr hr-invisible   avia-builder-el-8  el_after_av_social_share  el_before_av_comments_list '><span class='hr-inner ' ><span class='hr-inner-style'><\/span><\/span><\/div>\n<div  class='av-buildercomment  av-blog-meta-html-info-disabled av-blog-meta-tag-disabled  '><\/div>\n","protected":false},"excerpt":{"rendered":"","protected":false},"author":1,"featured_media":51660,"comment_status":"open","ping_status":"open","sticky":false,"template":"","format":"standard","meta":{"footnotes":""},"categories":[61],"tags":[],"class_list":["post-51659","post","type-post","status-publish","format-standard","has-post-thumbnail","hentry","category-nacional"],"jetpack_featured_media_url":"https:\/\/radiorevelacionfm.cl\/wp-content\/uploads\/2025\/03\/PromulgacionReformaPensiones_20032025-1-1-1.jpg","_links":{"self":[{"href":"https:\/\/radiorevelacionfm.cl\/index.php?rest_route=\/wp\/v2\/posts\/51659","targetHints":{"allow":["GET"]}}],"collection":[{"href":"https:\/\/radiorevelacionfm.cl\/index.php?rest_route=\/wp\/v2\/posts"}],"about":[{"href":"https:\/\/radiorevelacionfm.cl\/index.php?rest_route=\/wp\/v2\/types\/post"}],"author":[{"embeddable":true,"href":"https:\/\/radiorevelacionfm.cl\/index.php?rest_route=\/wp\/v2\/users\/1"}],"replies":[{"embeddable":true,"href":"https:\/\/radiorevelacionfm.cl\/index.php?rest_route=%2Fwp%2Fv2%2Fcomments&post=51659"}],"version-history":[{"count":1,"href":"https:\/\/radiorevelacionfm.cl\/index.php?rest_route=\/wp\/v2\/posts\/51659\/revisions"}],"predecessor-version":[{"id":51661,"href":"https:\/\/radiorevelacionfm.cl\/index.php?rest_route=\/wp\/v2\/posts\/51659\/revisions\/51661"}],"wp:featuredmedia":[{"embeddable":true,"href":"https:\/\/radiorevelacionfm.cl\/index.php?rest_route=\/wp\/v2\/media\/51660"}],"wp:attachment":[{"href":"https:\/\/radiorevelacionfm.cl\/index.php?rest_route=%2Fwp%2Fv2%2Fmedia&parent=51659"}],"wp:term":[{"taxonomy":"category","embeddable":true,"href":"https:\/\/radiorevelacionfm.cl\/index.php?rest_route=%2Fwp%2Fv2%2Fcategories&post=51659"},{"taxonomy":"post_tag","embeddable":true,"href":"https:\/\/radiorevelacionfm.cl\/index.php?rest_route=%2Fwp%2Fv2%2Ftags&post=51659"}],"curies":[{"name":"wp","href":"https:\/\/api.w.org\/{rel}","templated":true}]}}