{"id":51656,"date":"2025-03-20T20:37:35","date_gmt":"2025-03-20T23:37:35","guid":{"rendered":"https:\/\/radiorevelacionfm.cl\/?p=51656"},"modified":"2025-03-20T20:37:35","modified_gmt":"2025-03-20T23:37:35","slug":"sag-aysen-inicia-muestreo-de-rebanos-en-predios-de-la-cuenca-del-palena","status":"publish","type":"post","link":"https:\/\/radiorevelacionfm.cl\/?p=51656","title":{"rendered":"SAG Ays\u00e9n inicia muestreo de reba\u00f1os en predios de la Cuenca del Palena"},"content":{"rendered":"<div class=\"flex_column av_one_full  flex_column_div av-zero-column-padding first  avia-builder-el-0  el_before_av_one_full  avia-builder-el-first  \" style='border-radius:0px; '><div  class='avia-image-container  av-styling-    avia-builder-el-1  avia-builder-el-no-sibling  avia-align-center '  itemprop=\"image\" itemscope=\"itemscope\" itemtype=\"https:\/\/schema.org\/ImageObject\"  ><div class='avia-image-container-inner'><div class='avia-image-overlay-wrap'><img decoding=\"async\" class='wp-image-51657 avia-img-lazy-loading-not-51657 avia_image' src=\"https:\/\/radiorevelacionfm.cl\/wp-content\/uploads\/2025\/03\/la-junta-2-1_optimized.jpg\" alt='' title='la-junta-(2)-(1)_optimized' height=\"600\" width=\"900\"  itemprop=\"thumbnailUrl\" srcset=\"https:\/\/radiorevelacionfm.cl\/wp-content\/uploads\/2025\/03\/la-junta-2-1_optimized.jpg 900w, https:\/\/radiorevelacionfm.cl\/wp-content\/uploads\/2025\/03\/la-junta-2-1_optimized-300x200.jpg 300w, https:\/\/radiorevelacionfm.cl\/wp-content\/uploads\/2025\/03\/la-junta-2-1_optimized-768x512.jpg 768w, https:\/\/radiorevelacionfm.cl\/wp-content\/uploads\/2025\/03\/la-junta-2-1_optimized-705x470.jpg 705w, https:\/\/radiorevelacionfm.cl\/wp-content\/uploads\/2025\/03\/la-junta-2-1_optimized-450x300.jpg 450w, https:\/\/radiorevelacionfm.cl\/wp-content\/uploads\/2025\/03\/la-junta-2-1_optimized-600x400.jpg 600w\" sizes=\"(max-width: 900px) 100vw, 900px\" \/><\/div><\/div><\/div><\/div><div class=\"flex_column av_one_full  flex_column_div av-zero-column-padding first  avia-builder-el-2  el_after_av_one_full  el_before_av_one_full  column-top-margin\" style='border-radius:0px; '><section class=\"av_textblock_section \"  itemscope=\"itemscope\" itemtype=\"https:\/\/schema.org\/BlogPosting\" itemprop=\"blogPost\" ><div class='avia_textblock  '   itemprop=\"text\" ><p style=\"text-align: center;\"><span style=\"font-size: 18pt;\"><b>SAG Ays\u00e9n inicia muestreo de reba\u00f1os en predios de la Cuenca del Palena<\/b><\/span><\/p>\n<div id=\"gtx-trans\" style=\"position: absolute; left: -50px; top: 4.31534px;\">\n<div class=\"gtx-trans-icon\"><\/div>\n<\/div>\n<\/div><\/section><\/div><div class=\"flex_column av_one_full  flex_column_div av-zero-column-padding first  avia-builder-el-4  el_after_av_one_full  el_before_av_hr  column-top-margin\" style='border-radius:0px; '><section class=\"av_textblock_section \"  itemscope=\"itemscope\" itemtype=\"https:\/\/schema.org\/BlogPosting\" itemprop=\"blogPost\" ><div class='avia_textblock  '   itemprop=\"text\" ><p style=\"text-align: justify;\"><em>El seremi de Agricultura, Eugenio Ruiz, director y las directoras del Agro acompa\u00f1aron la oportunidad que tuvo lugar en La Junta durante el pasado viernes 14 de marzo.<\/em><\/p>\n<p style=\"text-align: justify;\">En el marco del XI D\u00eda del Ternero, el director regional de SAG Ays\u00e9n, Julio Cerda Cordero, ratific\u00f3 en la localidad de La Junta los avances del Programa \u201cMejoramiento Sanitario Reproductivo Bovino en la regi\u00f3n de Ays\u00e9n\u201d que financia el Gobierno Regional de Ays\u00e9n y ejecuta este servicio del Ministerio de Agricultura.<\/p>\n<p style=\"text-align: justify;\">A trav\u00e9s de este programa se impulsa el objetivo de contribuir a la productividad de la ganader\u00eda bovina regional de acuerdo con el mejoramiento de su estado sanitario-reproductivo.<\/p>\n<p style=\"text-align: justify;\">\u201cEl viernes estuvimos en la Junta para el inicio del D\u00eda del Ternero de este a\u00f1o junto a productores ganaderos y agricultores de la zona norte de la regi\u00f3n, donde mediante charlas participativas se pudo dar cuenta de los avances del programa Diarrea Viral Bovina que ya lleva dos meses de ejecuci\u00f3n. Agradecemos la voluntad colaborativa de la Asociaci\u00f3n Gremial de Peque\u00f1os Campesinos y su inter\u00e9s para que este innovador programa, pionero en su tipo, avance\u201d, sostuvo el seremi de Agricultura, Eugenio Ruiz.<\/p>\n<p style=\"text-align: justify;\">Al respecto, el director Julio Cerda Cordero, se\u00f1al\u00f3 que \u201cel programa inici\u00f3 el trabajo en terreno durante el mes de enero y se han abordado un 15% de los predios del universo total, muestreando m\u00e1s de 2500 bovinos en reba\u00f1os que est\u00e1n bajo el programa. El objetivo es encontrar animales persistentemente infectados para lograr reducir los riesgos de contagios y adoptar los manejos sanitarios correspondientes en los reba\u00f1os de la Cuenca del Palena\u201d.<\/p>\n<p style=\"text-align: justify;\">La Diarrea Viral Bovina (DVB) es una enfermedad infectocontagiosa, de signolog\u00eda variable, dependiendo de la cepa actuante, edad y estado inmune del hu\u00e9sped. Se caracteriza por trastornos respiratorios, diarrea, tormenta de abortos, mal formaciones, ca\u00edda brusca en la producci\u00f3n de leche y muertes s\u00fabitas.<\/p>\n<p style=\"text-align: justify;\">En m\u00e9dico veterinario Tom\u00e1s Chac\u00f3n Saravia realiz\u00f3 charla sobre \u201cLa Diarrea Viral Bovina: \u00bfC\u00f3mo afecta a su reba\u00f1o? con el objetivo de aclarar dudas y explicar a las y los presentes en la charla el da\u00f1o que provoca la enfermedad en los predios.<\/p>\n<p style=\"text-align: justify;\">La enfermedad tiene distribuci\u00f3n mundial y la infecci\u00f3n es end\u00e9mica en los reba\u00f1os donde ingresa. Al respecto, el director regional agreg\u00f3 que \u201ces importante se\u00f1alar que la regi\u00f3n de Ays\u00e9n es pionera en iniciar el control de esta enfermedad viral de gran importancia econ\u00f3mica para las y los ganaderos\u201d, concluy\u00f3 Julio Cerda.<\/p>\n<p style=\"text-align: justify;\">El programa de Mejoramiento Sanitario y Reproductivo Bovino (MSRB) o diarrea viral bovina beneficiar\u00e1 directamente 345 titulares de reba\u00f1os bovinos y 16 mil bovinos de la Cuenca del Palena.<\/p>\n<p style=\"text-align: justify;\">Finalmente, el director regional agradeci\u00f3 a las autoridades del Gobierno Regional y comunidad en general por impulsar y apoyar el financiamiento del programa.<\/p>\n<\/div><\/section><\/div><div  style='height:50px' class='hr hr-invisible   avia-builder-el-6  el_after_av_one_full  el_before_av_social_share '><span class='hr-inner ' ><span class='hr-inner-style'><\/span><\/span><\/div><\/p>\n<div  class='av-social-sharing-box  avia-builder-el-7  el_after_av_hr  el_before_av_hr  '><div class='av-share-box'><h5 class='av-share-link-description av-no-toc '>Compartir esta noticia<\/h5><ul class='av-share-box-list noLightbox'><li class='av-share-link av-social-link-facebook' ><a target=\"_blank\" aria-label=\"Compartir en Facebook\" href='https:\/\/www.facebook.com\/sharer.php?u=https:\/\/radiorevelacionfm.cl\/?p=51656&#038;t=SAG%20Ays%C3%A9n%20inicia%20muestreo%20de%20reba%C3%B1os%20en%20predios%20de%20la%20Cuenca%20del%20Palena' aria-hidden='false' data-av_icon='\ue8f3' data-av_iconfont='entypo-fontello' title='' data-avia-related-tooltip='Compartir en Facebook' rel=\"noopener\"><span class='avia_hidden_link_text'>Compartir en Facebook<\/span><\/a><\/li><li class='av-share-link av-social-link-twitter' ><a target=\"_blank\" aria-label=\"Compartir en Twitter\" href='https:\/\/twitter.com\/share?text=SAG%20Ays%C3%A9n%20inicia%20muestreo%20de%20reba%C3%B1os%20en%20predios%20de%20la%20Cuenca%20del%20Palena&#038;url=https:\/\/radiorevelacionfm.cl\/?p=51656' aria-hidden='false' data-av_icon='\ue8f1' data-av_iconfont='entypo-fontello' title='' data-avia-related-tooltip='Compartir en Twitter' rel=\"noopener\"><span class='avia_hidden_link_text'>Compartir en Twitter<\/span><\/a><\/li><li class='av-share-link av-social-link-whatsapp' ><a target=\"_blank\" aria-label=\"Compartir en Whatsapp\" href='https:\/\/api.whatsapp.com\/send?text=https:\/\/radiorevelacionfm.cl\/?p=51656' aria-hidden='false' data-av_icon='\uf232' data-av_iconfont='entypo-fontello' title='' data-avia-related-tooltip='Compartir en Whatsapp' rel=\"noopener\"><span class='avia_hidden_link_text'>Compartir en Whatsapp<\/span><\/a><\/li><li class='av-share-link av-social-link-linkedin' ><a target=\"_blank\" aria-label=\"Compartir en LinkedIn\" href='https:\/\/linkedin.com\/shareArticle?mini=true&#038;title=SAG%20Ays%C3%A9n%20inicia%20muestreo%20de%20reba%C3%B1os%20en%20predios%20de%20la%20Cuenca%20del%20Palena&#038;url=https:\/\/radiorevelacionfm.cl\/?p=51656' aria-hidden='false' data-av_icon='\ue8fc' data-av_iconfont='entypo-fontello' title='' data-avia-related-tooltip='Compartir en LinkedIn' rel=\"noopener\"><span class='avia_hidden_link_text'>Compartir en LinkedIn<\/span><\/a><\/li><li class='av-share-link av-social-link-mail' ><a  aria-label=\"Compartir por correo\" href='mailto:?subject=SAG%20Ays%C3%A9n%20inicia%20muestreo%20de%20reba%C3%B1os%20en%20predios%20de%20la%20Cuenca%20del%20Palena&#038;body=https:\/\/radiorevelacionfm.cl\/?p=51656' aria-hidden='false' data-av_icon='\ue805' data-av_iconfont='entypo-fontello' title='' data-avia-related-tooltip='Compartir por correo'><span class='avia_hidden_link_text'>Compartir por correo<\/span><\/a><\/li><\/ul><\/div><\/div>\n<div  style='height:50px' class='hr hr-invisible   avia-builder-el-8  el_after_av_social_share  el_before_av_comments_list '><span class='hr-inner ' ><span class='hr-inner-style'><\/span><\/span><\/div>\n<div  class='av-buildercomment  av-blog-meta-html-info-disabled av-blog-meta-tag-disabled  '><\/div>\n","protected":false},"excerpt":{"rendered":"","protected":false},"author":1,"featured_media":51657,"comment_status":"open","ping_status":"open","sticky":false,"template":"","format":"standard","meta":{"footnotes":""},"categories":[58,38],"tags":[],"class_list":["post-51656","post","type-post","status-publish","format-standard","has-post-thumbnail","hentry","category-agricultura","category-regional"],"jetpack_featured_media_url":"https:\/\/radiorevelacionfm.cl\/wp-content\/uploads\/2025\/03\/la-junta-2-1_optimized.jpg","_links":{"self":[{"href":"https:\/\/radiorevelacionfm.cl\/index.php?rest_route=\/wp\/v2\/posts\/51656","targetHints":{"allow":["GET"]}}],"collection":[{"href":"https:\/\/radiorevelacionfm.cl\/index.php?rest_route=\/wp\/v2\/posts"}],"about":[{"href":"https:\/\/radiorevelacionfm.cl\/index.php?rest_route=\/wp\/v2\/types\/post"}],"author":[{"embeddable":true,"href":"https:\/\/radiorevelacionfm.cl\/index.php?rest_route=\/wp\/v2\/users\/1"}],"replies":[{"embeddable":true,"href":"https:\/\/radiorevelacionfm.cl\/index.php?rest_route=%2Fwp%2Fv2%2Fcomments&post=51656"}],"version-history":[{"count":1,"href":"https:\/\/radiorevelacionfm.cl\/index.php?rest_route=\/wp\/v2\/posts\/51656\/revisions"}],"predecessor-version":[{"id":51658,"href":"https:\/\/radiorevelacionfm.cl\/index.php?rest_route=\/wp\/v2\/posts\/51656\/revisions\/51658"}],"wp:featuredmedia":[{"embeddable":true,"href":"https:\/\/radiorevelacionfm.cl\/index.php?rest_route=\/wp\/v2\/media\/51657"}],"wp:attachment":[{"href":"https:\/\/radiorevelacionfm.cl\/index.php?rest_route=%2Fwp%2Fv2%2Fmedia&parent=51656"}],"wp:term":[{"taxonomy":"category","embeddable":true,"href":"https:\/\/radiorevelacionfm.cl\/index.php?rest_route=%2Fwp%2Fv2%2Fcategories&post=51656"},{"taxonomy":"post_tag","embeddable":true,"href":"https:\/\/radiorevelacionfm.cl\/index.php?rest_route=%2Fwp%2Fv2%2Ftags&post=51656"}],"curies":[{"name":"wp","href":"https:\/\/api.w.org\/{rel}","templated":true}]}}