{"id":51654,"date":"2025-03-20T21:36:53","date_gmt":"2025-03-21T00:36:53","guid":{"rendered":"https:\/\/radiorevelacionfm.cl\/?p=51654"},"modified":"2025-03-20T21:36:53","modified_gmt":"2025-03-21T00:36:53","slug":"calisto-valoro-decision-de-mantener-horario-de-verano-en-aysen-va-a-beneficiar-a-las-familias-y-a-los-ninos","status":"publish","type":"post","link":"https:\/\/radiorevelacionfm.cl\/?p=51654","title":{"rendered":"Calisto valor\u00f3 decisi\u00f3n de mantener horario de verano en Ays\u00e9n: \u201cVa a beneficiar a las familias y a los ni\u00f1os\u201d"},"content":{"rendered":"<div class=\"flex_column av_one_full  flex_column_div av-zero-column-padding first  avia-builder-el-0  el_before_av_one_full  avia-builder-el-first  \" style='border-radius:0px; '><div  class='avia-image-container  av-styling-    avia-builder-el-1  avia-builder-el-no-sibling  avia-align-center '  itemprop=\"image\" itemscope=\"itemscope\" itemtype=\"https:\/\/schema.org\/ImageObject\"  ><div class='avia-image-container-inner'><div class='avia-image-overlay-wrap'><img decoding=\"async\" class='wp-image-8618 avia-img-lazy-loading-not-8618 avia_image' src=\"https:\/\/radiorevelacionfm.cl\/wp-content\/uploads\/2021\/09\/Calisto_Subsidios-1.jpg\" alt='' title='Calisto_Subsidios (1)' height=\"597\" width=\"1046\"  itemprop=\"thumbnailUrl\" srcset=\"https:\/\/radiorevelacionfm.cl\/wp-content\/uploads\/2021\/09\/Calisto_Subsidios-1.jpg 1046w, https:\/\/radiorevelacionfm.cl\/wp-content\/uploads\/2021\/09\/Calisto_Subsidios-1-300x171.jpg 300w, https:\/\/radiorevelacionfm.cl\/wp-content\/uploads\/2021\/09\/Calisto_Subsidios-1-1030x588.jpg 1030w, https:\/\/radiorevelacionfm.cl\/wp-content\/uploads\/2021\/09\/Calisto_Subsidios-1-768x438.jpg 768w, https:\/\/radiorevelacionfm.cl\/wp-content\/uploads\/2021\/09\/Calisto_Subsidios-1-705x402.jpg 705w, https:\/\/radiorevelacionfm.cl\/wp-content\/uploads\/2021\/09\/Calisto_Subsidios-1-600x342.jpg 600w\" sizes=\"(max-width: 1046px) 100vw, 1046px\" \/><\/div><\/div><\/div><\/div><div class=\"flex_column av_one_full  flex_column_div av-zero-column-padding first  avia-builder-el-2  el_after_av_one_full  el_before_av_one_full  column-top-margin\" style='border-radius:0px; '><section class=\"av_textblock_section \"  itemscope=\"itemscope\" itemtype=\"https:\/\/schema.org\/BlogPosting\" itemprop=\"blogPost\" ><div class='avia_textblock  '   itemprop=\"text\" ><p style=\"text-align: center;\"><strong><span style=\"font-size: 18pt;\">Calisto valor\u00f3 decisi\u00f3n de mantener horario de verano en Ays\u00e9n: \u201cVa a beneficiar a las familias y a los ni\u00f1os\u201d<\/span><\/strong><\/p>\n<div id=\"gtx-trans\" style=\"position: absolute; left: -50px; top: 4.31534px;\">\n<div class=\"gtx-trans-icon\"><\/div>\n<\/div>\n<\/div><\/section><\/div><div class=\"flex_column av_one_full  flex_column_div av-zero-column-padding first  avia-builder-el-4  el_after_av_one_full  el_before_av_hr  column-top-margin\" style='border-radius:0px; '><section class=\"av_textblock_section \"  itemscope=\"itemscope\" itemtype=\"https:\/\/schema.org\/BlogPosting\" itemprop=\"blogPost\" ><div class='avia_textblock  '   itemprop=\"text\" ><p style=\"text-align: justify;\">El diputado Miguel \u00c1ngel Calisto valor\u00f3 la decisi\u00f3n del Gobierno de no realizar el cambio de hora que se aplica en gran parte del territorio nacional en la regi\u00f3n de Ays\u00e9n, asegurando que se trata de una medida que beneficiar\u00e1 a las familias y principalmente a los ni\u00f1os que asisten todo el d\u00eda al colegio.<\/p>\n<p style=\"text-align: justify;\">Recordemos que el legislador impuls\u00f3 en marzo del a\u00f1o pasado una campa\u00f1a a trav\u00e9s de la plataforma Change.org donde ped\u00eda al Gobierno no realizar este pol\u00e9mico cambio de hora y mantener el horario de verano, la que tuvo cerca de nueve mil firmas. Luego de esto, el gobierno realiz\u00f3 una consulta ciudadana donde m\u00e1s del 90% de las personas votaron para mantener el horario de verano.<\/p>\n<p style=\"text-align: justify;\">Seg\u00fan el diputado Calisto, \u201cestamos realmente muy contentos de que finalmente la regi\u00f3n de Ays\u00e9n va a tener un horario similar al que tiene Magallanes. De esa manera vamos a mantener el horario de verano y con eso tenemos mejores condiciones para nuestras familias, para nuestros ni\u00f1os\u201d.<\/p>\n<p style=\"text-align: justify;\">\u201cLo que ocurr\u00eda naturalmente en invierno es que los ni\u00f1os, por ejemplo, se iban a clases de noche y volv\u00edan a sus casas de noche, porque terminaban las clases muy tarde, a eso de las 5 o 6 de la tarde ya estaba oscuro. Hoy d\u00eda con esta medida vamos a seguir entrando de noche a los colegios pero vamos a salir con luz de d\u00eda en la tarde, ganando una hora m\u00e1s de hora luz y eso es muy beneficioso para nuestros ni\u00f1os, para la realizaci\u00f3n de actividad f\u00edsica, el deporte y sobre todo por la vitamina D que para estas zonas nuestras, la zona sur-austral, es tan necesaria\u201d, indic\u00f3.<\/p>\n<p style=\"text-align: justify;\">Finalmente, Calisto se\u00f1al\u00f3 que \u201ces una medida importante que valoramos, nosotros hicimos un plebiscito en su minuto que lider\u00f3 la delegaci\u00f3n presidencial, antes lo hicimos tambi\u00e9n desde la ciudadan\u00eda con un campa\u00f1a ciudadana y en todas el respaldo fue sobre el 90% de adhesi\u00f3n a mantener el horario de verano\u201d.<\/p>\n<\/div><\/section><\/div><div  style='height:50px' class='hr hr-invisible   avia-builder-el-6  el_after_av_one_full  el_before_av_social_share '><span class='hr-inner ' ><span class='hr-inner-style'><\/span><\/span><\/div><\/p>\n<div  class='av-social-sharing-box  avia-builder-el-7  el_after_av_hr  el_before_av_hr  '><div class='av-share-box'><h5 class='av-share-link-description av-no-toc '>Compartir esta noticia<\/h5><ul class='av-share-box-list noLightbox'><li class='av-share-link av-social-link-facebook' ><a target=\"_blank\" aria-label=\"Compartir en Facebook\" href='https:\/\/www.facebook.com\/sharer.php?u=https:\/\/radiorevelacionfm.cl\/?p=51654&#038;t=Calisto%20valor%C3%B3%20decisi%C3%B3n%20de%20mantener%20horario%20de%20verano%20en%20Ays%C3%A9n%3A%20%E2%80%9CVa%20a%20beneficiar%20a%20las%20familias%20y%20a%20los%20ni%C3%B1os%E2%80%9D' aria-hidden='false' data-av_icon='\ue8f3' data-av_iconfont='entypo-fontello' title='' data-avia-related-tooltip='Compartir en Facebook' rel=\"noopener\"><span class='avia_hidden_link_text'>Compartir en Facebook<\/span><\/a><\/li><li class='av-share-link av-social-link-twitter' ><a target=\"_blank\" aria-label=\"Compartir en Twitter\" href='https:\/\/twitter.com\/share?text=Calisto%20valor%C3%B3%20decisi%C3%B3n%20de%20mantener%20horario%20de%20verano%20en%20Ays%C3%A9n%3A%20%E2%80%9CVa%20a%20beneficiar%20a%20las%20familias%20y%20a%20los%20ni%C3%B1os%E2%80%9D&#038;url=https:\/\/radiorevelacionfm.cl\/?p=51654' aria-hidden='false' data-av_icon='\ue8f1' data-av_iconfont='entypo-fontello' title='' data-avia-related-tooltip='Compartir en Twitter' rel=\"noopener\"><span class='avia_hidden_link_text'>Compartir en Twitter<\/span><\/a><\/li><li class='av-share-link av-social-link-whatsapp' ><a target=\"_blank\" aria-label=\"Compartir en Whatsapp\" href='https:\/\/api.whatsapp.com\/send?text=https:\/\/radiorevelacionfm.cl\/?p=51654' aria-hidden='false' data-av_icon='\uf232' data-av_iconfont='entypo-fontello' title='' data-avia-related-tooltip='Compartir en Whatsapp' rel=\"noopener\"><span class='avia_hidden_link_text'>Compartir en Whatsapp<\/span><\/a><\/li><li class='av-share-link av-social-link-linkedin' ><a target=\"_blank\" aria-label=\"Compartir en LinkedIn\" href='https:\/\/linkedin.com\/shareArticle?mini=true&#038;title=Calisto%20valor%C3%B3%20decisi%C3%B3n%20de%20mantener%20horario%20de%20verano%20en%20Ays%C3%A9n%3A%20%E2%80%9CVa%20a%20beneficiar%20a%20las%20familias%20y%20a%20los%20ni%C3%B1os%E2%80%9D&#038;url=https:\/\/radiorevelacionfm.cl\/?p=51654' aria-hidden='false' data-av_icon='\ue8fc' data-av_iconfont='entypo-fontello' title='' data-avia-related-tooltip='Compartir en LinkedIn' rel=\"noopener\"><span class='avia_hidden_link_text'>Compartir en LinkedIn<\/span><\/a><\/li><li class='av-share-link av-social-link-mail' ><a  aria-label=\"Compartir por correo\" href='mailto:?subject=Calisto%20valor%C3%B3%20decisi%C3%B3n%20de%20mantener%20horario%20de%20verano%20en%20Ays%C3%A9n%3A%20%E2%80%9CVa%20a%20beneficiar%20a%20las%20familias%20y%20a%20los%20ni%C3%B1os%E2%80%9D&#038;body=https:\/\/radiorevelacionfm.cl\/?p=51654' aria-hidden='false' data-av_icon='\ue805' data-av_iconfont='entypo-fontello' title='' data-avia-related-tooltip='Compartir por correo'><span class='avia_hidden_link_text'>Compartir por correo<\/span><\/a><\/li><\/ul><\/div><\/div>\n<div  style='height:50px' class='hr hr-invisible   avia-builder-el-8  el_after_av_social_share  el_before_av_comments_list '><span class='hr-inner ' ><span class='hr-inner-style'><\/span><\/span><\/div>\n<div  class='av-buildercomment  av-blog-meta-html-info-disabled av-blog-meta-tag-disabled  '><\/div>\n","protected":false},"excerpt":{"rendered":"","protected":false},"author":1,"featured_media":8618,"comment_status":"open","ping_status":"open","sticky":false,"template":"","format":"standard","meta":{"footnotes":""},"categories":[35],"tags":[],"class_list":["post-51654","post","type-post","status-publish","format-standard","has-post-thumbnail","hentry","category-politica"],"jetpack_featured_media_url":"https:\/\/radiorevelacionfm.cl\/wp-content\/uploads\/2021\/09\/Calisto_Subsidios-1.jpg","_links":{"self":[{"href":"https:\/\/radiorevelacionfm.cl\/index.php?rest_route=\/wp\/v2\/posts\/51654","targetHints":{"allow":["GET"]}}],"collection":[{"href":"https:\/\/radiorevelacionfm.cl\/index.php?rest_route=\/wp\/v2\/posts"}],"about":[{"href":"https:\/\/radiorevelacionfm.cl\/index.php?rest_route=\/wp\/v2\/types\/post"}],"author":[{"embeddable":true,"href":"https:\/\/radiorevelacionfm.cl\/index.php?rest_route=\/wp\/v2\/users\/1"}],"replies":[{"embeddable":true,"href":"https:\/\/radiorevelacionfm.cl\/index.php?rest_route=%2Fwp%2Fv2%2Fcomments&post=51654"}],"version-history":[{"count":1,"href":"https:\/\/radiorevelacionfm.cl\/index.php?rest_route=\/wp\/v2\/posts\/51654\/revisions"}],"predecessor-version":[{"id":51655,"href":"https:\/\/radiorevelacionfm.cl\/index.php?rest_route=\/wp\/v2\/posts\/51654\/revisions\/51655"}],"wp:featuredmedia":[{"embeddable":true,"href":"https:\/\/radiorevelacionfm.cl\/index.php?rest_route=\/wp\/v2\/media\/8618"}],"wp:attachment":[{"href":"https:\/\/radiorevelacionfm.cl\/index.php?rest_route=%2Fwp%2Fv2%2Fmedia&parent=51654"}],"wp:term":[{"taxonomy":"category","embeddable":true,"href":"https:\/\/radiorevelacionfm.cl\/index.php?rest_route=%2Fwp%2Fv2%2Fcategories&post=51654"},{"taxonomy":"post_tag","embeddable":true,"href":"https:\/\/radiorevelacionfm.cl\/index.php?rest_route=%2Fwp%2Fv2%2Ftags&post=51654"}],"curies":[{"name":"wp","href":"https:\/\/api.w.org\/{rel}","templated":true}]}}