{"id":51649,"date":"2025-03-20T20:57:26","date_gmt":"2025-03-20T23:57:26","guid":{"rendered":"https:\/\/radiorevelacionfm.cl\/?p=51649"},"modified":"2025-03-20T20:57:26","modified_gmt":"2025-03-20T23:57:26","slug":"invitan-a-inscribirse-en-curso-gratuito-para-cuidado-de-personas-mayores-gracias-a-alianza-fosis-aiep","status":"publish","type":"post","link":"https:\/\/radiorevelacionfm.cl\/?p=51649","title":{"rendered":"Invitan a inscribirse en curso gratuito para cuidado de personas mayores gracias a alianza FOSIS-AIEP"},"content":{"rendered":"<div class=\"flex_column av_one_full  flex_column_div av-zero-column-padding first  avia-builder-el-0  el_before_av_one_full  avia-builder-el-first  \" style='border-radius:0px; '><div  class='avia-image-container  av-styling-    avia-builder-el-1  avia-builder-el-no-sibling  avia-align-center '  itemprop=\"image\" itemscope=\"itemscope\" itemtype=\"https:\/\/schema.org\/ImageObject\"  ><div class='avia-image-container-inner'><div class='avia-image-overlay-wrap'><img decoding=\"async\" class='wp-image-47685 avia-img-lazy-loading-not-47685 avia_image' src=\"https:\/\/radiorevelacionfm.cl\/wp-content\/uploads\/2024\/11\/FA1-1-1.jpg\" alt='' title='FA1 (1) (1)' height=\"745\" width=\"800\"  itemprop=\"thumbnailUrl\" srcset=\"https:\/\/radiorevelacionfm.cl\/wp-content\/uploads\/2024\/11\/FA1-1-1.jpg 800w, https:\/\/radiorevelacionfm.cl\/wp-content\/uploads\/2024\/11\/FA1-1-1-300x279.jpg 300w, https:\/\/radiorevelacionfm.cl\/wp-content\/uploads\/2024\/11\/FA1-1-1-768x715.jpg 768w, https:\/\/radiorevelacionfm.cl\/wp-content\/uploads\/2024\/11\/FA1-1-1-705x657.jpg 705w, https:\/\/radiorevelacionfm.cl\/wp-content\/uploads\/2024\/11\/FA1-1-1-450x419.jpg 450w, https:\/\/radiorevelacionfm.cl\/wp-content\/uploads\/2024\/11\/FA1-1-1-600x559.jpg 600w\" sizes=\"(max-width: 800px) 100vw, 800px\" \/><\/div><\/div><\/div><\/div><div class=\"flex_column av_one_full  flex_column_div av-zero-column-padding first  avia-builder-el-2  el_after_av_one_full  el_before_av_one_full  column-top-margin\" style='border-radius:0px; '><section class=\"av_textblock_section \"  itemscope=\"itemscope\" itemtype=\"https:\/\/schema.org\/BlogPosting\" itemprop=\"blogPost\" ><div class='avia_textblock  '   itemprop=\"text\" ><p style=\"text-align: center;\"><strong><span style=\"font-size: 18pt;\">Invitan a inscribirse en curso gratuito para cuidado de personas mayores gracias a alianza FOSIS-AIEP<\/span><\/strong><\/p>\n<div id=\"gtx-trans\" style=\"position: absolute; left: -50px; top: 4.31534px;\">\n<div class=\"gtx-trans-icon\"><\/div>\n<\/div>\n<\/div><\/section><\/div><div class=\"flex_column av_one_full  flex_column_div av-zero-column-padding first  avia-builder-el-4  el_after_av_one_full  el_before_av_hr  column-top-margin\" style='border-radius:0px; '><section class=\"av_textblock_section \"  itemscope=\"itemscope\" itemtype=\"https:\/\/schema.org\/BlogPosting\" itemprop=\"blogPost\" ><div class='avia_textblock  '   itemprop=\"text\" ><ul>\n<li style=\"text-align: justify;\"><em>Esta capacitaci\u00f3n online y gratuita entrega orientaci\u00f3n y herramientas para el cuidado diario, orientado en quienes ya cumplen esta labor con alg\u00fan familiar en sus hogares.<\/em><\/li>\n<\/ul>\n<p style=\"text-align: justify;\">El Fondo de Solidaridad e Inversi\u00f3n Social, FOSIS y el Instituto Profesional AIEP de la Universidad Andr\u00e9s Bello se unieron para impulsar un curso de capacitaci\u00f3n para personas cuidadoras de adultos mayores.<\/p>\n<p style=\"text-align: justify;\">El curso \u201cCuidando Juntos: Formaci\u00f3n para Cuidadores de Personas Mayores\u201d, ofrece 5 mil cupos en todo Chile, para acceder a orientaci\u00f3n y herramientas para el cuidado diario, especialmente enfocado en personas que ya se dedican de manera informal al cuidado de adultos mayores en sus hogares.<\/p>\n<p style=\"text-align: justify;\">La directora regional del FOSIS en Ays\u00e9n, Fernanda Leiva Mu\u00f1oz, se\u00f1al\u00f3 que \u201ceste curso gratuito es una gran oportunidad para que personas cuidadoras puedan incorporar o fortalecer estrategias y herramientas para entregar a personas mayores de nuestra regi\u00f3n un cuidado digno y respetuoso. Esta alianza de trabajo colaborativo con el Instituto AIEP espera ser un aporte para el importante n\u00famero de personas inscritas en el registro de personas cuidadoras del Registro Social de Hogares que postulan a programas del FOSIS\u201d.<\/p>\n<p style=\"text-align: justify;\">Valorando la iniciativa dirigida a personas cuidadoras, la Seremi de Desarrollo Social y Familia, Karina Acevedo Auad, relev\u00f3 que \u201cseguimos fortaleciendo nuestra Pol\u00edtica Nacional de Apoyos y Cuidados Chile Cuida que hoy est\u00e1 en discusi\u00f3n en el Senado y en esta oportunidad, tenemos una alianza estrat\u00e9gica entre AIEP y FOSIS. Este curso es totalmente gratuito y va a permitir entregar herramientas a quienes cumplen el tan notable rol de cuidadores. El Proyecto Chile Cuida en el que llevamos ya tres a\u00f1os fortaleci\u00e9ndolo, nace de la mirada ciudadana de una agrupaci\u00f3n de cuidadoras y hoy d\u00eda, podemos decir que estamos cumpliendo a cabalidad porque cada d\u00eda vamos aumentando un engranaje en este tremendo desaf\u00edo que es cuidar a quienes nos cuidan\u201d.<\/p>\n<p style=\"text-align: justify;\">El curso ofrece orientaci\u00f3n en elementos pr\u00e1cticos en temas como la toma de signos vitales, administraci\u00f3n de medicamentos, cuidados de la piel, entre otros.<\/p>\n<p style=\"text-align: justify;\">La iniciativa permitir\u00e1 a la persona cuidadora aprender c\u00f3mo activar las redes de salud disponibles en su comunidad; los programas del Estado disponibles como el plan nacional de demencia o el programa de salud bucal; las garant\u00edas del GES. Las capacitaciones, adem\u00e1s, incluyen herramientas de autocuidado, para prevenir la sobrecarga del cuidador, entregando consejos sobre c\u00f3mo llevar una mejor calidad de vida.<\/p>\n<p style=\"text-align: justify;\">Los requisitos para inscribirse son: ser mayor de 18 a\u00f1os y contar con Clave \u00danica. Las inscripciones estar\u00e1n abiertas hasta el 31 de marzo en www.fosis.gob.cl.<\/p>\n<\/div><\/section><\/div><div  style='height:50px' class='hr hr-invisible   avia-builder-el-6  el_after_av_one_full  el_before_av_social_share '><span class='hr-inner ' ><span class='hr-inner-style'><\/span><\/span><\/div><\/p>\n<div  class='av-social-sharing-box  avia-builder-el-7  el_after_av_hr  el_before_av_hr  '><div class='av-share-box'><h5 class='av-share-link-description av-no-toc '>Compartir esta noticia<\/h5><ul class='av-share-box-list noLightbox'><li class='av-share-link av-social-link-facebook' ><a target=\"_blank\" aria-label=\"Compartir en Facebook\" href='https:\/\/www.facebook.com\/sharer.php?u=https:\/\/radiorevelacionfm.cl\/?p=51649&#038;t=Invitan%20a%20inscribirse%20en%20curso%20gratuito%20para%20cuidado%20de%20personas%20mayores%20gracias%20a%20alianza%20FOSIS-AIEP' aria-hidden='false' data-av_icon='\ue8f3' data-av_iconfont='entypo-fontello' title='' data-avia-related-tooltip='Compartir en Facebook' rel=\"noopener\"><span class='avia_hidden_link_text'>Compartir en Facebook<\/span><\/a><\/li><li class='av-share-link av-social-link-twitter' ><a target=\"_blank\" aria-label=\"Compartir en Twitter\" href='https:\/\/twitter.com\/share?text=Invitan%20a%20inscribirse%20en%20curso%20gratuito%20para%20cuidado%20de%20personas%20mayores%20gracias%20a%20alianza%20FOSIS-AIEP&#038;url=https:\/\/radiorevelacionfm.cl\/?p=51649' aria-hidden='false' data-av_icon='\ue8f1' data-av_iconfont='entypo-fontello' title='' data-avia-related-tooltip='Compartir en Twitter' rel=\"noopener\"><span class='avia_hidden_link_text'>Compartir en Twitter<\/span><\/a><\/li><li class='av-share-link av-social-link-whatsapp' ><a target=\"_blank\" aria-label=\"Compartir en Whatsapp\" href='https:\/\/api.whatsapp.com\/send?text=https:\/\/radiorevelacionfm.cl\/?p=51649' aria-hidden='false' data-av_icon='\uf232' data-av_iconfont='entypo-fontello' title='' data-avia-related-tooltip='Compartir en Whatsapp' rel=\"noopener\"><span class='avia_hidden_link_text'>Compartir en Whatsapp<\/span><\/a><\/li><li class='av-share-link av-social-link-linkedin' ><a target=\"_blank\" aria-label=\"Compartir en LinkedIn\" href='https:\/\/linkedin.com\/shareArticle?mini=true&#038;title=Invitan%20a%20inscribirse%20en%20curso%20gratuito%20para%20cuidado%20de%20personas%20mayores%20gracias%20a%20alianza%20FOSIS-AIEP&#038;url=https:\/\/radiorevelacionfm.cl\/?p=51649' aria-hidden='false' data-av_icon='\ue8fc' data-av_iconfont='entypo-fontello' title='' data-avia-related-tooltip='Compartir en LinkedIn' rel=\"noopener\"><span class='avia_hidden_link_text'>Compartir en LinkedIn<\/span><\/a><\/li><li class='av-share-link av-social-link-mail' ><a  aria-label=\"Compartir por correo\" href='mailto:?subject=Invitan%20a%20inscribirse%20en%20curso%20gratuito%20para%20cuidado%20de%20personas%20mayores%20gracias%20a%20alianza%20FOSIS-AIEP&#038;body=https:\/\/radiorevelacionfm.cl\/?p=51649' aria-hidden='false' data-av_icon='\ue805' data-av_iconfont='entypo-fontello' title='' data-avia-related-tooltip='Compartir por correo'><span class='avia_hidden_link_text'>Compartir por correo<\/span><\/a><\/li><\/ul><\/div><\/div>\n<div  style='height:50px' class='hr hr-invisible   avia-builder-el-8  el_after_av_social_share  el_before_av_comments_list '><span class='hr-inner ' ><span class='hr-inner-style'><\/span><\/span><\/div>\n<div  class='av-buildercomment  av-blog-meta-html-info-disabled av-blog-meta-tag-disabled  '><\/div>\n","protected":false},"excerpt":{"rendered":"","protected":false},"author":1,"featured_media":47685,"comment_status":"open","ping_status":"open","sticky":false,"template":"","format":"standard","meta":{"footnotes":""},"categories":[38],"tags":[],"class_list":["post-51649","post","type-post","status-publish","format-standard","has-post-thumbnail","hentry","category-regional"],"jetpack_featured_media_url":"https:\/\/radiorevelacionfm.cl\/wp-content\/uploads\/2024\/11\/FA1-1-1.jpg","_links":{"self":[{"href":"https:\/\/radiorevelacionfm.cl\/index.php?rest_route=\/wp\/v2\/posts\/51649","targetHints":{"allow":["GET"]}}],"collection":[{"href":"https:\/\/radiorevelacionfm.cl\/index.php?rest_route=\/wp\/v2\/posts"}],"about":[{"href":"https:\/\/radiorevelacionfm.cl\/index.php?rest_route=\/wp\/v2\/types\/post"}],"author":[{"embeddable":true,"href":"https:\/\/radiorevelacionfm.cl\/index.php?rest_route=\/wp\/v2\/users\/1"}],"replies":[{"embeddable":true,"href":"https:\/\/radiorevelacionfm.cl\/index.php?rest_route=%2Fwp%2Fv2%2Fcomments&post=51649"}],"version-history":[{"count":1,"href":"https:\/\/radiorevelacionfm.cl\/index.php?rest_route=\/wp\/v2\/posts\/51649\/revisions"}],"predecessor-version":[{"id":51650,"href":"https:\/\/radiorevelacionfm.cl\/index.php?rest_route=\/wp\/v2\/posts\/51649\/revisions\/51650"}],"wp:featuredmedia":[{"embeddable":true,"href":"https:\/\/radiorevelacionfm.cl\/index.php?rest_route=\/wp\/v2\/media\/47685"}],"wp:attachment":[{"href":"https:\/\/radiorevelacionfm.cl\/index.php?rest_route=%2Fwp%2Fv2%2Fmedia&parent=51649"}],"wp:term":[{"taxonomy":"category","embeddable":true,"href":"https:\/\/radiorevelacionfm.cl\/index.php?rest_route=%2Fwp%2Fv2%2Fcategories&post=51649"},{"taxonomy":"post_tag","embeddable":true,"href":"https:\/\/radiorevelacionfm.cl\/index.php?rest_route=%2Fwp%2Fv2%2Ftags&post=51649"}],"curies":[{"name":"wp","href":"https:\/\/api.w.org\/{rel}","templated":true}]}}