{"id":51644,"date":"2025-03-21T12:00:34","date_gmt":"2025-03-21T15:00:34","guid":{"rendered":"https:\/\/radiorevelacionfm.cl\/?p=51644"},"modified":"2025-03-21T12:00:34","modified_gmt":"2025-03-21T15:00:34","slug":"con-importantes-desafios-para-este-2025-se-realizo-primera-sesion-de-la-mesa-de-mujeres-privadas-de-libertad-embarazadas-y-con-hijos-lactantes","status":"publish","type":"post","link":"https:\/\/radiorevelacionfm.cl\/?p=51644","title":{"rendered":"Con importantes desaf\u00edos para este 2025: Se realiz\u00f3 primera sesi\u00f3n de la Mesa de Mujeres privadas de libertad embarazadas y con hijos lactantes"},"content":{"rendered":"<div class=\"flex_column av_one_full  flex_column_div av-zero-column-padding first  avia-builder-el-0  el_before_av_one_full  avia-builder-el-first  \" style='border-radius:0px; '><div  class='avia-image-container  av-styling-    avia-builder-el-1  avia-builder-el-no-sibling  avia-align-center '  itemprop=\"image\" itemscope=\"itemscope\" itemtype=\"https:\/\/schema.org\/ImageObject\"  ><div class='avia-image-container-inner'><div class='avia-image-overlay-wrap'><img decoding=\"async\" class='wp-image-51645 avia-img-lazy-loading-not-51645 avia_image' src=\"https:\/\/radiorevelacionfm.cl\/wp-content\/uploads\/2025\/03\/img_7487-1_optimized.jpg\" alt='' title='img_7487-(1)_optimized' height=\"600\" width=\"800\"  itemprop=\"thumbnailUrl\" srcset=\"https:\/\/radiorevelacionfm.cl\/wp-content\/uploads\/2025\/03\/img_7487-1_optimized.jpg 800w, https:\/\/radiorevelacionfm.cl\/wp-content\/uploads\/2025\/03\/img_7487-1_optimized-300x225.jpg 300w, https:\/\/radiorevelacionfm.cl\/wp-content\/uploads\/2025\/03\/img_7487-1_optimized-768x576.jpg 768w, https:\/\/radiorevelacionfm.cl\/wp-content\/uploads\/2025\/03\/img_7487-1_optimized-705x529.jpg 705w, https:\/\/radiorevelacionfm.cl\/wp-content\/uploads\/2025\/03\/img_7487-1_optimized-450x338.jpg 450w, https:\/\/radiorevelacionfm.cl\/wp-content\/uploads\/2025\/03\/img_7487-1_optimized-600x450.jpg 600w\" sizes=\"(max-width: 800px) 100vw, 800px\" \/><\/div><\/div><\/div><\/div><div class=\"flex_column av_one_full  flex_column_div av-zero-column-padding first  avia-builder-el-2  el_after_av_one_full  el_before_av_one_full  column-top-margin\" style='border-radius:0px; '><section class=\"av_textblock_section \"  itemscope=\"itemscope\" itemtype=\"https:\/\/schema.org\/BlogPosting\" itemprop=\"blogPost\" ><div class='avia_textblock  '   itemprop=\"text\" ><p style=\"text-align: center;\"><span style=\"font-size: 18pt;\"><strong><em>Con importantes desaf\u00edos para este 2025: <\/em><\/strong><strong>Se realiz\u00f3 primera sesi\u00f3n de la Mesa de Mujeres privadas de libertad embarazadas y con hijos lactantes <\/strong><\/span><\/p>\n<div id=\"gtx-trans\" style=\"position: absolute; left: -50px; top: 4.31534px;\">\n<div class=\"gtx-trans-icon\"><\/div>\n<\/div>\n<\/div><\/section><\/div><div class=\"flex_column av_one_full  flex_column_div av-zero-column-padding first  avia-builder-el-4  el_after_av_one_full  el_before_av_hr  column-top-margin\" style='border-radius:0px; '><section class=\"av_textblock_section \"  itemscope=\"itemscope\" itemtype=\"https:\/\/schema.org\/BlogPosting\" itemprop=\"blogPost\" ><div class='avia_textblock  '   itemprop=\"text\" ><p style=\"text-align: justify;\">Recientemente se llev\u00f3 a cabo la primera sesi\u00f3n a\u00f1o 2025 de la Mesa Mujeres Privadas de Libertad Embarazadas y con Hijos Lactantes, instancia que cont\u00f3 con la participaci\u00f3n de diversos servicios p\u00fablicos y que tiene como objetivo poder entregar mejores condiciones a las mujeres privadas de libertad, pero fundamentalmente a aquellas mujeres privadas de libertad en condici\u00f3n de embarazo o con hijos lactantes menores a 2 a\u00f1os.<\/p>\n<p style=\"text-align: justify;\">El seremi de Justicia y Derechos Humanos Samuel Navarro Castro se refiri\u00f3 al trabajo a desarrollar durante el presente a\u00f1o se\u00f1alando que \u201cretomamos esta iniciativa intersectorial que se ha desplegado de forma importante durante el a\u00f1o 2024, mediante la cual hemos podido desarrollar un excelente trabajo con el Servicio de Salud Ays\u00e9n, Seremi de Salud, Gendarmer\u00eda de Chile que tiene a cargo las personas privadas de libertad y donde han colaborado en este esfuerzo el Instituto Nacional de Derechos Humanos, la Defensor\u00eda Penal P\u00fablica y la seremi de la Mujer y Equidad de G\u00e9nero, particularmente este a\u00f1o queremos suscribir un convenio entre el Servicio de Salud y Gendarmer\u00eda de Chile que nos permita tener un par\u00e1metro de actuaciones y protocolos respecto de las prestaciones de salud que se realizan regularmente, pero que queremos formalizar y de alguna forma poder planificar la organizaci\u00f3n de los operativos, de las prestaciones m\u00e9dicas, de los controles, tanto preventivos de salud como de vacunaci\u00f3n u otros controles que requieran las personas privadas de libertad con \u00e9nfasis y enfoque principal en mujeres, mujeres embarazadas y con hijos lactantes, pero aprovechando la disposici\u00f3n y la buena voluntad de los equipos de salud ampliarla a toda la poblaci\u00f3n penal. En ese sentido, hemos ido avanzando adem\u00e1s considerando que aperturamos la secci\u00f3n femenina en el CDP de Puerto Ays\u00e9n, por lo tanto, tambi\u00e9n los equipos de salud est\u00e1n prepar\u00e1ndose y organiz\u00e1ndose para poder llevar las mismas prestaciones que se realizan en Coyhaique a las mujeres recluidas en el penal de la ciudad de Puerto Ays\u00e9n, es un esfuerzo importante para poder atender a esta poblaci\u00f3n vulnerable\u201d.<\/p>\n<p style=\"text-align: justify;\">En tanto, el Jefe T\u00e9cnico Regional (s) Eugenio Barrios Herrera explic\u00f3 que \u201cpara Gendarmer\u00eda de Chile es importante poder potenciar estos espacios de trabajo intersectoriales como la mesa en que nos encontramos actualmente, porque ha presentado avances significativos tanto en la identificaci\u00f3n de brechas, as\u00ed como las estrategias para poder ir subsan\u00e1ndolas, desde el 2024 se han fortalecido las coordinaciones que han permitido desarrollar operativos m\u00e9dicos espec\u00edficos orientados a las mujeres, lo que actualmente nos permite decir que nuestras mujeres se encuentran con acciones sanitarias y de salud totalmente al d\u00eda sobre todo en materia ginecol\u00f3gica algo tan sensible para esta poblaci\u00f3n, tambi\u00e9n hemos podido ir avanzando en elementos que son bastante innovadores dentro del sistema penitenciario, como es fortalecer y buscar las autorizaciones sanitarias para espacios de enfermer\u00eda, las que est\u00e1n ubicadas dentro de las unidades penitenciarias y poder ampliar la gama de prestaciones que se puedan entregar en estos espacios, y dentro de esto con un foco bien especifico en prestaciones ginecol\u00f3gicas, es as\u00ed como nos encontramos trabajando en finalizar las mejoras para poder contar con un box ginecol\u00f3gico dentro del CCP de Coyhaique, lo cual generar\u00eda un salto de calidad en las prestaciones y adem\u00e1s mejorar\u00eda las coordinaciones en relaci\u00f3n con los dispositivos de salud\u201d.<\/p>\n<p style=\"text-align: justify;\">Ahora, la Defensor\u00eda Penal P\u00fablica ha sido un participante activo en esta mesa, quienes destacan el trabajo realizado hasta el momento, en este sentido, la trabajadora social de la unidad de apoyo a la defensa Orietta Rodr\u00edguez Sep\u00falveda indic\u00f3 que \u201cla mesa para mujeres privadas de libertad\u00a0 ha tenido importantes logros y es una mesa en la cual trabajan distintas instituciones coordinadamente a fin de darle un mayor bienestar a las mujeres que est\u00e1n privadas de libertad, en este momento un logro s\u00faper importante y que estamos muy contentos y agradecidos como Defensor\u00eda Penal es que se esta trabajando en la acreditaci\u00f3n sanitaria del policl\u00ednico del Centro de Cumplimiento Penitenciario de Coyhaique lo que implica que los operativos ginecol\u00f3gicos se van a poder hacer dentro de la misma c\u00e1rcel tambi\u00e9n los ex\u00e1menes preventivos, lo que sin duda es un gran aporte lo que significa que las mujeres ya no tengan que salir del recinto penal, estar esperando en un consultorio y tambi\u00e9n con un ahorro de tiempo, en general es una mesa muy proactiva con resultados sumamente concretos y que las instituciones que est\u00e1n trabajando en ella est\u00e1n muy comprometidos por el bienestar de las mujeres y tambi\u00e9n de toda la poblaci\u00f3n penal\u201d.<\/p>\n<p style=\"text-align: justify;\">Finalmente, la seremi de la Mujer y Equidad de G\u00e9nero Isidora Gacit\u00faa Goles destac\u00f3 la iniciativa se\u00f1alando que \u201cparticipamos de la primera sesi\u00f3n del a\u00f1o de la Mesa de Mujeres privadas de libertad embarazadas y con hijos lactantes en conjunto con diversos servicios p\u00fablicos y el seremi de Justicia y Derechos Humanos Samuel Navarro, considerando que en general el sistema penitenciario ha sido dise\u00f1ado principalmente para hombres y hoy existe una gran brecha para incorporar la perspectiva de g\u00e9nero y as\u00ed abordar su permanencia en el centro de materia integral, es por esto que como gobierno del presidente Gabriel Boric Font relevamos este espacio, ya es que es tremendamente relevante para articular el trabajo interinstitucional y as\u00ed poder garantizar mejores condiciones para todas las mujeres de nuestra regi\u00f3n, en este caso adem\u00e1s previniendo la violencia y fomentando su reinserci\u00f3n social\u201d concluy\u00f3.<\/p>\n<\/div><\/section><\/div><div  style='height:50px' class='hr hr-invisible   avia-builder-el-6  el_after_av_one_full  el_before_av_social_share '><span class='hr-inner ' ><span class='hr-inner-style'><\/span><\/span><\/div><\/p>\n<div  class='av-social-sharing-box  avia-builder-el-7  el_after_av_hr  el_before_av_hr  '><div class='av-share-box'><h5 class='av-share-link-description av-no-toc '>Compartir esta noticia<\/h5><ul class='av-share-box-list noLightbox'><li class='av-share-link av-social-link-facebook' ><a target=\"_blank\" aria-label=\"Compartir en Facebook\" href='https:\/\/www.facebook.com\/sharer.php?u=https:\/\/radiorevelacionfm.cl\/?p=51644&#038;t=Con%20importantes%20desaf%C3%ADos%20para%20este%202025%3A%20Se%20realiz%C3%B3%20primera%20sesi%C3%B3n%20de%20la%20Mesa%20de%20Mujeres%20privadas%20de%20libertad%20embarazadas%20y%20con%20hijos%20lactantes' aria-hidden='false' data-av_icon='\ue8f3' data-av_iconfont='entypo-fontello' title='' data-avia-related-tooltip='Compartir en Facebook' rel=\"noopener\"><span class='avia_hidden_link_text'>Compartir en Facebook<\/span><\/a><\/li><li class='av-share-link av-social-link-twitter' ><a target=\"_blank\" aria-label=\"Compartir en Twitter\" href='https:\/\/twitter.com\/share?text=Con%20importantes%20desaf%C3%ADos%20para%20este%202025%3A%20Se%20realiz%C3%B3%20primera%20sesi%C3%B3n%20de%20la%20Mesa%20de%20Mujeres%20privadas%20de%20libertad%20embarazadas%20y%20con%20hijos%20lactantes&#038;url=https:\/\/radiorevelacionfm.cl\/?p=51644' aria-hidden='false' data-av_icon='\ue8f1' data-av_iconfont='entypo-fontello' title='' data-avia-related-tooltip='Compartir en Twitter' rel=\"noopener\"><span class='avia_hidden_link_text'>Compartir en Twitter<\/span><\/a><\/li><li class='av-share-link av-social-link-whatsapp' ><a target=\"_blank\" aria-label=\"Compartir en Whatsapp\" href='https:\/\/api.whatsapp.com\/send?text=https:\/\/radiorevelacionfm.cl\/?p=51644' aria-hidden='false' data-av_icon='\uf232' data-av_iconfont='entypo-fontello' title='' data-avia-related-tooltip='Compartir en Whatsapp' rel=\"noopener\"><span class='avia_hidden_link_text'>Compartir en Whatsapp<\/span><\/a><\/li><li class='av-share-link av-social-link-linkedin' ><a target=\"_blank\" aria-label=\"Compartir en LinkedIn\" href='https:\/\/linkedin.com\/shareArticle?mini=true&#038;title=Con%20importantes%20desaf%C3%ADos%20para%20este%202025%3A%20Se%20realiz%C3%B3%20primera%20sesi%C3%B3n%20de%20la%20Mesa%20de%20Mujeres%20privadas%20de%20libertad%20embarazadas%20y%20con%20hijos%20lactantes&#038;url=https:\/\/radiorevelacionfm.cl\/?p=51644' aria-hidden='false' data-av_icon='\ue8fc' data-av_iconfont='entypo-fontello' title='' data-avia-related-tooltip='Compartir en LinkedIn' rel=\"noopener\"><span class='avia_hidden_link_text'>Compartir en LinkedIn<\/span><\/a><\/li><li class='av-share-link av-social-link-mail' ><a  aria-label=\"Compartir por correo\" href='mailto:?subject=Con%20importantes%20desaf%C3%ADos%20para%20este%202025%3A%20Se%20realiz%C3%B3%20primera%20sesi%C3%B3n%20de%20la%20Mesa%20de%20Mujeres%20privadas%20de%20libertad%20embarazadas%20y%20con%20hijos%20lactantes&#038;body=https:\/\/radiorevelacionfm.cl\/?p=51644' aria-hidden='false' data-av_icon='\ue805' data-av_iconfont='entypo-fontello' title='' data-avia-related-tooltip='Compartir por correo'><span class='avia_hidden_link_text'>Compartir por correo<\/span><\/a><\/li><\/ul><\/div><\/div>\n<div  style='height:50px' class='hr hr-invisible   avia-builder-el-8  el_after_av_social_share  el_before_av_comments_list '><span class='hr-inner ' ><span class='hr-inner-style'><\/span><\/span><\/div>\n<div  class='av-buildercomment  av-blog-meta-html-info-disabled av-blog-meta-tag-disabled  '><\/div>\n","protected":false},"excerpt":{"rendered":"","protected":false},"author":1,"featured_media":51645,"comment_status":"open","ping_status":"open","sticky":false,"template":"","format":"standard","meta":{"footnotes":""},"categories":[55],"tags":[],"class_list":["post-51644","post","type-post","status-publish","format-standard","has-post-thumbnail","hentry","category-justicia"],"jetpack_featured_media_url":"https:\/\/radiorevelacionfm.cl\/wp-content\/uploads\/2025\/03\/img_7487-1_optimized.jpg","_links":{"self":[{"href":"https:\/\/radiorevelacionfm.cl\/index.php?rest_route=\/wp\/v2\/posts\/51644","targetHints":{"allow":["GET"]}}],"collection":[{"href":"https:\/\/radiorevelacionfm.cl\/index.php?rest_route=\/wp\/v2\/posts"}],"about":[{"href":"https:\/\/radiorevelacionfm.cl\/index.php?rest_route=\/wp\/v2\/types\/post"}],"author":[{"embeddable":true,"href":"https:\/\/radiorevelacionfm.cl\/index.php?rest_route=\/wp\/v2\/users\/1"}],"replies":[{"embeddable":true,"href":"https:\/\/radiorevelacionfm.cl\/index.php?rest_route=%2Fwp%2Fv2%2Fcomments&post=51644"}],"version-history":[{"count":1,"href":"https:\/\/radiorevelacionfm.cl\/index.php?rest_route=\/wp\/v2\/posts\/51644\/revisions"}],"predecessor-version":[{"id":51646,"href":"https:\/\/radiorevelacionfm.cl\/index.php?rest_route=\/wp\/v2\/posts\/51644\/revisions\/51646"}],"wp:featuredmedia":[{"embeddable":true,"href":"https:\/\/radiorevelacionfm.cl\/index.php?rest_route=\/wp\/v2\/media\/51645"}],"wp:attachment":[{"href":"https:\/\/radiorevelacionfm.cl\/index.php?rest_route=%2Fwp%2Fv2%2Fmedia&parent=51644"}],"wp:term":[{"taxonomy":"category","embeddable":true,"href":"https:\/\/radiorevelacionfm.cl\/index.php?rest_route=%2Fwp%2Fv2%2Fcategories&post=51644"},{"taxonomy":"post_tag","embeddable":true,"href":"https:\/\/radiorevelacionfm.cl\/index.php?rest_route=%2Fwp%2Fv2%2Ftags&post=51644"}],"curies":[{"name":"wp","href":"https:\/\/api.w.org\/{rel}","templated":true}]}}