{"id":51641,"date":"2025-03-22T13:09:33","date_gmt":"2025-03-22T16:09:33","guid":{"rendered":"https:\/\/radiorevelacionfm.cl\/?p=51641"},"modified":"2025-03-22T13:09:33","modified_gmt":"2025-03-22T16:09:33","slug":"sandoval-solicito-sesion-especial-en-comision-de-zonas-extremas-del-senado-para-abordar-conectividad-austral","status":"publish","type":"post","link":"https:\/\/radiorevelacionfm.cl\/?p=51641","title":{"rendered":"Sandoval solicit\u00f3 sesi\u00f3n especial en Comisi\u00f3n de Zonas Extremas del Senado para abordar conectividad austral"},"content":{"rendered":"<div class=\"flex_column av_one_full  flex_column_div av-zero-column-padding first  avia-builder-el-0  el_before_av_one_full  avia-builder-el-first  \" style='border-radius:0px; '><div  class='avia-image-container  av-styling-    avia-builder-el-1  avia-builder-el-no-sibling  avia-align-center '  itemprop=\"image\" itemscope=\"itemscope\" itemtype=\"https:\/\/schema.org\/ImageObject\"  ><div class='avia-image-container-inner'><div class='avia-image-overlay-wrap'><img decoding=\"async\" class='wp-image-51642 avia-img-lazy-loading-not-51642 avia_image' src=\"https:\/\/radiorevelacionfm.cl\/wp-content\/uploads\/2025\/03\/senador-sandoval-20_optimized.03.2025-1.jpg\" alt='' title='senador-sandoval-20_optimized.03.2025-(1)' height=\"640\" width=\"805\"  itemprop=\"thumbnailUrl\" srcset=\"https:\/\/radiorevelacionfm.cl\/wp-content\/uploads\/2025\/03\/senador-sandoval-20_optimized.03.2025-1.jpg 805w, https:\/\/radiorevelacionfm.cl\/wp-content\/uploads\/2025\/03\/senador-sandoval-20_optimized.03.2025-1-300x239.jpg 300w, https:\/\/radiorevelacionfm.cl\/wp-content\/uploads\/2025\/03\/senador-sandoval-20_optimized.03.2025-1-768x611.jpg 768w, https:\/\/radiorevelacionfm.cl\/wp-content\/uploads\/2025\/03\/senador-sandoval-20_optimized.03.2025-1-705x560.jpg 705w, https:\/\/radiorevelacionfm.cl\/wp-content\/uploads\/2025\/03\/senador-sandoval-20_optimized.03.2025-1-450x358.jpg 450w, https:\/\/radiorevelacionfm.cl\/wp-content\/uploads\/2025\/03\/senador-sandoval-20_optimized.03.2025-1-600x477.jpg 600w\" sizes=\"(max-width: 805px) 100vw, 805px\" \/><\/div><\/div><\/div><\/div><div class=\"flex_column av_one_full  flex_column_div av-zero-column-padding first  avia-builder-el-2  el_after_av_one_full  el_before_av_one_full  column-top-margin\" style='border-radius:0px; '><section class=\"av_textblock_section \"  itemscope=\"itemscope\" itemtype=\"https:\/\/schema.org\/BlogPosting\" itemprop=\"blogPost\" ><div class='avia_textblock  '   itemprop=\"text\" ><p style=\"text-align: center;\"><strong><span style=\"font-size: 18pt;\">Sandoval solicit\u00f3 sesi\u00f3n especial en Comisi\u00f3n de Zonas Extremas del Senado para abordar conectividad austral <\/span><\/strong><\/p>\n<div id=\"gtx-trans\" style=\"position: absolute; left: -50px; top: 4.31534px;\">\n<div class=\"gtx-trans-icon\"><\/div>\n<\/div>\n<\/div><\/section><\/div><div class=\"flex_column av_one_full  flex_column_div av-zero-column-padding first  avia-builder-el-4  el_after_av_one_full  el_before_av_hr  column-top-margin\" style='border-radius:0px; '><section class=\"av_textblock_section \"  itemscope=\"itemscope\" itemtype=\"https:\/\/schema.org\/BlogPosting\" itemprop=\"blogPost\" ><div class='avia_textblock  '   itemprop=\"text\" ><p style=\"text-align: justify;\"><em>Parlamentario pidi\u00f3 que a la instancia asistan la ministra de Obras P\u00fablicas, Jessica L\u00f3pez y el ministro de Transportes, Juan Carlos Mu\u00f1oz.<\/em><\/p>\n<p style=\"text-align: justify;\">En los \u00faltimos d\u00edas, el senador David Sandoval formaliz\u00f3 la solicitud para que la comisi\u00f3n de Zonas Extremas de la C\u00e1mara Alta realice una sesi\u00f3n especial, en que participen la ministra de Obras P\u00fablicas, Jessica L\u00f3pez y el ministro de Transportes, Juan Carlos Mu\u00f1oz, para abordar la conectividad en la zona austral.<\/p>\n<p style=\"text-align: justify;\">En ese sentido, el parlamentario se\u00f1al\u00f3 que existe coincidencia en la regi\u00f3n respecto a la importancia de contar \u201ccon una v\u00eda caminera expedita con el resto del pa\u00eds y tambi\u00e9n dentro de la regi\u00f3n\u201d, agregando que no se puede \u201cperder ocasi\u00f3n alguna para lograr precisamente revertir este tema\u201d, destacando lo que las autoridades locales y el propio Gobernador Regional, Marcelo Santana, han expresado al respecto.<\/p>\n<p style=\"text-align: justify;\">Por lo mismo, y si bien destac\u00f3 que se haya resuelto la reposici\u00f3n de los puentes Palena y Rosselot en la ruta 7 norte, as\u00ed como la licitaci\u00f3n de 17 Km de pavimentos en la comuna de Cochrane, lament\u00f3 la lentitud con la que se ha avanzado en la pavimentaci\u00f3n de la Carretera Austral y los problemas que acarrea. \u201cLos gobiernos en general se comprometen a hacer cosas que por diversas razones, al final no se llevan a cabo y, lo dijimos en un minuto, si nosotros tom\u00e1ramos todas las promesas de construcci\u00f3n de camino, ya tendr\u00edamos una doble v\u00eda hasta Puerto Yungay, (\u2026) por eso la urgencia de convocar a la ministra de Obras P\u00fablicas y al ministro de transporte, para ver qu\u00e9 alternativas tenemos\u201d, enfatiz\u00f3.<\/p>\n<p style=\"text-align: justify;\">Tambi\u00e9n, Sandoval hizo hincapi\u00e9 en que las dificultades que se manifiestan en este tema tambi\u00e9n involucran a la regi\u00f3n de Magallanes y Los Lagos, en la zona de Palena, por lo que es importante avanzar de manera integral en resolverlas. \u201cNo queremos que Palena se transforme en el nuevo cuello de botella por no tener all\u00ed el mismo entusiasmo, la misma presi\u00f3n desde Los lagos, para que tambi\u00e9n se avance en la construcci\u00f3n de la ruta 7. Lo hemos hablado con los senadores zona, con el senador Kuschel, por ejemplo\u201d, puntualiz\u00f3.<\/p>\n<p style=\"text-align: justify;\">\u201cPor eso esta convocatoria de los dos ministros nos parece s\u00faper relevante, as\u00ed como la articulaci\u00f3n con las dem\u00e1s regiones\u201d, recalc\u00f3, reiterando su inquietud por la forma en que se ha enfrentado la pavimentaci\u00f3n de la ruta 7 en la regi\u00f3n, insistiendo en que debe haber un cambio y acelerar de alguna manera este proceso.<\/p>\n<p style=\"text-align: justify;\">Finalmente, dijo compartir las preocupaciones, entre otros, de los alcaldes de R\u00edo Ib\u00e1\u00f1ez, Marcelo Jelvez, de Cochrane, Patricio Ulloa, as\u00ed como la comunidad de Puerto Tranquilo, que se moviliz\u00f3 durante el verano \u201cpor algo tan b\u00e1sico como es la conservaci\u00f3n (del camino)\u201d. \u201cEl Estado de Chile tiene una deuda muy grande todav\u00eda con la zona austral\u201d, concluy\u00f3.<\/p>\n<\/div><\/section><\/div><div  style='height:50px' class='hr hr-invisible   avia-builder-el-6  el_after_av_one_full  el_before_av_social_share '><span class='hr-inner ' ><span class='hr-inner-style'><\/span><\/span><\/div><\/p>\n<div  class='av-social-sharing-box  avia-builder-el-7  el_after_av_hr  el_before_av_hr  '><div class='av-share-box'><h5 class='av-share-link-description av-no-toc '>Compartir esta noticia<\/h5><ul class='av-share-box-list noLightbox'><li class='av-share-link av-social-link-facebook' ><a target=\"_blank\" aria-label=\"Compartir en Facebook\" href='https:\/\/www.facebook.com\/sharer.php?u=https:\/\/radiorevelacionfm.cl\/?p=51641&#038;t=Sandoval%20solicit%C3%B3%20sesi%C3%B3n%20especial%20en%20Comisi%C3%B3n%20de%20Zonas%20Extremas%20del%20Senado%20para%20abordar%20conectividad%20austral' aria-hidden='false' data-av_icon='\ue8f3' data-av_iconfont='entypo-fontello' title='' data-avia-related-tooltip='Compartir en Facebook' rel=\"noopener\"><span class='avia_hidden_link_text'>Compartir en Facebook<\/span><\/a><\/li><li class='av-share-link av-social-link-twitter' ><a target=\"_blank\" aria-label=\"Compartir en Twitter\" href='https:\/\/twitter.com\/share?text=Sandoval%20solicit%C3%B3%20sesi%C3%B3n%20especial%20en%20Comisi%C3%B3n%20de%20Zonas%20Extremas%20del%20Senado%20para%20abordar%20conectividad%20austral&#038;url=https:\/\/radiorevelacionfm.cl\/?p=51641' aria-hidden='false' data-av_icon='\ue8f1' data-av_iconfont='entypo-fontello' title='' data-avia-related-tooltip='Compartir en Twitter' rel=\"noopener\"><span class='avia_hidden_link_text'>Compartir en Twitter<\/span><\/a><\/li><li class='av-share-link av-social-link-whatsapp' ><a target=\"_blank\" aria-label=\"Compartir en Whatsapp\" href='https:\/\/api.whatsapp.com\/send?text=https:\/\/radiorevelacionfm.cl\/?p=51641' aria-hidden='false' data-av_icon='\uf232' data-av_iconfont='entypo-fontello' title='' data-avia-related-tooltip='Compartir en Whatsapp' rel=\"noopener\"><span class='avia_hidden_link_text'>Compartir en Whatsapp<\/span><\/a><\/li><li class='av-share-link av-social-link-linkedin' ><a target=\"_blank\" aria-label=\"Compartir en LinkedIn\" href='https:\/\/linkedin.com\/shareArticle?mini=true&#038;title=Sandoval%20solicit%C3%B3%20sesi%C3%B3n%20especial%20en%20Comisi%C3%B3n%20de%20Zonas%20Extremas%20del%20Senado%20para%20abordar%20conectividad%20austral&#038;url=https:\/\/radiorevelacionfm.cl\/?p=51641' aria-hidden='false' data-av_icon='\ue8fc' data-av_iconfont='entypo-fontello' title='' data-avia-related-tooltip='Compartir en LinkedIn' rel=\"noopener\"><span class='avia_hidden_link_text'>Compartir en LinkedIn<\/span><\/a><\/li><li class='av-share-link av-social-link-mail' ><a  aria-label=\"Compartir por correo\" href='mailto:?subject=Sandoval%20solicit%C3%B3%20sesi%C3%B3n%20especial%20en%20Comisi%C3%B3n%20de%20Zonas%20Extremas%20del%20Senado%20para%20abordar%20conectividad%20austral&#038;body=https:\/\/radiorevelacionfm.cl\/?p=51641' aria-hidden='false' data-av_icon='\ue805' data-av_iconfont='entypo-fontello' title='' data-avia-related-tooltip='Compartir por correo'><span class='avia_hidden_link_text'>Compartir por correo<\/span><\/a><\/li><\/ul><\/div><\/div>\n<div  style='height:50px' class='hr hr-invisible   avia-builder-el-8  el_after_av_social_share  el_before_av_comments_list '><span class='hr-inner ' ><span class='hr-inner-style'><\/span><\/span><\/div>\n<div  class='av-buildercomment  av-blog-meta-html-info-disabled av-blog-meta-tag-disabled  '><\/div>\n","protected":false},"excerpt":{"rendered":"","protected":false},"author":1,"featured_media":51642,"comment_status":"open","ping_status":"open","sticky":false,"template":"","format":"standard","meta":{"footnotes":""},"categories":[35],"tags":[],"class_list":["post-51641","post","type-post","status-publish","format-standard","has-post-thumbnail","hentry","category-politica"],"jetpack_featured_media_url":"https:\/\/radiorevelacionfm.cl\/wp-content\/uploads\/2025\/03\/senador-sandoval-20_optimized.03.2025-1.jpg","_links":{"self":[{"href":"https:\/\/radiorevelacionfm.cl\/index.php?rest_route=\/wp\/v2\/posts\/51641","targetHints":{"allow":["GET"]}}],"collection":[{"href":"https:\/\/radiorevelacionfm.cl\/index.php?rest_route=\/wp\/v2\/posts"}],"about":[{"href":"https:\/\/radiorevelacionfm.cl\/index.php?rest_route=\/wp\/v2\/types\/post"}],"author":[{"embeddable":true,"href":"https:\/\/radiorevelacionfm.cl\/index.php?rest_route=\/wp\/v2\/users\/1"}],"replies":[{"embeddable":true,"href":"https:\/\/radiorevelacionfm.cl\/index.php?rest_route=%2Fwp%2Fv2%2Fcomments&post=51641"}],"version-history":[{"count":1,"href":"https:\/\/radiorevelacionfm.cl\/index.php?rest_route=\/wp\/v2\/posts\/51641\/revisions"}],"predecessor-version":[{"id":51643,"href":"https:\/\/radiorevelacionfm.cl\/index.php?rest_route=\/wp\/v2\/posts\/51641\/revisions\/51643"}],"wp:featuredmedia":[{"embeddable":true,"href":"https:\/\/radiorevelacionfm.cl\/index.php?rest_route=\/wp\/v2\/media\/51642"}],"wp:attachment":[{"href":"https:\/\/radiorevelacionfm.cl\/index.php?rest_route=%2Fwp%2Fv2%2Fmedia&parent=51641"}],"wp:term":[{"taxonomy":"category","embeddable":true,"href":"https:\/\/radiorevelacionfm.cl\/index.php?rest_route=%2Fwp%2Fv2%2Fcategories&post=51641"},{"taxonomy":"post_tag","embeddable":true,"href":"https:\/\/radiorevelacionfm.cl\/index.php?rest_route=%2Fwp%2Fv2%2Ftags&post=51641"}],"curies":[{"name":"wp","href":"https:\/\/api.w.org\/{rel}","templated":true}]}}