{"id":5164,"date":"2021-06-11T16:04:18","date_gmt":"2021-06-11T19:04:18","guid":{"rendered":"https:\/\/radiorevelacionfm.cl\/?p=5164"},"modified":"2021-06-11T16:04:18","modified_gmt":"2021-06-11T19:04:18","slug":"municipio-de-aysen-reduce-temporalmente-atencion-a-publico-ante-el-aumento-de-casos-covid-19-en-la-comuna","status":"publish","type":"post","link":"https:\/\/radiorevelacionfm.cl\/?p=5164","title":{"rendered":"Municipio de Ays\u00e9n reduce temporalmente atenci\u00f3n a p\u00fablico ante el aumento de casos covid-19 en la comuna"},"content":{"rendered":"<div class=\"flex_column av_one_full  flex_column_div av-zero-column-padding first  avia-builder-el-0  el_before_av_one_full  avia-builder-el-first  \" style='border-radius:0px; '><div  class='avia-image-container  av-styling-    avia-builder-el-1  avia-builder-el-no-sibling  avia-align-center '  itemprop=\"image\" itemscope=\"itemscope\" itemtype=\"https:\/\/schema.org\/ImageObject\"  ><div class='avia-image-container-inner'><div class='avia-image-overlay-wrap'><img decoding=\"async\" class='wp-image-5165 avia-img-lazy-loading-not-5165 avia_image' src=\"https:\/\/radiorevelacionfm.cl\/wp-content\/uploads\/2021\/06\/aysen-contexto-muni1-1_optimized-1.png\" alt='' title='aysen-contexto-muni1-(1)_optimized (1)' height=\"590\" width=\"884\"  itemprop=\"thumbnailUrl\" srcset=\"https:\/\/radiorevelacionfm.cl\/wp-content\/uploads\/2021\/06\/aysen-contexto-muni1-1_optimized-1.png 884w, https:\/\/radiorevelacionfm.cl\/wp-content\/uploads\/2021\/06\/aysen-contexto-muni1-1_optimized-1-300x200.png 300w, https:\/\/radiorevelacionfm.cl\/wp-content\/uploads\/2021\/06\/aysen-contexto-muni1-1_optimized-1-768x513.png 768w, https:\/\/radiorevelacionfm.cl\/wp-content\/uploads\/2021\/06\/aysen-contexto-muni1-1_optimized-1-705x471.png 705w, https:\/\/radiorevelacionfm.cl\/wp-content\/uploads\/2021\/06\/aysen-contexto-muni1-1_optimized-1-600x400.png 600w\" sizes=\"(max-width: 884px) 100vw, 884px\" \/><\/div><\/div><\/div><\/div><div class=\"flex_column av_one_full  flex_column_div av-zero-column-padding first  avia-builder-el-2  el_after_av_one_full  el_before_av_one_full  column-top-margin\" style='border-radius:0px; '><section class=\"av_textblock_section \"  itemscope=\"itemscope\" itemtype=\"https:\/\/schema.org\/BlogPosting\" itemprop=\"blogPost\" ><div class='avia_textblock  '   itemprop=\"text\" ><p style=\"text-align: center;\"><span style=\"font-size: 18pt;\"><strong>Municipio de Ays\u00e9n reduce temporalmente atenci\u00f3n a p\u00fablico ante el aumento de casos covid-19 en la comuna<\/strong><\/span><\/p>\n<div id=\"gtx-trans\" style=\"position: absolute; left: -50px; top: 4.31534px;\">\n<div class=\"gtx-trans-icon\"><\/div>\n<\/div>\n<\/div><\/section><\/div><div class=\"flex_column av_one_full  flex_column_div av-zero-column-padding first  avia-builder-el-4  el_after_av_one_full  el_before_av_hr  column-top-margin\" style='border-radius:0px; '><section class=\"av_textblock_section \"  itemscope=\"itemscope\" itemtype=\"https:\/\/schema.org\/BlogPosting\" itemprop=\"blogPost\" ><div class='avia_textblock  '   itemprop=\"text\" ><p style=\"text-align: justify;\">La medida comenzar\u00e1 a regir desde lunes 14 de junio y se extender\u00e1 hasta que las condiciones sanitarias mejoren en la comuna puerto, esto considerando que desde el inicio de la pandemia nunca se hab\u00edan presentado m\u00e1s de 250 casos activos lo que representa un n\u00famero superior al 10% de la poblaci\u00f3n del territorio. El alcalde de Ays\u00e9n, Luis Mart\u00ednez Gallardo, enfatiz\u00f3 que la casa edilicia continuar\u00e1 brindando todos sus servicios como lo ha realizado desde el inicio de la crisis sanitaria pero que en caso de necesitar atenci\u00f3n municipal la comunidad prefiera los canales telem\u00e1ticos para evitar generar nuevos focos de contagio.<\/p>\n<p style=\"text-align: justify;\">En esta materia, el alcalde Mart\u00ednez adem\u00e1s abord\u00f3 que, como es de p\u00fablico conocimiento, se han presentado casos positivos al interior del municipio debiendo proceder al cierre de algunas unidades, sin embargo, se han desplegado cuadrillas de emergencias en el caso de la Direcci\u00f3n de Aseo, Ornato y Medio Ambiente considerando las diferentes emergencias acaecidas por el frente de mal tiempo que afect\u00f3 a la comuna. Pero que, estas acciones forman parte de los protocolos trabajados el encargado de prevenci\u00f3n de riesgo y eso hace que se abran y cierren dependencias.<\/p>\n<p style=\"text-align: justify;\">\u201cLa municipalidad en DIDECO sigue atendiendo gente, en el municipio Tr\u00e1nsito, por supuesto que, con menos ritmo, porque estamos con turnos y un menor aforo. As\u00ed es que, el llamado a la gente a cuidarse, en el municipio se est\u00e1n tomando las medidas de seguridad para cada persona que concurre hasta sus dependencias, pero el ideal es que venga lo menos posible. Hoy d\u00eda tambi\u00e9n tenemos habilitados los tel\u00e9fonos de contacto. Por ello, el llamado es a la tranquilidad el virus, va a seguir acechando como dijimos siempre y vamos a tratar de tener el municipio funcionando, no vamos a parar completo a menos que tengamos un contagio mayor que esperamos que no sea caso\u201d, sentenci\u00f3 el lider comunal.<\/p>\n<p style=\"text-align: justify;\">En el caso de los tr\u00e1mites f\u00edsicos disponibles en la Direcci\u00f3n de Tr\u00e1nsito y Transporte P\u00fablico estos se reducen a los siguientes: Duplicados de licencias de conducir, duplicados del Permiso de Circulaci\u00f3n, Permisos de Circulaci\u00f3n para el Transporte P\u00fablico y primera inscripci\u00f3n de veh\u00edculo. Para el resto de materias de \u00edndole municipal, el principal llamado es a revisar los n\u00fameros de contacto publicados en el sitio web <a href=\"http:\/\/www.puertoaysen.cl\">www.puertoaysen.cl<\/a> .<\/p>\n<\/div><\/section><\/div><div  style='height:50px' class='hr hr-invisible   avia-builder-el-6  el_after_av_one_full  el_before_av_social_share '><span class='hr-inner ' ><span class='hr-inner-style'><\/span><\/span><\/div><\/p>\n<div  class='av-social-sharing-box  avia-builder-el-7  el_after_av_hr  el_before_av_hr  '><div class='av-share-box'><h5 class='av-share-link-description av-no-toc '>Compartir esta noticia<\/h5><ul class='av-share-box-list noLightbox'><li class='av-share-link av-social-link-facebook' ><a target=\"_blank\" aria-label=\"Compartir en Facebook\" href='https:\/\/www.facebook.com\/sharer.php?u=https:\/\/radiorevelacionfm.cl\/?p=5164&#038;t=Municipio%20de%20Ays%C3%A9n%20reduce%20temporalmente%20atenci%C3%B3n%20a%20p%C3%BAblico%20ante%20el%20aumento%20de%20casos%20covid-19%20en%20la%20comuna' aria-hidden='false' data-av_icon='\ue8f3' data-av_iconfont='entypo-fontello' title='' data-avia-related-tooltip='Compartir en Facebook' rel=\"noopener\"><span class='avia_hidden_link_text'>Compartir en Facebook<\/span><\/a><\/li><li class='av-share-link av-social-link-twitter' ><a target=\"_blank\" aria-label=\"Compartir en Twitter\" href='https:\/\/twitter.com\/share?text=Municipio%20de%20Ays%C3%A9n%20reduce%20temporalmente%20atenci%C3%B3n%20a%20p%C3%BAblico%20ante%20el%20aumento%20de%20casos%20covid-19%20en%20la%20comuna&#038;url=https:\/\/radiorevelacionfm.cl\/?p=5164' aria-hidden='false' data-av_icon='\ue8f1' data-av_iconfont='entypo-fontello' title='' data-avia-related-tooltip='Compartir en Twitter' rel=\"noopener\"><span class='avia_hidden_link_text'>Compartir en Twitter<\/span><\/a><\/li><li class='av-share-link av-social-link-whatsapp' ><a target=\"_blank\" aria-label=\"Compartir en Whatsapp\" href='https:\/\/api.whatsapp.com\/send?text=https:\/\/radiorevelacionfm.cl\/?p=5164' aria-hidden='false' data-av_icon='\uf232' data-av_iconfont='entypo-fontello' title='' data-avia-related-tooltip='Compartir en Whatsapp' rel=\"noopener\"><span class='avia_hidden_link_text'>Compartir en Whatsapp<\/span><\/a><\/li><li class='av-share-link av-social-link-linkedin' ><a target=\"_blank\" aria-label=\"Compartir en LinkedIn\" href='https:\/\/linkedin.com\/shareArticle?mini=true&#038;title=Municipio%20de%20Ays%C3%A9n%20reduce%20temporalmente%20atenci%C3%B3n%20a%20p%C3%BAblico%20ante%20el%20aumento%20de%20casos%20covid-19%20en%20la%20comuna&#038;url=https:\/\/radiorevelacionfm.cl\/?p=5164' aria-hidden='false' data-av_icon='\ue8fc' data-av_iconfont='entypo-fontello' title='' data-avia-related-tooltip='Compartir en LinkedIn' rel=\"noopener\"><span class='avia_hidden_link_text'>Compartir en LinkedIn<\/span><\/a><\/li><li class='av-share-link av-social-link-mail' ><a  aria-label=\"Compartir por correo\" href='mailto:?subject=Municipio%20de%20Ays%C3%A9n%20reduce%20temporalmente%20atenci%C3%B3n%20a%20p%C3%BAblico%20ante%20el%20aumento%20de%20casos%20covid-19%20en%20la%20comuna&#038;body=https:\/\/radiorevelacionfm.cl\/?p=5164' aria-hidden='false' data-av_icon='\ue805' data-av_iconfont='entypo-fontello' title='' data-avia-related-tooltip='Compartir por correo'><span class='avia_hidden_link_text'>Compartir por correo<\/span><\/a><\/li><\/ul><\/div><\/div>\n<div  style='height:50px' class='hr hr-invisible   avia-builder-el-8  el_after_av_social_share  el_before_av_comments_list '><span class='hr-inner ' ><span class='hr-inner-style'><\/span><\/span><\/div>\n<div  class='av-buildercomment  av-blog-meta-html-info-disabled av-blog-meta-tag-disabled  '><\/div>\n","protected":false},"excerpt":{"rendered":"","protected":false},"author":1,"featured_media":5165,"comment_status":"open","ping_status":"open","sticky":false,"template":"","format":"standard","meta":{"footnotes":""},"categories":[38],"tags":[],"class_list":["post-5164","post","type-post","status-publish","format-standard","has-post-thumbnail","hentry","category-regional"],"jetpack_featured_media_url":"https:\/\/radiorevelacionfm.cl\/wp-content\/uploads\/2021\/06\/aysen-contexto-muni1-1_optimized-1.png","_links":{"self":[{"href":"https:\/\/radiorevelacionfm.cl\/index.php?rest_route=\/wp\/v2\/posts\/5164","targetHints":{"allow":["GET"]}}],"collection":[{"href":"https:\/\/radiorevelacionfm.cl\/index.php?rest_route=\/wp\/v2\/posts"}],"about":[{"href":"https:\/\/radiorevelacionfm.cl\/index.php?rest_route=\/wp\/v2\/types\/post"}],"author":[{"embeddable":true,"href":"https:\/\/radiorevelacionfm.cl\/index.php?rest_route=\/wp\/v2\/users\/1"}],"replies":[{"embeddable":true,"href":"https:\/\/radiorevelacionfm.cl\/index.php?rest_route=%2Fwp%2Fv2%2Fcomments&post=5164"}],"version-history":[{"count":1,"href":"https:\/\/radiorevelacionfm.cl\/index.php?rest_route=\/wp\/v2\/posts\/5164\/revisions"}],"predecessor-version":[{"id":5166,"href":"https:\/\/radiorevelacionfm.cl\/index.php?rest_route=\/wp\/v2\/posts\/5164\/revisions\/5166"}],"wp:featuredmedia":[{"embeddable":true,"href":"https:\/\/radiorevelacionfm.cl\/index.php?rest_route=\/wp\/v2\/media\/5165"}],"wp:attachment":[{"href":"https:\/\/radiorevelacionfm.cl\/index.php?rest_route=%2Fwp%2Fv2%2Fmedia&parent=5164"}],"wp:term":[{"taxonomy":"category","embeddable":true,"href":"https:\/\/radiorevelacionfm.cl\/index.php?rest_route=%2Fwp%2Fv2%2Fcategories&post=5164"},{"taxonomy":"post_tag","embeddable":true,"href":"https:\/\/radiorevelacionfm.cl\/index.php?rest_route=%2Fwp%2Fv2%2Ftags&post=5164"}],"curies":[{"name":"wp","href":"https:\/\/api.w.org\/{rel}","templated":true}]}}