{"id":51637,"date":"2025-03-20T17:36:16","date_gmt":"2025-03-20T20:36:16","guid":{"rendered":"https:\/\/radiorevelacionfm.cl\/?p=51637"},"modified":"2025-03-20T17:36:16","modified_gmt":"2025-03-20T20:36:16","slug":"vecino-as-y-dirigentes-de-aysen-se-reunen-en-puerto-aguirre-para-coordinar-acciones-frente-a-conflictos-socioambientales","status":"publish","type":"post","link":"https:\/\/radiorevelacionfm.cl\/?p=51637","title":{"rendered":"Vecino\/as y dirigentes de Ays\u00e9n se re\u00fanen en Puerto Aguirre para coordinar acciones frente a conflictos socioambientales"},"content":{"rendered":"<div class=\"flex_column av_one_full  flex_column_div av-zero-column-padding first  avia-builder-el-0  el_before_av_one_full  avia-builder-el-first  \" style='border-radius:0px; '><div  class='avia-image-container  av-styling-    avia-builder-el-1  avia-builder-el-no-sibling  avia-align-center '  itemprop=\"image\" itemscope=\"itemscope\" itemtype=\"https:\/\/schema.org\/ImageObject\"  ><div class='avia-image-container-inner'><div class='avia-image-overlay-wrap'><img decoding=\"async\" class='wp-image-51638 avia-img-lazy-loading-not-51638 avia_image' src=\"https:\/\/radiorevelacionfm.cl\/wp-content\/uploads\/2025\/03\/encuentro-huichas-img_7087-1_optimized-1.jpg\" alt='' title='encuentro-huichas-img_7087-(1)_optimized (1)' height=\"600\" width=\"800\"  itemprop=\"thumbnailUrl\" srcset=\"https:\/\/radiorevelacionfm.cl\/wp-content\/uploads\/2025\/03\/encuentro-huichas-img_7087-1_optimized-1.jpg 800w, https:\/\/radiorevelacionfm.cl\/wp-content\/uploads\/2025\/03\/encuentro-huichas-img_7087-1_optimized-1-300x225.jpg 300w, https:\/\/radiorevelacionfm.cl\/wp-content\/uploads\/2025\/03\/encuentro-huichas-img_7087-1_optimized-1-768x576.jpg 768w, https:\/\/radiorevelacionfm.cl\/wp-content\/uploads\/2025\/03\/encuentro-huichas-img_7087-1_optimized-1-705x529.jpg 705w, https:\/\/radiorevelacionfm.cl\/wp-content\/uploads\/2025\/03\/encuentro-huichas-img_7087-1_optimized-1-450x338.jpg 450w, https:\/\/radiorevelacionfm.cl\/wp-content\/uploads\/2025\/03\/encuentro-huichas-img_7087-1_optimized-1-600x450.jpg 600w\" sizes=\"(max-width: 800px) 100vw, 800px\" \/><\/div><\/div><\/div><\/div><div class=\"flex_column av_one_full  flex_column_div av-zero-column-padding first  avia-builder-el-2  el_after_av_one_full  el_before_av_one_full  column-top-margin\" style='border-radius:0px; '><section class=\"av_textblock_section \"  itemscope=\"itemscope\" itemtype=\"https:\/\/schema.org\/BlogPosting\" itemprop=\"blogPost\" ><div class='avia_textblock  '   itemprop=\"text\" ><p style=\"text-align: center;\"><strong><span style=\"font-size: 18pt;\">Vecino\/as y dirigentes de Ays\u00e9n se re\u00fanen en Puerto Aguirre para coordinar acciones frente a conflictos socioambientales<\/span><\/strong><\/p>\n<div id=\"gtx-trans\" style=\"position: absolute; left: -50px; top: 4.31534px;\">\n<div class=\"gtx-trans-icon\"><\/div>\n<\/div>\n<\/div><\/section><\/div><div class=\"flex_column av_one_full  flex_column_div av-zero-column-padding first  avia-builder-el-4  el_after_av_one_full  el_before_av_hr  column-top-margin\" style='border-radius:0px; '><section class=\"av_textblock_section \"  itemscope=\"itemscope\" itemtype=\"https:\/\/schema.org\/BlogPosting\" itemprop=\"blogPost\" ><div class='avia_textblock  '   itemprop=\"text\" ><p dir=\"ltr\" style=\"text-align: justify;\"><em>Hasta el litoral se traslad\u00f3 una treintena de dirigentes de organizaciones de distintas comunas de la regi\u00f3n, con el fin de conocer en terreno la realidad de la salmonicultura y visibilizar la situaci\u00f3n que viven vecinos y vecinas de la isla.<\/em><\/p>\n<p dir=\"ltr\" style=\"text-align: justify;\">Entre el viernes 14 y el domingo 16 de marzo se realiz\u00f3 el segundo encuentro de articulaci\u00f3n socioambiental regional \u00abIslas Huichas Maritorio y Territorio en Armon\u00eda: Impulsando Acciones Colectivas frente al Extractivismo y la Crisis Clim\u00e1tica\u00bb.\u00a0 La primera versi\u00f3n se desarroll\u00f3 en la sede de la Universidad de Ays\u00e9n en Coyhaique en agosto de 2024, en su momento con foco en aportar al proceso de elaboraci\u00f3n del Plan de Acci\u00f3n Regional de Cambio Clim\u00e1tico (PARCC) y los futuros Planes de Acci\u00f3n Comunal de Cambio Clim\u00e1tico (PACCC).<\/p>\n<p dir=\"ltr\" style=\"text-align: justify;\">Estas jornadas fueron organizadas por la Red de Protecci\u00f3n y Defensa del Territorio Patagonia, la Corporaci\u00f3n Privada para el Desarrollo de Ays\u00e9n, la Fundaci\u00f3n AyCiencia, el Movimiento de Afectados por Represas (MAR) y las comunidades ind\u00edgenas Antunen Rain y Fotun Mapu, adem\u00e1s de la Fundaci\u00f3n Costera Patagonia de Islas Huichas. Junto a ellos, Rebeldes Australes de Coyhaique y la Biblioteca Popular Trinchera Utop\u00eda.<\/p>\n<p dir=\"ltr\" style=\"text-align: justify;\">El trabajo del encuentro estuvo centrado en fortalecer la organizaci\u00f3n territorial, buscando potenciar colectivamente la defensa y el cuidado de las comunidades y ecosistemas frente a los conflictos socioambientales de la regi\u00f3n de Ays\u00e9n.<\/p>\n<p dir=\"ltr\" style=\"text-align: justify;\">La actividad comenz\u00f3 el viernes con la revisi\u00f3n de los avances generados en la primera reuni\u00f3n, con m\u00e1s de 100 observaciones presentadas al PARCC. En la ocasi\u00f3n, dirigentes locales expusieron la problem\u00e1tica relacionada con los impactos de la salmonicultura tanto en t\u00e9rminos sociales y econ\u00f3micos como ecol\u00f3gicos, mientras que desde Ma\u00f1ihuales se inform\u00f3 sobre el desastre ambiental generado por las faenas de El Toqui al contaminar suelo y r\u00edos de la zona, incluidos sus habitantes y ganader\u00eda.<\/p>\n<p dir=\"ltr\" style=\"text-align: justify;\">Durante el s\u00e1bado se realiz\u00f3 una navegaci\u00f3n a una de las playas aleda\u00f1as, en el \u00e1rea de pen\u00ednsula Elisa, la cual est\u00e1 altamente afectada por la contaminaci\u00f3n de la industria salmonera: pl\u00e1sticos, cabos, etiquetas de alimentos, restos de pontones, boyas y plumavit son parte del legado que en esa lejana zona del litoral se va acumulando paulatinamente. En el trayecto se recorrieron las cercan\u00edas del centro salmonero \u00abFerronave\u00bb de Blumar, en Punta Quintana.\u00a0 Adem\u00e1s, se visit\u00f3 un recientemente descubierto sitio arqueol\u00f3gico en la isla y se conoci\u00f3 el trabajo desarrollado para visibilizar el Museo Comunitario que se est\u00e1 levantando en Caleta Andrade.<\/p>\n<p dir=\"ltr\" style=\"text-align: justify;\">Ya el domingo, se realiz\u00f3 la asamblea general en la Escuela Pedro Aguirre Cerda, definiendo estrategias de incidencia y articulaci\u00f3n para enfrentar el avance de la miner\u00eda, la salmonicultura y proyectos energ\u00e9ticos que afectan \u00e1reas bajo protecci\u00f3n oficial. Finalmente, durante la jornada de la tarde, se desarrollaron acciones culturales, de educaci\u00f3n ambiental y de difusi\u00f3n sobre distintos aspectos socioambientales. Entre \u00e9stas, la presentaci\u00f3n del cantautor V\u00edctor Flavio Vargas, los cuentos de Trinchera Utop\u00eda, actividades para los ni\u00f1os y ni\u00f1as participantes, y la exhibici\u00f3n de la galardonada pel\u00edcula \u00abAmanda\u00bb, que fuera filmada en Puerto Aguirre con la participaci\u00f3n de vecinos y vecinas de la localidad, y donde se muestra el impacto de la salmonicultura en el territorio y maritorio.<\/p>\n<p dir=\"ltr\" style=\"text-align: justify;\">Esto se complement\u00f3 con exposiciones sobre la din\u00e1mica de los fiordos australes y los 30 a\u00f1os de actividades de la industria salmonera en Ays\u00e9n, relevando las particularidades del archipi\u00e9lago y su fragilidad ecosist\u00e9mica as\u00ed como las incongruencias del modelo econ\u00f3mico impulsado por el estado salmonero (minero y forestal) chileno, y las pr\u00e1cticas industriales que asolan el territorio a nivel comunitario, alimentario y ecol\u00f3gico.<\/p>\n<p dir=\"ltr\" style=\"text-align: justify;\">Desde la organizaci\u00f3n adelantaron que se proyecta un Tercer Encuentro Regional durante el segundo semestre de este a\u00f1o.<\/p>\n<\/div><\/section><\/div><div  style='height:50px' class='hr hr-invisible   avia-builder-el-6  el_after_av_one_full  el_before_av_social_share '><span class='hr-inner ' ><span class='hr-inner-style'><\/span><\/span><\/div><\/p>\n<div  class='av-social-sharing-box  avia-builder-el-7  el_after_av_hr  el_before_av_hr  '><div class='av-share-box'><h5 class='av-share-link-description av-no-toc '>Compartir esta noticia<\/h5><ul class='av-share-box-list noLightbox'><li class='av-share-link av-social-link-facebook' ><a target=\"_blank\" aria-label=\"Compartir en Facebook\" href='https:\/\/www.facebook.com\/sharer.php?u=https:\/\/radiorevelacionfm.cl\/?p=51637&#038;t=Vecino%2Fas%20y%20dirigentes%20de%20Ays%C3%A9n%20se%20re%C3%BAnen%20en%20Puerto%20Aguirre%20para%20coordinar%20acciones%20frente%20a%20conflictos%20socioambientales' aria-hidden='false' data-av_icon='\ue8f3' data-av_iconfont='entypo-fontello' title='' data-avia-related-tooltip='Compartir en Facebook' rel=\"noopener\"><span class='avia_hidden_link_text'>Compartir en Facebook<\/span><\/a><\/li><li class='av-share-link av-social-link-twitter' ><a target=\"_blank\" aria-label=\"Compartir en Twitter\" href='https:\/\/twitter.com\/share?text=Vecino%2Fas%20y%20dirigentes%20de%20Ays%C3%A9n%20se%20re%C3%BAnen%20en%20Puerto%20Aguirre%20para%20coordinar%20acciones%20frente%20a%20conflictos%20socioambientales&#038;url=https:\/\/radiorevelacionfm.cl\/?p=51637' aria-hidden='false' data-av_icon='\ue8f1' data-av_iconfont='entypo-fontello' title='' data-avia-related-tooltip='Compartir en Twitter' rel=\"noopener\"><span class='avia_hidden_link_text'>Compartir en Twitter<\/span><\/a><\/li><li class='av-share-link av-social-link-whatsapp' ><a target=\"_blank\" aria-label=\"Compartir en Whatsapp\" href='https:\/\/api.whatsapp.com\/send?text=https:\/\/radiorevelacionfm.cl\/?p=51637' aria-hidden='false' data-av_icon='\uf232' data-av_iconfont='entypo-fontello' title='' data-avia-related-tooltip='Compartir en Whatsapp' rel=\"noopener\"><span class='avia_hidden_link_text'>Compartir en Whatsapp<\/span><\/a><\/li><li class='av-share-link av-social-link-linkedin' ><a target=\"_blank\" aria-label=\"Compartir en LinkedIn\" href='https:\/\/linkedin.com\/shareArticle?mini=true&#038;title=Vecino%2Fas%20y%20dirigentes%20de%20Ays%C3%A9n%20se%20re%C3%BAnen%20en%20Puerto%20Aguirre%20para%20coordinar%20acciones%20frente%20a%20conflictos%20socioambientales&#038;url=https:\/\/radiorevelacionfm.cl\/?p=51637' aria-hidden='false' data-av_icon='\ue8fc' data-av_iconfont='entypo-fontello' title='' data-avia-related-tooltip='Compartir en LinkedIn' rel=\"noopener\"><span class='avia_hidden_link_text'>Compartir en LinkedIn<\/span><\/a><\/li><li class='av-share-link av-social-link-mail' ><a  aria-label=\"Compartir por correo\" href='mailto:?subject=Vecino%2Fas%20y%20dirigentes%20de%20Ays%C3%A9n%20se%20re%C3%BAnen%20en%20Puerto%20Aguirre%20para%20coordinar%20acciones%20frente%20a%20conflictos%20socioambientales&#038;body=https:\/\/radiorevelacionfm.cl\/?p=51637' aria-hidden='false' data-av_icon='\ue805' data-av_iconfont='entypo-fontello' title='' data-avia-related-tooltip='Compartir por correo'><span class='avia_hidden_link_text'>Compartir por correo<\/span><\/a><\/li><\/ul><\/div><\/div>\n<div  style='height:50px' class='hr hr-invisible   avia-builder-el-8  el_after_av_social_share  el_before_av_comments_list '><span class='hr-inner ' ><span class='hr-inner-style'><\/span><\/span><\/div>\n<div  class='av-buildercomment  av-blog-meta-html-info-disabled av-blog-meta-tag-disabled  '><\/div>\n","protected":false},"excerpt":{"rendered":"","protected":false},"author":1,"featured_media":51638,"comment_status":"open","ping_status":"open","sticky":false,"template":"","format":"standard","meta":{"footnotes":""},"categories":[38],"tags":[],"class_list":["post-51637","post","type-post","status-publish","format-standard","has-post-thumbnail","hentry","category-regional"],"jetpack_featured_media_url":"https:\/\/radiorevelacionfm.cl\/wp-content\/uploads\/2025\/03\/encuentro-huichas-img_7087-1_optimized-1.jpg","_links":{"self":[{"href":"https:\/\/radiorevelacionfm.cl\/index.php?rest_route=\/wp\/v2\/posts\/51637","targetHints":{"allow":["GET"]}}],"collection":[{"href":"https:\/\/radiorevelacionfm.cl\/index.php?rest_route=\/wp\/v2\/posts"}],"about":[{"href":"https:\/\/radiorevelacionfm.cl\/index.php?rest_route=\/wp\/v2\/types\/post"}],"author":[{"embeddable":true,"href":"https:\/\/radiorevelacionfm.cl\/index.php?rest_route=\/wp\/v2\/users\/1"}],"replies":[{"embeddable":true,"href":"https:\/\/radiorevelacionfm.cl\/index.php?rest_route=%2Fwp%2Fv2%2Fcomments&post=51637"}],"version-history":[{"count":1,"href":"https:\/\/radiorevelacionfm.cl\/index.php?rest_route=\/wp\/v2\/posts\/51637\/revisions"}],"predecessor-version":[{"id":51639,"href":"https:\/\/radiorevelacionfm.cl\/index.php?rest_route=\/wp\/v2\/posts\/51637\/revisions\/51639"}],"wp:featuredmedia":[{"embeddable":true,"href":"https:\/\/radiorevelacionfm.cl\/index.php?rest_route=\/wp\/v2\/media\/51638"}],"wp:attachment":[{"href":"https:\/\/radiorevelacionfm.cl\/index.php?rest_route=%2Fwp%2Fv2%2Fmedia&parent=51637"}],"wp:term":[{"taxonomy":"category","embeddable":true,"href":"https:\/\/radiorevelacionfm.cl\/index.php?rest_route=%2Fwp%2Fv2%2Fcategories&post=51637"},{"taxonomy":"post_tag","embeddable":true,"href":"https:\/\/radiorevelacionfm.cl\/index.php?rest_route=%2Fwp%2Fv2%2Ftags&post=51637"}],"curies":[{"name":"wp","href":"https:\/\/api.w.org\/{rel}","templated":true}]}}