{"id":51634,"date":"2025-03-20T15:39:45","date_gmt":"2025-03-20T18:39:45","guid":{"rendered":"https:\/\/radiorevelacionfm.cl\/?p=51634"},"modified":"2025-03-20T15:39:45","modified_gmt":"2025-03-20T18:39:45","slug":"abiertas-postulaciones-al-capital-semilla-emprende-de-sercotec","status":"publish","type":"post","link":"https:\/\/radiorevelacionfm.cl\/?p=51634","title":{"rendered":"Abiertas postulaciones al \u201cCapital Semilla Emprende\u201d de Sercotec"},"content":{"rendered":"<div class=\"flex_column av_one_full  flex_column_div av-zero-column-padding first  avia-builder-el-0  el_before_av_one_full  avia-builder-el-first  \" style='border-radius:0px; '><div  class='avia-image-container  av-styling-    avia-builder-el-1  avia-builder-el-no-sibling  avia-align-center '  itemprop=\"image\" itemscope=\"itemscope\" itemtype=\"https:\/\/schema.org\/ImageObject\"  ><div class='avia-image-container-inner'><div class='avia-image-overlay-wrap'><img decoding=\"async\" class='wp-image-51635 avia-img-lazy-loading-not-51635 avia_image' src=\"https:\/\/radiorevelacionfm.cl\/wp-content\/uploads\/2025\/03\/IMG_3331-1-1.jpg\" alt='' title='IMG_3331 (1) (1)' height=\"672\" width=\"800\"  itemprop=\"thumbnailUrl\" srcset=\"https:\/\/radiorevelacionfm.cl\/wp-content\/uploads\/2025\/03\/IMG_3331-1-1.jpg 800w, https:\/\/radiorevelacionfm.cl\/wp-content\/uploads\/2025\/03\/IMG_3331-1-1-300x252.jpg 300w, https:\/\/radiorevelacionfm.cl\/wp-content\/uploads\/2025\/03\/IMG_3331-1-1-768x645.jpg 768w, https:\/\/radiorevelacionfm.cl\/wp-content\/uploads\/2025\/03\/IMG_3331-1-1-705x592.jpg 705w, https:\/\/radiorevelacionfm.cl\/wp-content\/uploads\/2025\/03\/IMG_3331-1-1-450x378.jpg 450w, https:\/\/radiorevelacionfm.cl\/wp-content\/uploads\/2025\/03\/IMG_3331-1-1-600x504.jpg 600w\" sizes=\"(max-width: 800px) 100vw, 800px\" \/><\/div><\/div><\/div><\/div><div class=\"flex_column av_one_full  flex_column_div av-zero-column-padding first  avia-builder-el-2  el_after_av_one_full  el_before_av_one_full  column-top-margin\" style='border-radius:0px; '><section class=\"av_textblock_section \"  itemscope=\"itemscope\" itemtype=\"https:\/\/schema.org\/BlogPosting\" itemprop=\"blogPost\" ><div class='avia_textblock  '   itemprop=\"text\" ><p style=\"text-align: center;\"><strong><span style=\"font-size: 18pt;\">Abiertas postulaciones al \u201cCapital Semilla Emprende\u201d de Sercotec<\/span><\/strong><\/p>\n<div id=\"gtx-trans\" style=\"position: absolute; left: -50px; top: 4.31534px;\">\n<div class=\"gtx-trans-icon\"><\/div>\n<\/div>\n<\/div><\/section><\/div><div class=\"flex_column av_one_full  flex_column_div av-zero-column-padding first  avia-builder-el-4  el_after_av_one_full  el_before_av_hr  column-top-margin\" style='border-radius:0px; '><section class=\"av_textblock_section \"  itemscope=\"itemscope\" itemtype=\"https:\/\/schema.org\/BlogPosting\" itemprop=\"blogPost\" ><div class='avia_textblock  '   itemprop=\"text\" ><p style=\"text-align: justify;\"><em>Hasta el 1 de abril se puede postular al \u201cCapital Semilla Emprende\u201d, iniciativa que otorga subsidios y acompa\u00f1amiento para llevar a cabo una idea de negocio de manera formal, con capacidad de crecimiento y permanencia en el tiempo.<\/em><\/p>\n<p style=\"text-align: justify;\">Para fomentar el desarrollo de las micro y peque\u00f1as empresas formales en Chile, Sercotec anunci\u00f3 la apertura de su programa <em>Capital Semilla Emprende<\/em>, fondo concursable que apoya a que emprendedores y emprendedoras puedan concretar sus ideas de negocio. La iniciativa otorga subsidios de $3.500.000 para la creaci\u00f3n de pymes formalizadas, contando para ello con acompa\u00f1amiento para la implementaci\u00f3n de los proyectos empresariales y orientaci\u00f3n en el proceso ante el Servicio de Impuestos Internos.<\/p>\n<p style=\"text-align: justify;\">As\u00ed fue el caso de Susana Alarc\u00f3n, fundadora de Borde R\u00edo Coyhaique, quien con el subsidio obtenido en 2024, logr\u00f3 transformar su proyecto tur\u00edstico en una apuesta m\u00e1s robusta y con mejores instalaciones, lo que en esta temporada tur\u00edstica le proporcion\u00f3 una alta tasa de ocupaci\u00f3n de pasajeros: <em>\u201cnosotros tenemos caba\u00f1as y tinajas y esto naci\u00f3 a partir de la necesidad de generar m\u00e1s recursos porque ten\u00edamos hijos estudiando. Entonces, visualizamos que el lugar donde viv\u00edamos pod\u00eda generar turismo. El problema era que no pod\u00edamos llevarlo a cabo, por falta de recursos. Finalmente, fui beneficiaria de Capital Semilla y esto me ayud\u00f3 bastante para materializar lo que me faltaba para ofrecer un servicio de calidad y que mis hu\u00e9spedes se fueran contentos despu\u00e9s de la estad\u00eda ac\u00e1\u201d.<\/em><\/p>\n<p style=\"text-align: justify;\">La gerenta general de Sercotec, Mar\u00eda Jos\u00e9 Becerra Moro, destac\u00f3 que <em>\u00abeste es uno de los programas m\u00e1s importantes que toma a los emprendedores y emprendedoras y los lleva a convertirse en empresarios y empresarias, quienes no solamente logran formalizar sus negocios, sino que tambi\u00e9n logran encadenarse productivamente y llegar a espacios relevantes para su crecimiento. Nuestro objetivo es prestarles una asesor\u00eda experta, apoy\u00e1ndolos para la formalizaci\u00f3n y la creaci\u00f3n de sus empresas, ofreciendo capacitaci\u00f3n en gesti\u00f3n empresarial junto con inversi\u00f3n en activos fijos, infraestructura y marketing, con un financiamiento que alcanza los $3,5 millones por beneficiario. De esta manera con Capital Semilla estamos sembrando oportunidades para fortalecer el ecosistema productivo de nuestras regiones y del pa\u00eds\u00bb.<\/em><\/p>\n<p style=\"text-align: justify;\">El Seremi de Econom\u00eda, Fomento y Turismo; Felipe Rojas Pizarro, relev\u00f3 la importancia de contribuir a la formalizaci\u00f3n de las pymes y el aporte que brindan iniciativas como Capital Semilla para este prop\u00f3sito, instando a participar en este proceso 2025: \u201cinvitamos a todas y todos los emprendedores que tienen una idea de negocio,\u00a0 vinculada al turismo, la Pesca o de distintos sectores, que puedan materializar esa idea de negocio y postular al capital semilla emprende, hasta el 1 de abril\u201d.<\/p>\n<p style=\"text-align: justify;\">El financiamiento va dirigido principalmente a inversiones, como la compra de activos, la habilitaci\u00f3n de infraestructura y gastos en capital de trabajo. Sin embargo, tambi\u00e9n los proyectos a postular deben considerar que parte del subsidio se destine a acciones de gesti\u00f3n empresarial para el desarrollo de competencias y capacidades, como asistencia t\u00e9cnica, capacitaci\u00f3n, marketing y gastos de formalizaci\u00f3n.<\/p>\n<p style=\"text-align: justify;\">Por su parte la directora regional de Sercotec Ays\u00e9n, Nelly Vargas Mansilla, realiz\u00f3 un amplio llamado a formar parte de esta convocatoria en nuestra regi\u00f3n: \u201cinvitamos a todas y todas informarse de las bases del concurso en <a href=\"http:\/\/www.sercotec.cl\">www.sercotec.cl<\/a> ya que este es un subsidio que entrega $3.500.000 con un co-aporte del 3% para implementar un plan de trabajo en distintas acciones, ya sea en gesti\u00f3n empresarial o inversiones\u201d.<\/p>\n<p style=\"text-align: justify;\">Al programa pueden postular personas mayores de edad que no tengan inicio de actividades en primera categor\u00eda ante el Servicio de Impuestos Internos, que cuenten con un proyecto de negocio y que requieran financiamiento para poder concretarlo. Entre los requisitos se considera que el o la postulante no puede tener deudas laborales, previsionales ni tributarias, y no debe figurar en el Registro Nacional de Deudores de Pensiones de Alimentos, entre otros.<\/p>\n<p style=\"text-align: justify;\">Las personas interesadas pueden postular a trav\u00e9s del sitio www.sercotec.cl, donde encontrar\u00e1n las bases con toda la informaci\u00f3n sobre requisitos y documentaci\u00f3n necesaria. Las postulaciones estar\u00e1n abiertas hasta el martes 1 de abril a las 15:00 horas.<\/p>\n<\/div><\/section><\/div><div  style='height:50px' class='hr hr-invisible   avia-builder-el-6  el_after_av_one_full  el_before_av_social_share '><span class='hr-inner ' ><span class='hr-inner-style'><\/span><\/span><\/div><\/p>\n<div  class='av-social-sharing-box  avia-builder-el-7  el_after_av_hr  el_before_av_hr  '><div class='av-share-box'><h5 class='av-share-link-description av-no-toc '>Compartir esta noticia<\/h5><ul class='av-share-box-list noLightbox'><li class='av-share-link av-social-link-facebook' ><a target=\"_blank\" aria-label=\"Compartir en Facebook\" href='https:\/\/www.facebook.com\/sharer.php?u=https:\/\/radiorevelacionfm.cl\/?p=51634&#038;t=Abiertas%20postulaciones%20al%20%E2%80%9CCapital%20Semilla%20Emprende%E2%80%9D%20de%20Sercotec' aria-hidden='false' data-av_icon='\ue8f3' data-av_iconfont='entypo-fontello' title='' data-avia-related-tooltip='Compartir en Facebook' rel=\"noopener\"><span class='avia_hidden_link_text'>Compartir en Facebook<\/span><\/a><\/li><li class='av-share-link av-social-link-twitter' ><a target=\"_blank\" aria-label=\"Compartir en Twitter\" href='https:\/\/twitter.com\/share?text=Abiertas%20postulaciones%20al%20%E2%80%9CCapital%20Semilla%20Emprende%E2%80%9D%20de%20Sercotec&#038;url=https:\/\/radiorevelacionfm.cl\/?p=51634' aria-hidden='false' data-av_icon='\ue8f1' data-av_iconfont='entypo-fontello' title='' data-avia-related-tooltip='Compartir en Twitter' rel=\"noopener\"><span class='avia_hidden_link_text'>Compartir en Twitter<\/span><\/a><\/li><li class='av-share-link av-social-link-whatsapp' ><a target=\"_blank\" aria-label=\"Compartir en Whatsapp\" href='https:\/\/api.whatsapp.com\/send?text=https:\/\/radiorevelacionfm.cl\/?p=51634' aria-hidden='false' data-av_icon='\uf232' data-av_iconfont='entypo-fontello' title='' data-avia-related-tooltip='Compartir en Whatsapp' rel=\"noopener\"><span class='avia_hidden_link_text'>Compartir en Whatsapp<\/span><\/a><\/li><li class='av-share-link av-social-link-linkedin' ><a target=\"_blank\" aria-label=\"Compartir en LinkedIn\" href='https:\/\/linkedin.com\/shareArticle?mini=true&#038;title=Abiertas%20postulaciones%20al%20%E2%80%9CCapital%20Semilla%20Emprende%E2%80%9D%20de%20Sercotec&#038;url=https:\/\/radiorevelacionfm.cl\/?p=51634' aria-hidden='false' data-av_icon='\ue8fc' data-av_iconfont='entypo-fontello' title='' data-avia-related-tooltip='Compartir en LinkedIn' rel=\"noopener\"><span class='avia_hidden_link_text'>Compartir en LinkedIn<\/span><\/a><\/li><li class='av-share-link av-social-link-mail' ><a  aria-label=\"Compartir por correo\" href='mailto:?subject=Abiertas%20postulaciones%20al%20%E2%80%9CCapital%20Semilla%20Emprende%E2%80%9D%20de%20Sercotec&#038;body=https:\/\/radiorevelacionfm.cl\/?p=51634' aria-hidden='false' data-av_icon='\ue805' data-av_iconfont='entypo-fontello' title='' data-avia-related-tooltip='Compartir por correo'><span class='avia_hidden_link_text'>Compartir por correo<\/span><\/a><\/li><\/ul><\/div><\/div>\n<div  style='height:50px' class='hr hr-invisible   avia-builder-el-8  el_after_av_social_share  el_before_av_comments_list '><span class='hr-inner ' ><span class='hr-inner-style'><\/span><\/span><\/div>\n<div  class='av-buildercomment  av-blog-meta-html-info-disabled av-blog-meta-tag-disabled  '><\/div>\n","protected":false},"excerpt":{"rendered":"","protected":false},"author":1,"featured_media":51635,"comment_status":"open","ping_status":"open","sticky":false,"template":"","format":"standard","meta":{"footnotes":""},"categories":[38],"tags":[],"class_list":["post-51634","post","type-post","status-publish","format-standard","has-post-thumbnail","hentry","category-regional"],"jetpack_featured_media_url":"https:\/\/radiorevelacionfm.cl\/wp-content\/uploads\/2025\/03\/IMG_3331-1-1.jpg","_links":{"self":[{"href":"https:\/\/radiorevelacionfm.cl\/index.php?rest_route=\/wp\/v2\/posts\/51634","targetHints":{"allow":["GET"]}}],"collection":[{"href":"https:\/\/radiorevelacionfm.cl\/index.php?rest_route=\/wp\/v2\/posts"}],"about":[{"href":"https:\/\/radiorevelacionfm.cl\/index.php?rest_route=\/wp\/v2\/types\/post"}],"author":[{"embeddable":true,"href":"https:\/\/radiorevelacionfm.cl\/index.php?rest_route=\/wp\/v2\/users\/1"}],"replies":[{"embeddable":true,"href":"https:\/\/radiorevelacionfm.cl\/index.php?rest_route=%2Fwp%2Fv2%2Fcomments&post=51634"}],"version-history":[{"count":1,"href":"https:\/\/radiorevelacionfm.cl\/index.php?rest_route=\/wp\/v2\/posts\/51634\/revisions"}],"predecessor-version":[{"id":51636,"href":"https:\/\/radiorevelacionfm.cl\/index.php?rest_route=\/wp\/v2\/posts\/51634\/revisions\/51636"}],"wp:featuredmedia":[{"embeddable":true,"href":"https:\/\/radiorevelacionfm.cl\/index.php?rest_route=\/wp\/v2\/media\/51635"}],"wp:attachment":[{"href":"https:\/\/radiorevelacionfm.cl\/index.php?rest_route=%2Fwp%2Fv2%2Fmedia&parent=51634"}],"wp:term":[{"taxonomy":"category","embeddable":true,"href":"https:\/\/radiorevelacionfm.cl\/index.php?rest_route=%2Fwp%2Fv2%2Fcategories&post=51634"},{"taxonomy":"post_tag","embeddable":true,"href":"https:\/\/radiorevelacionfm.cl\/index.php?rest_route=%2Fwp%2Fv2%2Ftags&post=51634"}],"curies":[{"name":"wp","href":"https:\/\/api.w.org\/{rel}","templated":true}]}}