{"id":51631,"date":"2025-03-20T12:25:09","date_gmt":"2025-03-20T15:25:09","guid":{"rendered":"https:\/\/radiorevelacionfm.cl\/?p=51631"},"modified":"2025-03-20T12:25:09","modified_gmt":"2025-03-20T15:25:09","slug":"57-familias-de-puerto-aysen-cumpliran-el-sueno-de-la-casa-propia","status":"publish","type":"post","link":"https:\/\/radiorevelacionfm.cl\/?p=51631","title":{"rendered":"57 familias de Puerto Ays\u00e9n cumplir\u00e1n el sue\u00f1o de la casa propia"},"content":{"rendered":"<div class=\"flex_column av_one_full  flex_column_div av-zero-column-padding first  avia-builder-el-0  el_before_av_one_full  avia-builder-el-first  \" style='border-radius:0px; '><div  class='avia-image-container  av-styling-    avia-builder-el-1  avia-builder-el-no-sibling  avia-align-center '  itemprop=\"image\" itemscope=\"itemscope\" itemtype=\"https:\/\/schema.org\/ImageObject\"  ><div class='avia-image-container-inner'><div class='avia-image-overlay-wrap'><img decoding=\"async\" class='wp-image-51632 avia-img-lazy-loading-not-51632 avia_image' src=\"https:\/\/radiorevelacionfm.cl\/wp-content\/uploads\/2025\/03\/foto-15-1_optimized.jpeg\" alt='' title='foto-(15)-(1)_optimized' height=\"600\" width=\"800\"  itemprop=\"thumbnailUrl\" srcset=\"https:\/\/radiorevelacionfm.cl\/wp-content\/uploads\/2025\/03\/foto-15-1_optimized.jpeg 800w, https:\/\/radiorevelacionfm.cl\/wp-content\/uploads\/2025\/03\/foto-15-1_optimized-300x225.jpeg 300w, https:\/\/radiorevelacionfm.cl\/wp-content\/uploads\/2025\/03\/foto-15-1_optimized-768x576.jpeg 768w, https:\/\/radiorevelacionfm.cl\/wp-content\/uploads\/2025\/03\/foto-15-1_optimized-705x529.jpeg 705w, https:\/\/radiorevelacionfm.cl\/wp-content\/uploads\/2025\/03\/foto-15-1_optimized-450x338.jpeg 450w, https:\/\/radiorevelacionfm.cl\/wp-content\/uploads\/2025\/03\/foto-15-1_optimized-600x450.jpeg 600w\" sizes=\"(max-width: 800px) 100vw, 800px\" \/><\/div><\/div><\/div><\/div><div class=\"flex_column av_one_full  flex_column_div av-zero-column-padding first  avia-builder-el-2  el_after_av_one_full  el_before_av_one_full  column-top-margin\" style='border-radius:0px; '><section class=\"av_textblock_section \"  itemscope=\"itemscope\" itemtype=\"https:\/\/schema.org\/BlogPosting\" itemprop=\"blogPost\" ><div class='avia_textblock  '   itemprop=\"text\" ><p style=\"text-align: center;\"><span style=\"font-size: 18pt;\"><strong>57 familias de Puerto Ays\u00e9n cumplir<\/strong><strong>\u00e1<\/strong><strong>n el sue\u00f1o de la casa propia<\/strong><\/span><\/p>\n<div id=\"gtx-trans\" style=\"position: absolute; left: -50px; top: 4.31534px;\">\n<div class=\"gtx-trans-icon\"><\/div>\n<\/div>\n<\/div><\/section><\/div><div class=\"flex_column av_one_full  flex_column_div av-zero-column-padding first  avia-builder-el-4  el_after_av_one_full  el_before_av_hr  column-top-margin\" style='border-radius:0px; '><section class=\"av_textblock_section \"  itemscope=\"itemscope\" itemtype=\"https:\/\/schema.org\/BlogPosting\" itemprop=\"blogPost\" ><div class='avia_textblock  '   itemprop=\"text\" ><p style=\"text-align: justify;\">Con la firma del acta que traspasa el terreno a la empresa constructora L y D, se marca el inicio oficial de las obras que levantar\u00e1n 57 viviendas en la ciudad de Puerto Ays\u00e9n, gracias al trabajo conjunto del Comit\u00e9 de Vivienda Amuyen 3, la Entidad Patrocinante Dalco y la delegaci\u00f3n del Servicio de Vivienda y Urbanismo en Puerto Ays\u00e9n.<\/p>\n<p style=\"text-align: justify;\">La presidenta del Comit\u00e9 de Vivienda Amuyen 3, Ximena Santana, dijo que \u00abestamos felices de haber alcanzado este logro junto a la entidad patrocinante, a quienes agradecemos profundamente por la orientaci\u00f3n y el acompa\u00f1amiento en este proceso, que para nosotros era completamente nuevo. Tambi\u00e9n queremos agradecer a las autoridades regionales, en especial a la seremi de Vivienda, Paulina Ruz. Saber que nuestras casas comenzar\u00e1n a construirse nos llena de alegr\u00eda, porque significa que nuestro sue\u00f1o se est\u00e1 haciendo realidad. Todos los socios est\u00e1n expectantes y felices, contando los d\u00edas para habitar su hogar propio\u201d.<\/p>\n<p style=\"text-align: justify;\">Para Jessica Smoje, coordinadora de la Entidad Patrocinante Dalco, \u00abla entrega del terreno es el resultado de un trabajo colaborativo entre la directiva, las entidades p\u00fablicas y Egis Dalco. Este proyecto se ha caracterizado por el respeto y la buena comunicaci\u00f3n con los dirigentes, lo que nos ha permitido avanzar fluidamente con la asistencia t\u00e9cnica. Hoy vemos materializarse el esfuerzo de gesti\u00f3n y dise\u00f1o, lo cual nos llena de orgullo. Durante las obras, continuaremos brindando asistencia t\u00e9cnica para que los socios del comit\u00e9 puedan seguir de cerca la construcci\u00f3n de sus viviendas, haci\u00e9ndolos part\u00edcipes de este proceso. Adem\u00e1s, los acompa\u00f1aremos con herramientas sociales que fomenten una buena convivencia con sus futuros vecinos\u201d.<\/p>\n<p style=\"text-align: justify;\">La firma del traspaso del terreno se llev\u00f3 a cabo en las oficinas del Serviu en Puerto Ays\u00e9n y participaron tambi\u00e9n el delegado del servicio \u00c1lvaro Luna, el inspector de obra Daniel Stange y el residente de obra por parte de la empresa constructora LD Ignacio Beltr\u00e1n.<\/p>\n<p style=\"text-align: justify;\">Con la entrega del terreno, se da inicio al proyecto financiado a trav\u00e9s del Fondo Solidario de Elecci\u00f3n de Viviendas DS 49, cuya construcci\u00f3n se proyecta para 390 d\u00edas, es decir, en poco m\u00e1s de un a\u00f1o a partir del inicio de las horas, las 57 familias podr\u00e1n contar con su casa propia.<\/p>\n<\/div><\/section><\/div><div  style='height:50px' class='hr hr-invisible   avia-builder-el-6  el_after_av_one_full  el_before_av_social_share '><span class='hr-inner ' ><span class='hr-inner-style'><\/span><\/span><\/div><\/p>\n<div  class='av-social-sharing-box  avia-builder-el-7  el_after_av_hr  el_before_av_hr  '><div class='av-share-box'><h5 class='av-share-link-description av-no-toc '>Compartir esta noticia<\/h5><ul class='av-share-box-list noLightbox'><li class='av-share-link av-social-link-facebook' ><a target=\"_blank\" aria-label=\"Compartir en Facebook\" href='https:\/\/www.facebook.com\/sharer.php?u=https:\/\/radiorevelacionfm.cl\/?p=51631&#038;t=57%20familias%20de%20Puerto%20Ays%C3%A9n%20cumplir%C3%A1n%20el%20sue%C3%B1o%20de%20la%20casa%20propia' aria-hidden='false' data-av_icon='\ue8f3' data-av_iconfont='entypo-fontello' title='' data-avia-related-tooltip='Compartir en Facebook' rel=\"noopener\"><span class='avia_hidden_link_text'>Compartir en Facebook<\/span><\/a><\/li><li class='av-share-link av-social-link-twitter' ><a target=\"_blank\" aria-label=\"Compartir en Twitter\" href='https:\/\/twitter.com\/share?text=57%20familias%20de%20Puerto%20Ays%C3%A9n%20cumplir%C3%A1n%20el%20sue%C3%B1o%20de%20la%20casa%20propia&#038;url=https:\/\/radiorevelacionfm.cl\/?p=51631' aria-hidden='false' data-av_icon='\ue8f1' data-av_iconfont='entypo-fontello' title='' data-avia-related-tooltip='Compartir en Twitter' rel=\"noopener\"><span class='avia_hidden_link_text'>Compartir en Twitter<\/span><\/a><\/li><li class='av-share-link av-social-link-whatsapp' ><a target=\"_blank\" aria-label=\"Compartir en Whatsapp\" href='https:\/\/api.whatsapp.com\/send?text=https:\/\/radiorevelacionfm.cl\/?p=51631' aria-hidden='false' data-av_icon='\uf232' data-av_iconfont='entypo-fontello' title='' data-avia-related-tooltip='Compartir en Whatsapp' rel=\"noopener\"><span class='avia_hidden_link_text'>Compartir en Whatsapp<\/span><\/a><\/li><li class='av-share-link av-social-link-linkedin' ><a target=\"_blank\" aria-label=\"Compartir en LinkedIn\" href='https:\/\/linkedin.com\/shareArticle?mini=true&#038;title=57%20familias%20de%20Puerto%20Ays%C3%A9n%20cumplir%C3%A1n%20el%20sue%C3%B1o%20de%20la%20casa%20propia&#038;url=https:\/\/radiorevelacionfm.cl\/?p=51631' aria-hidden='false' data-av_icon='\ue8fc' data-av_iconfont='entypo-fontello' title='' data-avia-related-tooltip='Compartir en LinkedIn' rel=\"noopener\"><span class='avia_hidden_link_text'>Compartir en LinkedIn<\/span><\/a><\/li><li class='av-share-link av-social-link-mail' ><a  aria-label=\"Compartir por correo\" href='mailto:?subject=57%20familias%20de%20Puerto%20Ays%C3%A9n%20cumplir%C3%A1n%20el%20sue%C3%B1o%20de%20la%20casa%20propia&#038;body=https:\/\/radiorevelacionfm.cl\/?p=51631' aria-hidden='false' data-av_icon='\ue805' data-av_iconfont='entypo-fontello' title='' data-avia-related-tooltip='Compartir por correo'><span class='avia_hidden_link_text'>Compartir por correo<\/span><\/a><\/li><\/ul><\/div><\/div>\n<div  style='height:50px' class='hr hr-invisible   avia-builder-el-8  el_after_av_social_share  el_before_av_comments_list '><span class='hr-inner ' ><span class='hr-inner-style'><\/span><\/span><\/div>\n<div  class='av-buildercomment  av-blog-meta-html-info-disabled av-blog-meta-tag-disabled  '><\/div>\n","protected":false},"excerpt":{"rendered":"","protected":false},"author":1,"featured_media":51632,"comment_status":"open","ping_status":"open","sticky":false,"template":"","format":"standard","meta":{"footnotes":""},"categories":[57],"tags":[],"class_list":["post-51631","post","type-post","status-publish","format-standard","has-post-thumbnail","hentry","category-vivienda"],"jetpack_featured_media_url":"https:\/\/radiorevelacionfm.cl\/wp-content\/uploads\/2025\/03\/foto-15-1_optimized.jpeg","_links":{"self":[{"href":"https:\/\/radiorevelacionfm.cl\/index.php?rest_route=\/wp\/v2\/posts\/51631","targetHints":{"allow":["GET"]}}],"collection":[{"href":"https:\/\/radiorevelacionfm.cl\/index.php?rest_route=\/wp\/v2\/posts"}],"about":[{"href":"https:\/\/radiorevelacionfm.cl\/index.php?rest_route=\/wp\/v2\/types\/post"}],"author":[{"embeddable":true,"href":"https:\/\/radiorevelacionfm.cl\/index.php?rest_route=\/wp\/v2\/users\/1"}],"replies":[{"embeddable":true,"href":"https:\/\/radiorevelacionfm.cl\/index.php?rest_route=%2Fwp%2Fv2%2Fcomments&post=51631"}],"version-history":[{"count":1,"href":"https:\/\/radiorevelacionfm.cl\/index.php?rest_route=\/wp\/v2\/posts\/51631\/revisions"}],"predecessor-version":[{"id":51633,"href":"https:\/\/radiorevelacionfm.cl\/index.php?rest_route=\/wp\/v2\/posts\/51631\/revisions\/51633"}],"wp:featuredmedia":[{"embeddable":true,"href":"https:\/\/radiorevelacionfm.cl\/index.php?rest_route=\/wp\/v2\/media\/51632"}],"wp:attachment":[{"href":"https:\/\/radiorevelacionfm.cl\/index.php?rest_route=%2Fwp%2Fv2%2Fmedia&parent=51631"}],"wp:term":[{"taxonomy":"category","embeddable":true,"href":"https:\/\/radiorevelacionfm.cl\/index.php?rest_route=%2Fwp%2Fv2%2Fcategories&post=51631"},{"taxonomy":"post_tag","embeddable":true,"href":"https:\/\/radiorevelacionfm.cl\/index.php?rest_route=%2Fwp%2Fv2%2Ftags&post=51631"}],"curies":[{"name":"wp","href":"https:\/\/api.w.org\/{rel}","templated":true}]}}