{"id":51628,"date":"2025-03-20T14:54:55","date_gmt":"2025-03-20T17:54:55","guid":{"rendered":"https:\/\/radiorevelacionfm.cl\/?p=51628"},"modified":"2025-03-20T14:54:55","modified_gmt":"2025-03-20T17:54:55","slug":"emotivo-encuentro-mujeres-mayores-profundizan-sobre-violencias-vividas-en-conversatorio-de-senama","status":"publish","type":"post","link":"https:\/\/radiorevelacionfm.cl\/?p=51628","title":{"rendered":"Emotivo Encuentro: Mujeres mayores profundizan sobre violencias vividas en conversatorio de Senama"},"content":{"rendered":"<div class=\"flex_column av_one_full  flex_column_div av-zero-column-padding first  avia-builder-el-0  el_before_av_one_full  avia-builder-el-first  \" style='border-radius:0px; '><div  class='avia-image-container  av-styling-    avia-builder-el-1  avia-builder-el-no-sibling  avia-align-center '  itemprop=\"image\" itemscope=\"itemscope\" itemtype=\"https:\/\/schema.org\/ImageObject\"  ><div class='avia-image-container-inner'><div class='avia-image-overlay-wrap'><img decoding=\"async\" class='wp-image-51629 avia-img-lazy-loading-not-51629 avia_image' src=\"https:\/\/radiorevelacionfm.cl\/wp-content\/uploads\/2025\/03\/senama8m-1-1-1_optimized-1.jpeg\" alt='' title='senama8m-1-(1)-(1)_optimized (1)' height=\"600\" width=\"1067\"  itemprop=\"thumbnailUrl\" srcset=\"https:\/\/radiorevelacionfm.cl\/wp-content\/uploads\/2025\/03\/senama8m-1-1-1_optimized-1.jpeg 1067w, https:\/\/radiorevelacionfm.cl\/wp-content\/uploads\/2025\/03\/senama8m-1-1-1_optimized-1-300x169.jpeg 300w, https:\/\/radiorevelacionfm.cl\/wp-content\/uploads\/2025\/03\/senama8m-1-1-1_optimized-1-1030x579.jpeg 1030w, https:\/\/radiorevelacionfm.cl\/wp-content\/uploads\/2025\/03\/senama8m-1-1-1_optimized-1-768x432.jpeg 768w, https:\/\/radiorevelacionfm.cl\/wp-content\/uploads\/2025\/03\/senama8m-1-1-1_optimized-1-705x396.jpeg 705w, https:\/\/radiorevelacionfm.cl\/wp-content\/uploads\/2025\/03\/senama8m-1-1-1_optimized-1-450x253.jpeg 450w, https:\/\/radiorevelacionfm.cl\/wp-content\/uploads\/2025\/03\/senama8m-1-1-1_optimized-1-600x337.jpeg 600w\" sizes=\"(max-width: 1067px) 100vw, 1067px\" \/><\/div><\/div><\/div><\/div><div class=\"flex_column av_one_full  flex_column_div av-zero-column-padding first  avia-builder-el-2  el_after_av_one_full  el_before_av_one_full  column-top-margin\" style='border-radius:0px; '><section class=\"av_textblock_section \"  itemscope=\"itemscope\" itemtype=\"https:\/\/schema.org\/BlogPosting\" itemprop=\"blogPost\" ><div class='avia_textblock  '   itemprop=\"text\" ><p style=\"text-align: center;\"><strong><span style=\"font-size: 18pt;\">Emotivo Encuentro: Mujeres mayores profundizan sobre violencias vividas en conversatorio de Senama<\/span><\/strong><\/p>\n<div id=\"gtx-trans\" style=\"position: absolute; left: -50px; top: 4.31534px;\">\n<div class=\"gtx-trans-icon\"><\/div>\n<\/div>\n<\/div><\/section><\/div><div class=\"flex_column av_one_full  flex_column_div av-zero-column-padding first  avia-builder-el-4  el_after_av_one_full  el_before_av_hr  column-top-margin\" style='border-radius:0px; '><section class=\"av_textblock_section \"  itemscope=\"itemscope\" itemtype=\"https:\/\/schema.org\/BlogPosting\" itemprop=\"blogPost\" ><div class='avia_textblock  '   itemprop=\"text\" ><p style=\"text-align: justify;\">Violencia de G\u00e9nero en Personas Mayores es el nombre del conversatorio que organiz\u00f3 el Servicio Nacional del Adulto Mayor Senama en el Marco del 8M en Coyhaique con una participaci\u00f3n de casi 50 mujeres mayores, de las Seremis de Desarrollo Social y Familia Karina Acevedo, de la Mujer y Equidad de G\u00e9nero Isidora Gacit\u00faa y de la Coordinadora regional de Senama Claudia Andaur.<\/p>\n<p style=\"text-align: justify;\">El objetivo del encuentro era poder generar espacios de informaci\u00f3n y sensibilizaci\u00f3n con mujeres mayores sobre violencia de g\u00e9nero, sus distintos tipos y los contextos donde se presenta, instancia que fue valorada por la Seremi de Desarrollo Social Karina Acevedo \u00abEste conversatorio fue muy emotivo, es el segundo a\u00f1o que lo realizamos y los resultados nos sorprenden. Este fue un espacio de conversaci\u00f3n, pero tambi\u00e9n de empoderamiento y defensa de sus derechos. Cuando hoy se conversa con mujeres mayores y sobre todo con las de Ays\u00e9n que sabemos que es una regi\u00f3n aislada, nos es muy grato decir que tenemos un pa\u00eds mejor para ellas y es muy importante decirles que son parte de Chile Cuida, que son parte del foco que el ministerio ha dado para colaborar en el d\u00eda a d\u00eda, por tanto, ya tenemos un sistema que las protege\u00bb.<\/p>\n<p style=\"text-align: justify;\">En este conversatorio, seg\u00fan explic\u00f3 Claudia Andaur Coordinadora regional de Senama, se pudo profundizar en que las mujeres mayores han ido acumulando diversas experiencias de discriminaci\u00f3n y violencia por el hecho de ser mujeres, las cuales, al llegar a la vejez, van mezcl\u00e1ndose con los prejuicios y violencias que viven tambi\u00e9n por ser mayores. \u00abSu disposici\u00f3n a conversar fue muy positiva, muchas veces su trayectoria de vida ha estado marcada por distintos tipos de violencia de las que han sido objeto y en donde ahora se suma la edad, el llegar a adulta mayor y todo lo que sucede en ese \u00e1mbito, por lo que fue muy provechoso conversar sobre esto\u00bb.<\/p>\n<p style=\"text-align: justify;\">Margarita Riffo Garay integrante del Club de Adulto Mayor Eterna Primavera tras su participaci\u00f3n opin\u00f3 \u00abencontr\u00e9 muy bueno con muchas opiniones y coincidimos en que antes hab\u00eda un patriarcado con violencia de parte del var\u00f3n donde te miraban y una ten\u00eda que obedecer y eso ha ido cambiando de a poco y la idea es empoderarse, conversarlo y apoyarnos y lo importante es saber que se puede denunciar si hay violencia f\u00edsica, psicol\u00f3gica, violencia econ\u00f3mica. No hay que quedarse callada\u00bb.<\/p>\n<p style=\"text-align: justify;\">Rosa Casta\u00f1eda participante del Programa V\u00ednculos valor\u00f3 el espacio de conversaci\u00f3n donde afirm\u00f3 que el ejercicio de violencia hacia personas mayores es habitual \u00abs\u00ed, hay tanto tipo de violencia, yo puedo hablar por m\u00ed, pero es recurrente y la conclusi\u00f3n es que ahora podemos denunciar, podemos llamar, no como antes en donde no estaban estas posibilidades\u00bb.<\/p>\n<\/div><\/section><\/div><div  style='height:50px' class='hr hr-invisible   avia-builder-el-6  el_after_av_one_full  el_before_av_social_share '><span class='hr-inner ' ><span class='hr-inner-style'><\/span><\/span><\/div><\/p>\n<div  class='av-social-sharing-box  avia-builder-el-7  el_after_av_hr  el_before_av_hr  '><div class='av-share-box'><h5 class='av-share-link-description av-no-toc '>Compartir esta noticia<\/h5><ul class='av-share-box-list noLightbox'><li class='av-share-link av-social-link-facebook' ><a target=\"_blank\" aria-label=\"Compartir en Facebook\" href='https:\/\/www.facebook.com\/sharer.php?u=https:\/\/radiorevelacionfm.cl\/?p=51628&#038;t=Emotivo%20Encuentro%3A%20Mujeres%20mayores%20profundizan%20sobre%20violencias%20vividas%20en%20conversatorio%20de%20Senama' aria-hidden='false' data-av_icon='\ue8f3' data-av_iconfont='entypo-fontello' title='' data-avia-related-tooltip='Compartir en Facebook' rel=\"noopener\"><span class='avia_hidden_link_text'>Compartir en Facebook<\/span><\/a><\/li><li class='av-share-link av-social-link-twitter' ><a target=\"_blank\" aria-label=\"Compartir en Twitter\" href='https:\/\/twitter.com\/share?text=Emotivo%20Encuentro%3A%20Mujeres%20mayores%20profundizan%20sobre%20violencias%20vividas%20en%20conversatorio%20de%20Senama&#038;url=https:\/\/radiorevelacionfm.cl\/?p=51628' aria-hidden='false' data-av_icon='\ue8f1' data-av_iconfont='entypo-fontello' title='' data-avia-related-tooltip='Compartir en Twitter' rel=\"noopener\"><span class='avia_hidden_link_text'>Compartir en Twitter<\/span><\/a><\/li><li class='av-share-link av-social-link-whatsapp' ><a target=\"_blank\" aria-label=\"Compartir en Whatsapp\" href='https:\/\/api.whatsapp.com\/send?text=https:\/\/radiorevelacionfm.cl\/?p=51628' aria-hidden='false' data-av_icon='\uf232' data-av_iconfont='entypo-fontello' title='' data-avia-related-tooltip='Compartir en Whatsapp' rel=\"noopener\"><span class='avia_hidden_link_text'>Compartir en Whatsapp<\/span><\/a><\/li><li class='av-share-link av-social-link-linkedin' ><a target=\"_blank\" aria-label=\"Compartir en LinkedIn\" href='https:\/\/linkedin.com\/shareArticle?mini=true&#038;title=Emotivo%20Encuentro%3A%20Mujeres%20mayores%20profundizan%20sobre%20violencias%20vividas%20en%20conversatorio%20de%20Senama&#038;url=https:\/\/radiorevelacionfm.cl\/?p=51628' aria-hidden='false' data-av_icon='\ue8fc' data-av_iconfont='entypo-fontello' title='' data-avia-related-tooltip='Compartir en LinkedIn' rel=\"noopener\"><span class='avia_hidden_link_text'>Compartir en LinkedIn<\/span><\/a><\/li><li class='av-share-link av-social-link-mail' ><a  aria-label=\"Compartir por correo\" href='mailto:?subject=Emotivo%20Encuentro%3A%20Mujeres%20mayores%20profundizan%20sobre%20violencias%20vividas%20en%20conversatorio%20de%20Senama&#038;body=https:\/\/radiorevelacionfm.cl\/?p=51628' aria-hidden='false' data-av_icon='\ue805' data-av_iconfont='entypo-fontello' title='' data-avia-related-tooltip='Compartir por correo'><span class='avia_hidden_link_text'>Compartir por correo<\/span><\/a><\/li><\/ul><\/div><\/div>\n<div  style='height:50px' class='hr hr-invisible   avia-builder-el-8  el_after_av_social_share  el_before_av_comments_list '><span class='hr-inner ' ><span class='hr-inner-style'><\/span><\/span><\/div>\n<div  class='av-buildercomment  av-blog-meta-html-info-disabled av-blog-meta-tag-disabled  '><\/div>\n","protected":false},"excerpt":{"rendered":"","protected":false},"author":1,"featured_media":51629,"comment_status":"open","ping_status":"open","sticky":false,"template":"","format":"standard","meta":{"footnotes":""},"categories":[38],"tags":[],"class_list":["post-51628","post","type-post","status-publish","format-standard","has-post-thumbnail","hentry","category-regional"],"jetpack_featured_media_url":"https:\/\/radiorevelacionfm.cl\/wp-content\/uploads\/2025\/03\/senama8m-1-1-1_optimized-1.jpeg","_links":{"self":[{"href":"https:\/\/radiorevelacionfm.cl\/index.php?rest_route=\/wp\/v2\/posts\/51628","targetHints":{"allow":["GET"]}}],"collection":[{"href":"https:\/\/radiorevelacionfm.cl\/index.php?rest_route=\/wp\/v2\/posts"}],"about":[{"href":"https:\/\/radiorevelacionfm.cl\/index.php?rest_route=\/wp\/v2\/types\/post"}],"author":[{"embeddable":true,"href":"https:\/\/radiorevelacionfm.cl\/index.php?rest_route=\/wp\/v2\/users\/1"}],"replies":[{"embeddable":true,"href":"https:\/\/radiorevelacionfm.cl\/index.php?rest_route=%2Fwp%2Fv2%2Fcomments&post=51628"}],"version-history":[{"count":1,"href":"https:\/\/radiorevelacionfm.cl\/index.php?rest_route=\/wp\/v2\/posts\/51628\/revisions"}],"predecessor-version":[{"id":51630,"href":"https:\/\/radiorevelacionfm.cl\/index.php?rest_route=\/wp\/v2\/posts\/51628\/revisions\/51630"}],"wp:featuredmedia":[{"embeddable":true,"href":"https:\/\/radiorevelacionfm.cl\/index.php?rest_route=\/wp\/v2\/media\/51629"}],"wp:attachment":[{"href":"https:\/\/radiorevelacionfm.cl\/index.php?rest_route=%2Fwp%2Fv2%2Fmedia&parent=51628"}],"wp:term":[{"taxonomy":"category","embeddable":true,"href":"https:\/\/radiorevelacionfm.cl\/index.php?rest_route=%2Fwp%2Fv2%2Fcategories&post=51628"},{"taxonomy":"post_tag","embeddable":true,"href":"https:\/\/radiorevelacionfm.cl\/index.php?rest_route=%2Fwp%2Fv2%2Ftags&post=51628"}],"curies":[{"name":"wp","href":"https:\/\/api.w.org\/{rel}","templated":true}]}}