{"id":51625,"date":"2025-03-20T11:36:15","date_gmt":"2025-03-20T14:36:15","guid":{"rendered":"https:\/\/radiorevelacionfm.cl\/?p=51625"},"modified":"2025-03-20T11:36:15","modified_gmt":"2025-03-20T14:36:15","slug":"con-masivo-show-trabajadores-y-trabajadoras-de-la-construccion-celebraron-su-dia","status":"publish","type":"post","link":"https:\/\/radiorevelacionfm.cl\/?p=51625","title":{"rendered":"Con masivo show trabajadores y trabajadoras de la construcci\u00f3n celebraron su d\u00eda"},"content":{"rendered":"<div class=\"flex_column av_one_full  flex_column_div av-zero-column-padding first  avia-builder-el-0  el_before_av_one_full  avia-builder-el-first  \" style='border-radius:0px; '><div  class='avia-image-container  av-styling-    avia-builder-el-1  avia-builder-el-no-sibling  avia-align-center '  itemprop=\"image\" itemscope=\"itemscope\" itemtype=\"https:\/\/schema.org\/ImageObject\"  ><div class='avia-image-container-inner'><div class='avia-image-overlay-wrap'><img decoding=\"async\" class='wp-image-51626 avia-img-lazy-loading-not-51626 avia_image' src=\"https:\/\/radiorevelacionfm.cl\/wp-content\/uploads\/2025\/03\/1-2-4-1_optimized-1.jpg\" alt='' title='1-(2)-(4)-(1)_optimized (1)' height=\"600\" width=\"1066\"  itemprop=\"thumbnailUrl\" srcset=\"https:\/\/radiorevelacionfm.cl\/wp-content\/uploads\/2025\/03\/1-2-4-1_optimized-1.jpg 1066w, https:\/\/radiorevelacionfm.cl\/wp-content\/uploads\/2025\/03\/1-2-4-1_optimized-1-300x169.jpg 300w, https:\/\/radiorevelacionfm.cl\/wp-content\/uploads\/2025\/03\/1-2-4-1_optimized-1-1030x580.jpg 1030w, https:\/\/radiorevelacionfm.cl\/wp-content\/uploads\/2025\/03\/1-2-4-1_optimized-1-768x432.jpg 768w, https:\/\/radiorevelacionfm.cl\/wp-content\/uploads\/2025\/03\/1-2-4-1_optimized-1-705x397.jpg 705w, https:\/\/radiorevelacionfm.cl\/wp-content\/uploads\/2025\/03\/1-2-4-1_optimized-1-450x253.jpg 450w, https:\/\/radiorevelacionfm.cl\/wp-content\/uploads\/2025\/03\/1-2-4-1_optimized-1-600x338.jpg 600w\" sizes=\"(max-width: 1066px) 100vw, 1066px\" \/><\/div><\/div><\/div><\/div><div class=\"flex_column av_one_full  flex_column_div av-zero-column-padding first  avia-builder-el-2  el_after_av_one_full  el_before_av_one_full  column-top-margin\" style='border-radius:0px; '><section class=\"av_textblock_section \"  itemscope=\"itemscope\" itemtype=\"https:\/\/schema.org\/BlogPosting\" itemprop=\"blogPost\" ><div class='avia_textblock  '   itemprop=\"text\" ><p style=\"text-align: center;\"><span style=\"font-size: 18pt;\"><strong>Con masivo show trabajadores y trabajadoras de la construcci\u00f3n celebraron su d\u00eda<\/strong><\/span><\/p>\n<div id=\"gtx-trans\" style=\"position: absolute; left: -50px; top: 4.31534px;\">\n<div class=\"gtx-trans-icon\"><\/div>\n<\/div>\n<\/div><\/section><\/div><div class=\"flex_column av_one_full  flex_column_div av-zero-column-padding first  avia-builder-el-4  el_after_av_one_full  el_before_av_hr  column-top-margin\" style='border-radius:0px; '><section class=\"av_textblock_section \"  itemscope=\"itemscope\" itemtype=\"https:\/\/schema.org\/BlogPosting\" itemprop=\"blogPost\" ><div class='avia_textblock  '   itemprop=\"text\" ><p style=\"text-align: justify;\"><em>La actividad fue organizada por la C\u00e1mara Chilena de la Construcci\u00f3n sede Coyhaique y contempl\u00f3 la presentaci\u00f3n de la Banda Instrumental de Carabineros.<\/em><\/p>\n<p style=\"text-align: justify;\">Cerca de 200 trabajadores y trabajadoras de la construcci\u00f3n de Coyhaique, celebraron la tarde del mi\u00e9rcoles 19 de marzo su d\u00eda. En una actividad coordinada por la C\u00e1mara Chilena de la Construcci\u00f3n sede Coyhaique.<\/p>\n<p style=\"text-align: justify;\">El evento, congreg\u00f3 a trabajadores del rubro de las empresas que son socias de este gremio y contempl\u00f3 la presentaci\u00f3n de la Banda Instrumental de Carabineros de Chile de la prefectura de Ays\u00e9n, quienes presentaron diez piezas musicales que hicieron bailar a todos los asistentes.<\/p>\n<p style=\"text-align: justify;\">Bruno Oyarzo, trabajador de constructora Xinta, se\u00f1al\u00f3 que disfrut\u00f3 de la tarde y la presencia de la banda de Carabineros \u201cest\u00e1 bien que existan estos momentos para distraerse, no todo puede ser trabajo y tambi\u00e9n permite compartir con otras empresas\u201d, indic\u00f3; Opini\u00f3n que fue compartida por Priscila Pi\u00f1eira, de constructora Manuel Suazo, quien indic\u00f3 que la actividad le pareci\u00f3 una buena oportunidad para que los trabajadores se relajen y disfruten.<\/p>\n<p style=\"text-align: justify;\">Jaime Ram\u00edrez, trabajador de constructora Manuel Suazo, indic\u00f3 que es primera vez que participa de esta celebraci\u00f3n, que a\u00f1o a a\u00f1o realiza la C\u00e1mara Chilena de la Construcci\u00f3n, calific\u00e1ndola como una instancia positiva y que lo dej\u00f3 muy contento.<\/p>\n<p style=\"text-align: justify;\">El d\u00eda del trabajador y trabajadora de la construcci\u00f3n se conmemora el Chile desde el a\u00f1o 2017, estando estipulado en la Ley 21.048. Y para la CChC, su celebraci\u00f3n, es una forma de reconocer la abnegada labor que desarrollan.<\/p>\n<p style=\"text-align: justify;\">\u201cEstamos felices de poder celebrar a los trabajadores y trabajadoras, porque son la parte esencial de la construcci\u00f3n. Son quienes construyen los sue\u00f1os y hacen realidad las obras. As\u00ed que estamos agradecidos que hayan participado y tambi\u00e9n del trabajo que realizan\u201d, indic\u00f3 Pablo Carrasco, presidente de la CChC sede Coyhaique.<\/p>\n<p style=\"text-align: justify;\">Esta actividad fue organizada por el consejo del \u00e1rea social de la C\u00e1mara Chilena de la Construcci\u00f3n, que tiene como uno de sus ejes, apoyar a los trabajadores del rubro y sus familias a trav\u00e9s programas en las \u00e1reas social, formaci\u00f3n educativa, cultural y salud. De hecho, durante el a\u00f1o 2024, el gremio y las empresas de la zona, destinaron m\u00e1s de 46 millones de pesos en apoyo a sus colaboradores, logrando entregar m\u00e1s de 1.300 beneficios en los cuatro ejes antes mencionados.<\/p>\n<p style=\"text-align: justify;\">\u201cEstamos feliz, porque como cada a\u00f1o, estamos conmemorando esta fecha, tuvimos la colaboraci\u00f3n de la banda de Carabineros, los trabajadores estaban muy contentos, comieron unos ricos completos y hubo varias sorpresas para ellos. Estamos felices\u201d, indic\u00f3 V\u00edctor Vera, presidente del consejo del \u00e1rea social de la CChC Coyhaique.<\/p>\n<p style=\"text-align: justify;\">En la regi\u00f3n de Ays\u00e9n existen m\u00e1s de 6 mil trabajadores que se dedican al rubro de la construcci\u00f3n, sector que agrupa al 11,6% de la fuerza laboral local, siendo la tercera actividad econ\u00f3mica del territorio, esto seg\u00fan el \u00faltimo reporte de empleo trimestral publicado por el Instituto Nacional de Estad\u00edsticas, INE.<\/p>\n<p style=\"text-align: justify;\">Cada a\u00f1o, la CChC conmemora con un hito dise\u00f1ado para los trabajadores y trabajadoras esta fecha, la que este a\u00f1o, tuvo por centro, agradecer a quienes hacen los sue\u00f1os posible, levantando escuelas, hospitales, viviendas y toda la infraestructura que permite a los habitantes del territorio nacional, desempe\u00f1ar sus actividades cotidianas.<\/p>\n<\/div><\/section><\/div><div  style='height:50px' class='hr hr-invisible   avia-builder-el-6  el_after_av_one_full  el_before_av_social_share '><span class='hr-inner ' ><span class='hr-inner-style'><\/span><\/span><\/div><\/p>\n<div  class='av-social-sharing-box  avia-builder-el-7  el_after_av_hr  el_before_av_hr  '><div class='av-share-box'><h5 class='av-share-link-description av-no-toc '>Compartir esta noticia<\/h5><ul class='av-share-box-list noLightbox'><li class='av-share-link av-social-link-facebook' ><a target=\"_blank\" aria-label=\"Compartir en Facebook\" href='https:\/\/www.facebook.com\/sharer.php?u=https:\/\/radiorevelacionfm.cl\/?p=51625&#038;t=Con%20masivo%20show%20trabajadores%20y%20trabajadoras%20de%20la%20construcci%C3%B3n%20celebraron%20su%20d%C3%ADa' aria-hidden='false' data-av_icon='\ue8f3' data-av_iconfont='entypo-fontello' title='' data-avia-related-tooltip='Compartir en Facebook' rel=\"noopener\"><span class='avia_hidden_link_text'>Compartir en Facebook<\/span><\/a><\/li><li class='av-share-link av-social-link-twitter' ><a target=\"_blank\" aria-label=\"Compartir en Twitter\" href='https:\/\/twitter.com\/share?text=Con%20masivo%20show%20trabajadores%20y%20trabajadoras%20de%20la%20construcci%C3%B3n%20celebraron%20su%20d%C3%ADa&#038;url=https:\/\/radiorevelacionfm.cl\/?p=51625' aria-hidden='false' data-av_icon='\ue8f1' data-av_iconfont='entypo-fontello' title='' data-avia-related-tooltip='Compartir en Twitter' rel=\"noopener\"><span class='avia_hidden_link_text'>Compartir en Twitter<\/span><\/a><\/li><li class='av-share-link av-social-link-whatsapp' ><a target=\"_blank\" aria-label=\"Compartir en Whatsapp\" href='https:\/\/api.whatsapp.com\/send?text=https:\/\/radiorevelacionfm.cl\/?p=51625' aria-hidden='false' data-av_icon='\uf232' data-av_iconfont='entypo-fontello' title='' data-avia-related-tooltip='Compartir en Whatsapp' rel=\"noopener\"><span class='avia_hidden_link_text'>Compartir en Whatsapp<\/span><\/a><\/li><li class='av-share-link av-social-link-linkedin' ><a target=\"_blank\" aria-label=\"Compartir en LinkedIn\" href='https:\/\/linkedin.com\/shareArticle?mini=true&#038;title=Con%20masivo%20show%20trabajadores%20y%20trabajadoras%20de%20la%20construcci%C3%B3n%20celebraron%20su%20d%C3%ADa&#038;url=https:\/\/radiorevelacionfm.cl\/?p=51625' aria-hidden='false' data-av_icon='\ue8fc' data-av_iconfont='entypo-fontello' title='' data-avia-related-tooltip='Compartir en LinkedIn' rel=\"noopener\"><span class='avia_hidden_link_text'>Compartir en LinkedIn<\/span><\/a><\/li><li class='av-share-link av-social-link-mail' ><a  aria-label=\"Compartir por correo\" href='mailto:?subject=Con%20masivo%20show%20trabajadores%20y%20trabajadoras%20de%20la%20construcci%C3%B3n%20celebraron%20su%20d%C3%ADa&#038;body=https:\/\/radiorevelacionfm.cl\/?p=51625' aria-hidden='false' data-av_icon='\ue805' data-av_iconfont='entypo-fontello' title='' data-avia-related-tooltip='Compartir por correo'><span class='avia_hidden_link_text'>Compartir por correo<\/span><\/a><\/li><\/ul><\/div><\/div>\n<div  style='height:50px' class='hr hr-invisible   avia-builder-el-8  el_after_av_social_share  el_before_av_comments_list '><span class='hr-inner ' ><span class='hr-inner-style'><\/span><\/span><\/div>\n<div  class='av-buildercomment  av-blog-meta-html-info-disabled av-blog-meta-tag-disabled  '><\/div>\n","protected":false},"excerpt":{"rendered":"","protected":false},"author":1,"featured_media":51626,"comment_status":"open","ping_status":"open","sticky":false,"template":"","format":"standard","meta":{"footnotes":""},"categories":[38],"tags":[],"class_list":["post-51625","post","type-post","status-publish","format-standard","has-post-thumbnail","hentry","category-regional"],"jetpack_featured_media_url":"https:\/\/radiorevelacionfm.cl\/wp-content\/uploads\/2025\/03\/1-2-4-1_optimized-1.jpg","_links":{"self":[{"href":"https:\/\/radiorevelacionfm.cl\/index.php?rest_route=\/wp\/v2\/posts\/51625","targetHints":{"allow":["GET"]}}],"collection":[{"href":"https:\/\/radiorevelacionfm.cl\/index.php?rest_route=\/wp\/v2\/posts"}],"about":[{"href":"https:\/\/radiorevelacionfm.cl\/index.php?rest_route=\/wp\/v2\/types\/post"}],"author":[{"embeddable":true,"href":"https:\/\/radiorevelacionfm.cl\/index.php?rest_route=\/wp\/v2\/users\/1"}],"replies":[{"embeddable":true,"href":"https:\/\/radiorevelacionfm.cl\/index.php?rest_route=%2Fwp%2Fv2%2Fcomments&post=51625"}],"version-history":[{"count":1,"href":"https:\/\/radiorevelacionfm.cl\/index.php?rest_route=\/wp\/v2\/posts\/51625\/revisions"}],"predecessor-version":[{"id":51627,"href":"https:\/\/radiorevelacionfm.cl\/index.php?rest_route=\/wp\/v2\/posts\/51625\/revisions\/51627"}],"wp:featuredmedia":[{"embeddable":true,"href":"https:\/\/radiorevelacionfm.cl\/index.php?rest_route=\/wp\/v2\/media\/51626"}],"wp:attachment":[{"href":"https:\/\/radiorevelacionfm.cl\/index.php?rest_route=%2Fwp%2Fv2%2Fmedia&parent=51625"}],"wp:term":[{"taxonomy":"category","embeddable":true,"href":"https:\/\/radiorevelacionfm.cl\/index.php?rest_route=%2Fwp%2Fv2%2Fcategories&post=51625"},{"taxonomy":"post_tag","embeddable":true,"href":"https:\/\/radiorevelacionfm.cl\/index.php?rest_route=%2Fwp%2Fv2%2Ftags&post=51625"}],"curies":[{"name":"wp","href":"https:\/\/api.w.org\/{rel}","templated":true}]}}