{"id":51622,"date":"2025-03-20T14:36:44","date_gmt":"2025-03-20T17:36:44","guid":{"rendered":"https:\/\/radiorevelacionfm.cl\/?p=51622"},"modified":"2025-03-20T14:36:44","modified_gmt":"2025-03-20T17:36:44","slug":"mas-de-500-personas-del-sector-rio-los-palos-contaran-con-agua-potable","status":"publish","type":"post","link":"https:\/\/radiorevelacionfm.cl\/?p=51622","title":{"rendered":"M\u00e1s de 500 personas del sector R\u00edo Los Palos contar\u00e1n con agua potable"},"content":{"rendered":"<div class=\"flex_column av_one_full  flex_column_div av-zero-column-padding first  avia-builder-el-0  el_before_av_one_full  avia-builder-el-first  \" style='border-radius:0px; '><div  class='avia-image-container  av-styling-    avia-builder-el-1  avia-builder-el-no-sibling  avia-align-center '  itemprop=\"image\" itemscope=\"itemscope\" itemtype=\"https:\/\/schema.org\/ImageObject\"  ><div class='avia-image-container-inner'><div class='avia-image-overlay-wrap'><img decoding=\"async\" class='wp-image-51623 avia-img-lazy-loading-not-51623 avia_image' src=\"https:\/\/radiorevelacionfm.cl\/wp-content\/uploads\/2025\/03\/foto-estanque-general-1_optimized-1.jpeg\" alt='' title='foto-estanque-general-(1)_optimized (1)' height=\"600\" width=\"1068\"  itemprop=\"thumbnailUrl\" srcset=\"https:\/\/radiorevelacionfm.cl\/wp-content\/uploads\/2025\/03\/foto-estanque-general-1_optimized-1.jpeg 1068w, https:\/\/radiorevelacionfm.cl\/wp-content\/uploads\/2025\/03\/foto-estanque-general-1_optimized-1-300x169.jpeg 300w, https:\/\/radiorevelacionfm.cl\/wp-content\/uploads\/2025\/03\/foto-estanque-general-1_optimized-1-1030x579.jpeg 1030w, https:\/\/radiorevelacionfm.cl\/wp-content\/uploads\/2025\/03\/foto-estanque-general-1_optimized-1-768x431.jpeg 768w, https:\/\/radiorevelacionfm.cl\/wp-content\/uploads\/2025\/03\/foto-estanque-general-1_optimized-1-705x396.jpeg 705w, https:\/\/radiorevelacionfm.cl\/wp-content\/uploads\/2025\/03\/foto-estanque-general-1_optimized-1-450x253.jpeg 450w, https:\/\/radiorevelacionfm.cl\/wp-content\/uploads\/2025\/03\/foto-estanque-general-1_optimized-1-600x337.jpeg 600w\" sizes=\"(max-width: 1068px) 100vw, 1068px\" \/><\/div><\/div><\/div><\/div><div class=\"flex_column av_one_full  flex_column_div av-zero-column-padding first  avia-builder-el-2  el_after_av_one_full  el_before_av_one_full  column-top-margin\" style='border-radius:0px; '><section class=\"av_textblock_section \"  itemscope=\"itemscope\" itemtype=\"https:\/\/schema.org\/BlogPosting\" itemprop=\"blogPost\" ><div class='avia_textblock  '   itemprop=\"text\" ><p style=\"text-align: center;\"><strong><span style=\"font-size: 18pt;\">M\u00e1s de 500 personas del sector R\u00edo Los Palos contar\u00e1n con agua potable<\/span><\/strong><\/p>\n<div id=\"gtx-trans\" style=\"position: absolute; left: -50px; top: 4.31534px;\">\n<div class=\"gtx-trans-icon\"><\/div>\n<\/div>\n<\/div><\/section><\/div><div class=\"flex_column av_one_full  flex_column_div av-zero-column-padding first  avia-builder-el-4  el_after_av_one_full  el_before_av_hr  column-top-margin\" style='border-radius:0px; '><section class=\"av_textblock_section \"  itemscope=\"itemscope\" itemtype=\"https:\/\/schema.org\/BlogPosting\" itemprop=\"blogPost\" ><div class='avia_textblock  '   itemprop=\"text\" ><p style=\"text-align: justify;\">La Directora Nacional de Obras Hidr\u00e1ulicas del Ministerio de Obras P\u00fablicas Mar\u00eda Loreto Mery junto a la Secretaria Regional Ministerial de Obras P\u00fablicas, Paloma Jara Vald\u00e9s y el Director Regional de Obras Hidr\u00e1ulicas del MOP Francisco Real Bahamonde, informaron que fue adjudicada la construcci\u00f3n del Servicio Sanitario Rural del sector R\u00edo Los Palos, ubicado en la comuna de Ays\u00e9n, a la empresa constructora BZS SPA.<\/p>\n<p style=\"text-align: justify;\">\u201cEstamos con nuestra Directora Nacional de Obras Hidr\u00e1ulicas Mar\u00eda Loreto Mery para dar buenas noticias para la gente de R\u00edo Los Palos, en Puerto Ays\u00e9n. Estamos adportas de empezar a construir su Servicio Sanitario Rural\u201d, anunci\u00f3 la SEREMI del MOP.<\/p>\n<p style=\"text-align: justify;\">\u201cEsta obra va a beneficiar a 135 viviendas, es decir 540 personas con una inversi\u00f3n de m\u00e1s de $2.150 millones, y lo importante es que nos va a dar continuidad, cantidad y calidad en el Servicio Sanitario de Agua Potable Rural\u201d, agreg\u00f3 Mar\u00eda Loreto Mery.<\/p>\n<p style=\"text-align: justify;\">\u00a0\u201cLas obras que tienen un plazo de 510 d\u00edas para su ejecuci\u00f3n, consideran construir una captaci\u00f3n de hormig\u00f3n armado, una l\u00ednea de aducci\u00f3n de 426 metros, sistema de tratamiento con filtro de abatimiento de turbiedad y el sistema de cloraci\u00f3n del agua; un estanque de regulaci\u00f3n semienterrado de 75 mt3, red de distribuci\u00f3n del agua potable de 12 km, la instalaci\u00f3n de 135 arranques y medidores. Adem\u00e1s, al finalizar las obras se realizar\u00e1 una capacitaci\u00f3n acerca del sistema al Comit\u00e9, y conjuntamente con el Comit\u00e9 se efectuar\u00e1n las pruebas de todo el sistema. Con estas obras se garantiza un servicio de agua potable de calidad, de cantidad y de continuidad para poder llegar en forma equitativa a cada uno de los hogares de este sector rural, para mejorar la calidad de vida de nuestros habitantes, como lo ha pedido nuestro presidente Gabriel Boric Font\u201d, se\u00f1al\u00f3 Francisco Real Bahamonde.<\/p>\n<\/div><\/section><\/div><div  style='height:50px' class='hr hr-invisible   avia-builder-el-6  el_after_av_one_full  el_before_av_social_share '><span class='hr-inner ' ><span class='hr-inner-style'><\/span><\/span><\/div><\/p>\n<div  class='av-social-sharing-box  avia-builder-el-7  el_after_av_hr  el_before_av_hr  '><div class='av-share-box'><h5 class='av-share-link-description av-no-toc '>Compartir esta noticia<\/h5><ul class='av-share-box-list noLightbox'><li class='av-share-link av-social-link-facebook' ><a target=\"_blank\" aria-label=\"Compartir en Facebook\" href='https:\/\/www.facebook.com\/sharer.php?u=https:\/\/radiorevelacionfm.cl\/?p=51622&#038;t=M%C3%A1s%20de%20500%20personas%20del%20sector%20R%C3%ADo%20Los%20Palos%20contar%C3%A1n%20con%20agua%20potable' aria-hidden='false' data-av_icon='\ue8f3' data-av_iconfont='entypo-fontello' title='' data-avia-related-tooltip='Compartir en Facebook' rel=\"noopener\"><span class='avia_hidden_link_text'>Compartir en Facebook<\/span><\/a><\/li><li class='av-share-link av-social-link-twitter' ><a target=\"_blank\" aria-label=\"Compartir en Twitter\" href='https:\/\/twitter.com\/share?text=M%C3%A1s%20de%20500%20personas%20del%20sector%20R%C3%ADo%20Los%20Palos%20contar%C3%A1n%20con%20agua%20potable&#038;url=https:\/\/radiorevelacionfm.cl\/?p=51622' aria-hidden='false' data-av_icon='\ue8f1' data-av_iconfont='entypo-fontello' title='' data-avia-related-tooltip='Compartir en Twitter' rel=\"noopener\"><span class='avia_hidden_link_text'>Compartir en Twitter<\/span><\/a><\/li><li class='av-share-link av-social-link-whatsapp' ><a target=\"_blank\" aria-label=\"Compartir en Whatsapp\" href='https:\/\/api.whatsapp.com\/send?text=https:\/\/radiorevelacionfm.cl\/?p=51622' aria-hidden='false' data-av_icon='\uf232' data-av_iconfont='entypo-fontello' title='' data-avia-related-tooltip='Compartir en Whatsapp' rel=\"noopener\"><span class='avia_hidden_link_text'>Compartir en Whatsapp<\/span><\/a><\/li><li class='av-share-link av-social-link-linkedin' ><a target=\"_blank\" aria-label=\"Compartir en LinkedIn\" href='https:\/\/linkedin.com\/shareArticle?mini=true&#038;title=M%C3%A1s%20de%20500%20personas%20del%20sector%20R%C3%ADo%20Los%20Palos%20contar%C3%A1n%20con%20agua%20potable&#038;url=https:\/\/radiorevelacionfm.cl\/?p=51622' aria-hidden='false' data-av_icon='\ue8fc' data-av_iconfont='entypo-fontello' title='' data-avia-related-tooltip='Compartir en LinkedIn' rel=\"noopener\"><span class='avia_hidden_link_text'>Compartir en LinkedIn<\/span><\/a><\/li><li class='av-share-link av-social-link-mail' ><a  aria-label=\"Compartir por correo\" href='mailto:?subject=M%C3%A1s%20de%20500%20personas%20del%20sector%20R%C3%ADo%20Los%20Palos%20contar%C3%A1n%20con%20agua%20potable&#038;body=https:\/\/radiorevelacionfm.cl\/?p=51622' aria-hidden='false' data-av_icon='\ue805' data-av_iconfont='entypo-fontello' title='' data-avia-related-tooltip='Compartir por correo'><span class='avia_hidden_link_text'>Compartir por correo<\/span><\/a><\/li><\/ul><\/div><\/div>\n<div  style='height:50px' class='hr hr-invisible   avia-builder-el-8  el_after_av_social_share  el_before_av_comments_list '><span class='hr-inner ' ><span class='hr-inner-style'><\/span><\/span><\/div>\n<div  class='av-buildercomment  av-blog-meta-html-info-disabled av-blog-meta-tag-disabled  '><\/div>\n","protected":false},"excerpt":{"rendered":"","protected":false},"author":1,"featured_media":51623,"comment_status":"open","ping_status":"open","sticky":false,"template":"","format":"standard","meta":{"footnotes":""},"categories":[38],"tags":[],"class_list":["post-51622","post","type-post","status-publish","format-standard","has-post-thumbnail","hentry","category-regional"],"jetpack_featured_media_url":"https:\/\/radiorevelacionfm.cl\/wp-content\/uploads\/2025\/03\/foto-estanque-general-1_optimized-1.jpeg","_links":{"self":[{"href":"https:\/\/radiorevelacionfm.cl\/index.php?rest_route=\/wp\/v2\/posts\/51622","targetHints":{"allow":["GET"]}}],"collection":[{"href":"https:\/\/radiorevelacionfm.cl\/index.php?rest_route=\/wp\/v2\/posts"}],"about":[{"href":"https:\/\/radiorevelacionfm.cl\/index.php?rest_route=\/wp\/v2\/types\/post"}],"author":[{"embeddable":true,"href":"https:\/\/radiorevelacionfm.cl\/index.php?rest_route=\/wp\/v2\/users\/1"}],"replies":[{"embeddable":true,"href":"https:\/\/radiorevelacionfm.cl\/index.php?rest_route=%2Fwp%2Fv2%2Fcomments&post=51622"}],"version-history":[{"count":1,"href":"https:\/\/radiorevelacionfm.cl\/index.php?rest_route=\/wp\/v2\/posts\/51622\/revisions"}],"predecessor-version":[{"id":51624,"href":"https:\/\/radiorevelacionfm.cl\/index.php?rest_route=\/wp\/v2\/posts\/51622\/revisions\/51624"}],"wp:featuredmedia":[{"embeddable":true,"href":"https:\/\/radiorevelacionfm.cl\/index.php?rest_route=\/wp\/v2\/media\/51623"}],"wp:attachment":[{"href":"https:\/\/radiorevelacionfm.cl\/index.php?rest_route=%2Fwp%2Fv2%2Fmedia&parent=51622"}],"wp:term":[{"taxonomy":"category","embeddable":true,"href":"https:\/\/radiorevelacionfm.cl\/index.php?rest_route=%2Fwp%2Fv2%2Fcategories&post=51622"},{"taxonomy":"post_tag","embeddable":true,"href":"https:\/\/radiorevelacionfm.cl\/index.php?rest_route=%2Fwp%2Fv2%2Ftags&post=51622"}],"curies":[{"name":"wp","href":"https:\/\/api.w.org\/{rel}","templated":true}]}}