{"id":51618,"date":"2025-03-20T10:20:28","date_gmt":"2025-03-20T13:20:28","guid":{"rendered":"https:\/\/radiorevelacionfm.cl\/?p=51618"},"modified":"2025-03-20T10:20:28","modified_gmt":"2025-03-20T13:20:28","slug":"buque-cientifico-dra-barbieri-zarpo-desde-valparaiso-rumbo-a-la-region-aysen-a-estudiar-la-sardina-austral-sardina-comun-y-anchoveta","status":"publish","type":"post","link":"https:\/\/radiorevelacionfm.cl\/?p=51618","title":{"rendered":"Buque Cient\u00edfico Dra. Barbieri zarp\u00f3 desde Valpara\u00edso rumbo a la regi\u00f3n Ays\u00e9n a estudiar la sardina austral, sardina com\u00fan y anchoveta"},"content":{"rendered":"<div class=\"flex_column av_one_full  flex_column_div av-zero-column-padding first  avia-builder-el-0  el_before_av_one_full  avia-builder-el-first  \" style='border-radius:0px; '><div  class='avia-image-container  av-styling-    avia-builder-el-1  avia-builder-el-no-sibling  avia-align-center '  itemprop=\"image\" itemscope=\"itemscope\" itemtype=\"https:\/\/schema.org\/ImageObject\"  ><div class='avia-image-container-inner'><div class='avia-image-overlay-wrap'><img decoding=\"async\" class='wp-image-51619 avia-img-lazy-loading-not-51619 avia_image' src=\"https:\/\/radiorevelacionfm.cl\/wp-content\/uploads\/2025\/03\/buque_Dra_Barbieri_2-1-1.jpg\" alt='' title='buque_Dra_Barbieri_2 (1) (1)' height=\"600\" width=\"900\"  itemprop=\"thumbnailUrl\" srcset=\"https:\/\/radiorevelacionfm.cl\/wp-content\/uploads\/2025\/03\/buque_Dra_Barbieri_2-1-1.jpg 900w, https:\/\/radiorevelacionfm.cl\/wp-content\/uploads\/2025\/03\/buque_Dra_Barbieri_2-1-1-300x200.jpg 300w, https:\/\/radiorevelacionfm.cl\/wp-content\/uploads\/2025\/03\/buque_Dra_Barbieri_2-1-1-768x512.jpg 768w, https:\/\/radiorevelacionfm.cl\/wp-content\/uploads\/2025\/03\/buque_Dra_Barbieri_2-1-1-705x470.jpg 705w, https:\/\/radiorevelacionfm.cl\/wp-content\/uploads\/2025\/03\/buque_Dra_Barbieri_2-1-1-450x300.jpg 450w, https:\/\/radiorevelacionfm.cl\/wp-content\/uploads\/2025\/03\/buque_Dra_Barbieri_2-1-1-600x400.jpg 600w\" sizes=\"(max-width: 900px) 100vw, 900px\" \/><\/div><\/div><\/div><\/div><div class=\"flex_column av_one_full  flex_column_div av-zero-column-padding first  avia-builder-el-2  el_after_av_one_full  el_before_av_one_full  column-top-margin\" style='border-radius:0px; '><section class=\"av_textblock_section \"  itemscope=\"itemscope\" itemtype=\"https:\/\/schema.org\/BlogPosting\" itemprop=\"blogPost\" ><div class='avia_textblock  '   itemprop=\"text\" ><p style=\"text-align: center;\"><span style=\"font-size: 18pt;\"><b>Buque Cient\u00edfico Dra. Barbieri zarp\u00f3 desde Valpara\u00edso rumbo a la regi\u00f3n Ays\u00e9n a estudiar la sardina austral, sardina com\u00fan y anchoveta<\/b><\/span><\/p>\n<div id=\"gtx-trans\" style=\"position: absolute; left: -50px; top: 4.31534px;\">\n<div class=\"gtx-trans-icon\"><\/div>\n<\/div>\n<\/div><\/section><\/div><div class=\"flex_column av_one_full  flex_column_div av-zero-column-padding first  avia-builder-el-4  el_after_av_one_full  el_before_av_hr  column-top-margin\" style='border-radius:0px; '><section class=\"av_textblock_section \"  itemscope=\"itemscope\" itemtype=\"https:\/\/schema.org\/BlogPosting\" itemprop=\"blogPost\" ><div class='avia_textblock  '   itemprop=\"text\" ><p style=\"text-align: justify;\">El 17 de marzo, zarp\u00f3 desde el Puerto de Valpara\u00edso el buque Cient\u00edfico Dra. Barbieri, a realizar la prospecci\u00f3n ac\u00fastica-pesquera y oceanogr\u00e1fica para evaluar la biomasa, mediante m\u00e9todos hidroac\u00fasticos, de los recursos peque\u00f1os pel\u00e1gicos, sardina austral, sardina com\u00fan y anchoveta presentes en aguas interiores de la regi\u00f3n de Ays\u00e9n del general Carlos Ib\u00e1\u00f1ez del Campo.<\/p>\n<p style=\"text-align: justify;\">El jefe de crucero es Javier Legua y el capit\u00e1n del buque es Jorge Acevedo, ellos con un equipo de 17\u00a0 profesionales, t\u00e9cnicos y la tripulaci\u00f3n del buque, recorrer\u00e1n la regi\u00f3n de Ays\u00e9n, para recolectar los datos que permitir\u00e1n cumplir con los objetivos y resultados esperados del proyecto, encargado al IFOP por la Subsecretar\u00eda de Econom\u00eda y Empresas de Menor Tama\u00f1o y la Subsecretar\u00eda de Pesca y Acuicultura.<\/p>\n<p style=\"text-align: justify;\"><strong>Los objetivos espec\u00edficos del estudio son:<\/strong><\/p>\n<p style=\"text-align: justify;\">Realizar una prospecci\u00f3n ac\u00fastica en la zona de estudio a fin de estimar el tama\u00f1o del stock de los recursos sardina austral, sardina com\u00fan y anchoveta, as\u00ed como su distribuci\u00f3n espacial en el per\u00edodo de m\u00e1ximo reclutamiento a la pesquer\u00eda.<\/p>\n<p style=\"text-align: justify;\">Realizar una prospecci\u00f3n pesquera a fin de caracterizar y analizar, mediante indicadores biol\u00f3gicos, la composici\u00f3n demogr\u00e1fica y la variaci\u00f3n interanual de los stocks evaluados.<\/p>\n<p style=\"text-align: justify;\">Efectuar una prospecci\u00f3n bio-oceanogr\u00e1fica para caracterizar y analizar las condiciones ambientales en el \u00e1rea y periodo de estudio y su relaci\u00f3n con la distribuci\u00f3n espacial de los recursos.<\/p>\n<p style=\"text-align: justify;\">Jorge Castillo investigador senior de IFOP y jefe del proyecto,\u00a0se refiri\u00f3 a los resultados esperados de este crucero, se\u00f1alando que la importancia y relevancia de este estudio radica en que los estimados de biomasa y la demograf\u00eda de las especies, son una pieza fundamental en el modelamiento del stock para establecer su estatus y definir los niveles de explotaci\u00f3n de los recursos que requiere la Subsecretar\u00eda de Pesca y Acuicultura. La informaci\u00f3n oceanogr\u00e1fica permitir\u00e1 caracterizar el ambiente en que se localizan las especies y se podr\u00e1 hacer un seguimiento hist\u00f3rico de las condiciones ambientales f\u00edsicas y de la oferta de alimento disponible a los recursos pesqueros en la regi\u00f3n, puesto que los resultados obtenidos en este crucero se agregan a la serie de datos creada a partir del a\u00f1o 2014. A lo anterior se debe agregar que en el mismo periodo de tiempo se est\u00e1 realizando el estudio similar en el mar interior de la regi\u00f3n de Los Lagos, con lo cual se obtendr\u00e1n los estimados del tama\u00f1o del stock y sus caracter\u00edsticas ambientales en las regiones de Ays\u00e9n y Los Lagos. Se destaca que el equipamiento ac\u00fastico, oceanogr\u00e1fico y pesquero del BC Dra. Barbieri cumple con los m\u00e1s altos est\u00e1ndar cient\u00edficos requeridos en este tipo de investigaciones, sum\u00e1ndose las facilidades para preprocesar los datos a bordo, lo que facilita y anticipa la entrega de los resultados finales a los requirentes.<\/p>\n<\/div><\/section><\/div><div  style='height:50px' class='hr hr-invisible   avia-builder-el-6  el_after_av_one_full  el_before_av_social_share '><span class='hr-inner ' ><span class='hr-inner-style'><\/span><\/span><\/div><\/p>\n<div  class='av-social-sharing-box  avia-builder-el-7  el_after_av_hr  el_before_av_hr  '><div class='av-share-box'><h5 class='av-share-link-description av-no-toc '>Compartir esta noticia<\/h5><ul class='av-share-box-list noLightbox'><li class='av-share-link av-social-link-facebook' ><a target=\"_blank\" aria-label=\"Compartir en Facebook\" href='https:\/\/www.facebook.com\/sharer.php?u=https:\/\/radiorevelacionfm.cl\/?p=51618&#038;t=Buque%20Cient%C3%ADfico%20Dra.%20Barbieri%20zarp%C3%B3%20desde%20Valpara%C3%ADso%20rumbo%20a%20la%20regi%C3%B3n%20Ays%C3%A9n%20a%20estudiar%20la%20sardina%20austral%2C%20sardina%20com%C3%BAn%20y%20anchoveta' aria-hidden='false' data-av_icon='\ue8f3' data-av_iconfont='entypo-fontello' title='' data-avia-related-tooltip='Compartir en Facebook' rel=\"noopener\"><span class='avia_hidden_link_text'>Compartir en Facebook<\/span><\/a><\/li><li class='av-share-link av-social-link-twitter' ><a target=\"_blank\" aria-label=\"Compartir en Twitter\" href='https:\/\/twitter.com\/share?text=Buque%20Cient%C3%ADfico%20Dra.%20Barbieri%20zarp%C3%B3%20desde%20Valpara%C3%ADso%20rumbo%20a%20la%20regi%C3%B3n%20Ays%C3%A9n%20a%20estudiar%20la%20sardina%20austral%2C%20sardina%20com%C3%BAn%20y%20anchoveta&#038;url=https:\/\/radiorevelacionfm.cl\/?p=51618' aria-hidden='false' data-av_icon='\ue8f1' data-av_iconfont='entypo-fontello' title='' data-avia-related-tooltip='Compartir en Twitter' rel=\"noopener\"><span class='avia_hidden_link_text'>Compartir en Twitter<\/span><\/a><\/li><li class='av-share-link av-social-link-whatsapp' ><a target=\"_blank\" aria-label=\"Compartir en Whatsapp\" href='https:\/\/api.whatsapp.com\/send?text=https:\/\/radiorevelacionfm.cl\/?p=51618' aria-hidden='false' data-av_icon='\uf232' data-av_iconfont='entypo-fontello' title='' data-avia-related-tooltip='Compartir en Whatsapp' rel=\"noopener\"><span class='avia_hidden_link_text'>Compartir en Whatsapp<\/span><\/a><\/li><li class='av-share-link av-social-link-linkedin' ><a target=\"_blank\" aria-label=\"Compartir en LinkedIn\" href='https:\/\/linkedin.com\/shareArticle?mini=true&#038;title=Buque%20Cient%C3%ADfico%20Dra.%20Barbieri%20zarp%C3%B3%20desde%20Valpara%C3%ADso%20rumbo%20a%20la%20regi%C3%B3n%20Ays%C3%A9n%20a%20estudiar%20la%20sardina%20austral%2C%20sardina%20com%C3%BAn%20y%20anchoveta&#038;url=https:\/\/radiorevelacionfm.cl\/?p=51618' aria-hidden='false' data-av_icon='\ue8fc' data-av_iconfont='entypo-fontello' title='' data-avia-related-tooltip='Compartir en LinkedIn' rel=\"noopener\"><span class='avia_hidden_link_text'>Compartir en LinkedIn<\/span><\/a><\/li><li class='av-share-link av-social-link-mail' ><a  aria-label=\"Compartir por correo\" href='mailto:?subject=Buque%20Cient%C3%ADfico%20Dra.%20Barbieri%20zarp%C3%B3%20desde%20Valpara%C3%ADso%20rumbo%20a%20la%20regi%C3%B3n%20Ays%C3%A9n%20a%20estudiar%20la%20sardina%20austral%2C%20sardina%20com%C3%BAn%20y%20anchoveta&#038;body=https:\/\/radiorevelacionfm.cl\/?p=51618' aria-hidden='false' data-av_icon='\ue805' data-av_iconfont='entypo-fontello' title='' data-avia-related-tooltip='Compartir por correo'><span class='avia_hidden_link_text'>Compartir por correo<\/span><\/a><\/li><\/ul><\/div><\/div>\n<div  style='height:50px' class='hr hr-invisible   avia-builder-el-8  el_after_av_social_share  el_before_av_comments_list '><span class='hr-inner ' ><span class='hr-inner-style'><\/span><\/span><\/div>\n<div  class='av-buildercomment  av-blog-meta-html-info-disabled av-blog-meta-tag-disabled  '><\/div>\n","protected":false},"excerpt":{"rendered":"","protected":false},"author":1,"featured_media":51619,"comment_status":"open","ping_status":"open","sticky":false,"template":"","format":"standard","meta":{"footnotes":""},"categories":[38],"tags":[],"class_list":["post-51618","post","type-post","status-publish","format-standard","has-post-thumbnail","hentry","category-regional"],"jetpack_featured_media_url":"https:\/\/radiorevelacionfm.cl\/wp-content\/uploads\/2025\/03\/buque_Dra_Barbieri_2-1-1.jpg","_links":{"self":[{"href":"https:\/\/radiorevelacionfm.cl\/index.php?rest_route=\/wp\/v2\/posts\/51618","targetHints":{"allow":["GET"]}}],"collection":[{"href":"https:\/\/radiorevelacionfm.cl\/index.php?rest_route=\/wp\/v2\/posts"}],"about":[{"href":"https:\/\/radiorevelacionfm.cl\/index.php?rest_route=\/wp\/v2\/types\/post"}],"author":[{"embeddable":true,"href":"https:\/\/radiorevelacionfm.cl\/index.php?rest_route=\/wp\/v2\/users\/1"}],"replies":[{"embeddable":true,"href":"https:\/\/radiorevelacionfm.cl\/index.php?rest_route=%2Fwp%2Fv2%2Fcomments&post=51618"}],"version-history":[{"count":1,"href":"https:\/\/radiorevelacionfm.cl\/index.php?rest_route=\/wp\/v2\/posts\/51618\/revisions"}],"predecessor-version":[{"id":51620,"href":"https:\/\/radiorevelacionfm.cl\/index.php?rest_route=\/wp\/v2\/posts\/51618\/revisions\/51620"}],"wp:featuredmedia":[{"embeddable":true,"href":"https:\/\/radiorevelacionfm.cl\/index.php?rest_route=\/wp\/v2\/media\/51619"}],"wp:attachment":[{"href":"https:\/\/radiorevelacionfm.cl\/index.php?rest_route=%2Fwp%2Fv2%2Fmedia&parent=51618"}],"wp:term":[{"taxonomy":"category","embeddable":true,"href":"https:\/\/radiorevelacionfm.cl\/index.php?rest_route=%2Fwp%2Fv2%2Fcategories&post=51618"},{"taxonomy":"post_tag","embeddable":true,"href":"https:\/\/radiorevelacionfm.cl\/index.php?rest_route=%2Fwp%2Fv2%2Ftags&post=51618"}],"curies":[{"name":"wp","href":"https:\/\/api.w.org\/{rel}","templated":true}]}}