{"id":51612,"date":"2025-03-20T11:00:45","date_gmt":"2025-03-20T14:00:45","guid":{"rendered":"https:\/\/radiorevelacionfm.cl\/?p=51612"},"modified":"2025-03-20T11:00:45","modified_gmt":"2025-03-20T14:00:45","slug":"estudiantes-de-chile-chico-reciben-induccion-tecnica-en-electricidad-con-apoyo-de-edelaysen","status":"publish","type":"post","link":"https:\/\/radiorevelacionfm.cl\/?p=51612","title":{"rendered":"Estudiantes de Chile Chico reciben inducci\u00f3n t\u00e9cnica en electricidad con apoyo de Edelaysen"},"content":{"rendered":"<div class=\"flex_column av_one_full  flex_column_div av-zero-column-padding first  avia-builder-el-0  el_before_av_one_full  avia-builder-el-first  \" style='border-radius:0px; '><div  class='avia-image-container  av-styling-    avia-builder-el-1  avia-builder-el-no-sibling  avia-align-center '  itemprop=\"image\" itemscope=\"itemscope\" itemtype=\"https:\/\/schema.org\/ImageObject\"  ><div class='avia-image-container-inner'><div class='avia-image-overlay-wrap'><img decoding=\"async\" class='wp-image-51613 avia-img-lazy-loading-not-51613 avia_image' src=\"https:\/\/radiorevelacionfm.cl\/wp-content\/uploads\/2025\/03\/liceos-electricos-3-1_optimized-1.jpeg\" alt='' title='liceos-el\u00e9ctricos-3-(1)_optimized (1)' height=\"600\" width=\"800\"  itemprop=\"thumbnailUrl\" srcset=\"https:\/\/radiorevelacionfm.cl\/wp-content\/uploads\/2025\/03\/liceos-electricos-3-1_optimized-1.jpeg 800w, https:\/\/radiorevelacionfm.cl\/wp-content\/uploads\/2025\/03\/liceos-electricos-3-1_optimized-1-300x225.jpeg 300w, https:\/\/radiorevelacionfm.cl\/wp-content\/uploads\/2025\/03\/liceos-electricos-3-1_optimized-1-768x576.jpeg 768w, https:\/\/radiorevelacionfm.cl\/wp-content\/uploads\/2025\/03\/liceos-electricos-3-1_optimized-1-705x529.jpeg 705w, https:\/\/radiorevelacionfm.cl\/wp-content\/uploads\/2025\/03\/liceos-electricos-3-1_optimized-1-450x338.jpeg 450w, https:\/\/radiorevelacionfm.cl\/wp-content\/uploads\/2025\/03\/liceos-electricos-3-1_optimized-1-600x450.jpeg 600w\" sizes=\"(max-width: 800px) 100vw, 800px\" \/><\/div><\/div><\/div><\/div><div class=\"flex_column av_one_full  flex_column_div av-zero-column-padding first  avia-builder-el-2  el_after_av_one_full  el_before_av_one_full  column-top-margin\" style='border-radius:0px; '><section class=\"av_textblock_section \"  itemscope=\"itemscope\" itemtype=\"https:\/\/schema.org\/BlogPosting\" itemprop=\"blogPost\" ><div class='avia_textblock  '   itemprop=\"text\" ><p style=\"text-align: center;\"><strong><span style=\"font-size: 18pt;\">Estudiantes de Chile Chico reciben inducci\u00f3n t\u00e9cnica en electricidad con apoyo de Edelaysen<\/span><\/strong><\/p>\n<div id=\"gtx-trans\" style=\"position: absolute; left: -50px; top: 4.31534px;\">\n<div class=\"gtx-trans-icon\"><\/div>\n<\/div>\n<\/div><\/section><\/div><div class=\"flex_column av_one_full  flex_column_div av-zero-column-padding first  avia-builder-el-4  el_after_av_one_full  el_before_av_hr  column-top-margin\" style='border-radius:0px; '><section class=\"av_textblock_section \"  itemscope=\"itemscope\" itemtype=\"https:\/\/schema.org\/BlogPosting\" itemprop=\"blogPost\" ><div class='avia_textblock  '   itemprop=\"text\" ><ul>\n<li style=\"text-align: justify;\"><em>En el marco del inicio del a\u00f1o acad\u00e9mico, la el\u00e9ctrica acompa\u00f1\u00f3 a los alumnos de 3\u00ba y 4\u00ba medio de la especialidad de electricidad del liceo Luisa Rabanal Palma de Chile Chico, con una demostraci\u00f3n pr\u00e1ctica en el patio de entrenamiento.<\/em><\/li>\n<\/ul>\n<p style=\"text-align: justify;\">Con el objetivo de reforzar la formaci\u00f3n t\u00e9cnica de los futuros profesionales del \u00e1rea el\u00e9ctrica, Edelaysen particip\u00f3 en una jornada de inducci\u00f3n junto a los estudiantes de 3\u00ba y 4\u00ba medio de la especialidad de electricidad del liceo Luisa Rabanal Palma de la comuna de Chile Chico.<\/p>\n<p style=\"text-align: justify;\">La actividad se realiz\u00f3 en el patio de entrenamiento del establecimiento donado por la el\u00e9ctrica en el marco de su programa \u201cLiceos El\u00e9ctricos\u201d, donde el equipo t\u00e9cnico de Edelaysen llev\u00f3 a cabo una demostraci\u00f3n pr\u00e1ctica sobre el trabajo con l\u00edneas el\u00e9ctricas, explicando los procedimientos clave, las herramientas utilizadas y la importancia de aplicar las medidas de seguridad en cada labor.<\/p>\n<p style=\"text-align: justify;\">De esta manera, Yasna Vera, ejecutiva de Edelaysen destac\u00f3 que:\u00a0 \u201cEstamos muy contentos de poder hacer esta primera inducci\u00f3n para los estudiantes, sobre todo para los de 3\u00ba que es primera vez adem\u00e1s que la reciben. Para nosotros es fundamental apoyar a los j\u00f3venes que se est\u00e1n formando en el \u00e1rea de la electricidad, entreg\u00e1ndoles experiencias en terreno que complementen su aprendizaje te\u00f3rico y refuercen la importancia de la seguridad en cada trabajo\u201d.<\/p>\n<p style=\"text-align: justify;\">Por su parte, Ra\u00fal Retamal docente del \u00e1rea t\u00e9cnica profesional y coordinador de la especialidad de electricidad del establecimiento destac\u00f3 que: \u201cEstamos partiendo el a\u00f1o y estamos muy contentos, pues tenemos 21 alumnos en 3\u00ba medio, tenemos 9 alumnos en 4\u00ba medio y muy contentos con este nuevo a\u00f1o, nuevos desaf\u00edos de poder sacar nuevos profesionales en la especialidad y que Edelaysen como empresa nos venga a ayudar y a potenciar e incentivar a los j\u00f3venes a que tengan un buen pasar y que aprendan este lindo trabajo que es el \u00e1rea el\u00e9ctrica. As\u00ed que agradecer a la brigada y a Edelaysen y a que podamos seguir trabajando juntos\u201d.<\/p>\n<p style=\"text-align: justify;\">As\u00ed mismo, Amaro Norambuena de 3\u00ba medio de la especialidad de electricidad destac\u00f3: \u201cMe gust\u00f3 bastante lo que nos acaban de ense\u00f1ar, aprend\u00ed bastante de como funciona la empresa de electricidad ac\u00e1 porque siempre desde peque\u00f1o ten\u00eda esas dudas, de como eran los trabajos, que era lo que hac\u00edan, y lo que me interes\u00f3 fue la forma en la que cambiaban los fusibles, dir\u00eda que la forma en la que se trabaja tambi\u00e9n en equipo, ya que ambos pon\u00edan de su parte y tanto el que se sube al poste como el que se queda abajo tienen su trabajo particular\u201d.<\/p>\n<p style=\"text-align: justify;\">La iniciativa, enmarcada en el programa de \u201cLiceos El\u00e9ctricos\u201d de Edelaysen junto a Grupo Saesa, busca potenciar la educaci\u00f3n t\u00e9cnica en la regi\u00f3n, acercando a los estudiantes a experiencias pr\u00e1cticas que los preparen para el mundo laboral.<\/p>\n<p style=\"text-align: justify;\"><strong>\u00a0<\/strong><\/p>\n<p style=\"text-align: justify;\"><strong>\u00a0<\/strong><\/p>\n<\/div><\/section><\/div><div  style='height:50px' class='hr hr-invisible   avia-builder-el-6  el_after_av_one_full  el_before_av_social_share '><span class='hr-inner ' ><span class='hr-inner-style'><\/span><\/span><\/div><\/p>\n<div  class='av-social-sharing-box  avia-builder-el-7  el_after_av_hr  el_before_av_hr  '><div class='av-share-box'><h5 class='av-share-link-description av-no-toc '>Compartir esta noticia<\/h5><ul class='av-share-box-list noLightbox'><li class='av-share-link av-social-link-facebook' ><a target=\"_blank\" aria-label=\"Compartir en Facebook\" href='https:\/\/www.facebook.com\/sharer.php?u=https:\/\/radiorevelacionfm.cl\/?p=51612&#038;t=Estudiantes%20de%20Chile%20Chico%20reciben%20inducci%C3%B3n%20t%C3%A9cnica%20en%20electricidad%20con%20apoyo%20de%20Edelaysen' aria-hidden='false' data-av_icon='\ue8f3' data-av_iconfont='entypo-fontello' title='' data-avia-related-tooltip='Compartir en Facebook' rel=\"noopener\"><span class='avia_hidden_link_text'>Compartir en Facebook<\/span><\/a><\/li><li class='av-share-link av-social-link-twitter' ><a target=\"_blank\" aria-label=\"Compartir en Twitter\" href='https:\/\/twitter.com\/share?text=Estudiantes%20de%20Chile%20Chico%20reciben%20inducci%C3%B3n%20t%C3%A9cnica%20en%20electricidad%20con%20apoyo%20de%20Edelaysen&#038;url=https:\/\/radiorevelacionfm.cl\/?p=51612' aria-hidden='false' data-av_icon='\ue8f1' data-av_iconfont='entypo-fontello' title='' data-avia-related-tooltip='Compartir en Twitter' rel=\"noopener\"><span class='avia_hidden_link_text'>Compartir en Twitter<\/span><\/a><\/li><li class='av-share-link av-social-link-whatsapp' ><a target=\"_blank\" aria-label=\"Compartir en Whatsapp\" href='https:\/\/api.whatsapp.com\/send?text=https:\/\/radiorevelacionfm.cl\/?p=51612' aria-hidden='false' data-av_icon='\uf232' data-av_iconfont='entypo-fontello' title='' data-avia-related-tooltip='Compartir en Whatsapp' rel=\"noopener\"><span class='avia_hidden_link_text'>Compartir en Whatsapp<\/span><\/a><\/li><li class='av-share-link av-social-link-linkedin' ><a target=\"_blank\" aria-label=\"Compartir en LinkedIn\" href='https:\/\/linkedin.com\/shareArticle?mini=true&#038;title=Estudiantes%20de%20Chile%20Chico%20reciben%20inducci%C3%B3n%20t%C3%A9cnica%20en%20electricidad%20con%20apoyo%20de%20Edelaysen&#038;url=https:\/\/radiorevelacionfm.cl\/?p=51612' aria-hidden='false' data-av_icon='\ue8fc' data-av_iconfont='entypo-fontello' title='' data-avia-related-tooltip='Compartir en LinkedIn' rel=\"noopener\"><span class='avia_hidden_link_text'>Compartir en LinkedIn<\/span><\/a><\/li><li class='av-share-link av-social-link-mail' ><a  aria-label=\"Compartir por correo\" href='mailto:?subject=Estudiantes%20de%20Chile%20Chico%20reciben%20inducci%C3%B3n%20t%C3%A9cnica%20en%20electricidad%20con%20apoyo%20de%20Edelaysen&#038;body=https:\/\/radiorevelacionfm.cl\/?p=51612' aria-hidden='false' data-av_icon='\ue805' data-av_iconfont='entypo-fontello' title='' data-avia-related-tooltip='Compartir por correo'><span class='avia_hidden_link_text'>Compartir por correo<\/span><\/a><\/li><\/ul><\/div><\/div>\n<div  style='height:50px' class='hr hr-invisible   avia-builder-el-8  el_after_av_social_share  el_before_av_comments_list '><span class='hr-inner ' ><span class='hr-inner-style'><\/span><\/span><\/div>\n<div  class='av-buildercomment  av-blog-meta-html-info-disabled av-blog-meta-tag-disabled  '><\/div>\n","protected":false},"excerpt":{"rendered":"","protected":false},"author":1,"featured_media":51613,"comment_status":"open","ping_status":"open","sticky":false,"template":"","format":"standard","meta":{"footnotes":""},"categories":[38],"tags":[],"class_list":["post-51612","post","type-post","status-publish","format-standard","has-post-thumbnail","hentry","category-regional"],"jetpack_featured_media_url":"https:\/\/radiorevelacionfm.cl\/wp-content\/uploads\/2025\/03\/liceos-electricos-3-1_optimized-1.jpeg","_links":{"self":[{"href":"https:\/\/radiorevelacionfm.cl\/index.php?rest_route=\/wp\/v2\/posts\/51612","targetHints":{"allow":["GET"]}}],"collection":[{"href":"https:\/\/radiorevelacionfm.cl\/index.php?rest_route=\/wp\/v2\/posts"}],"about":[{"href":"https:\/\/radiorevelacionfm.cl\/index.php?rest_route=\/wp\/v2\/types\/post"}],"author":[{"embeddable":true,"href":"https:\/\/radiorevelacionfm.cl\/index.php?rest_route=\/wp\/v2\/users\/1"}],"replies":[{"embeddable":true,"href":"https:\/\/radiorevelacionfm.cl\/index.php?rest_route=%2Fwp%2Fv2%2Fcomments&post=51612"}],"version-history":[{"count":1,"href":"https:\/\/radiorevelacionfm.cl\/index.php?rest_route=\/wp\/v2\/posts\/51612\/revisions"}],"predecessor-version":[{"id":51614,"href":"https:\/\/radiorevelacionfm.cl\/index.php?rest_route=\/wp\/v2\/posts\/51612\/revisions\/51614"}],"wp:featuredmedia":[{"embeddable":true,"href":"https:\/\/radiorevelacionfm.cl\/index.php?rest_route=\/wp\/v2\/media\/51613"}],"wp:attachment":[{"href":"https:\/\/radiorevelacionfm.cl\/index.php?rest_route=%2Fwp%2Fv2%2Fmedia&parent=51612"}],"wp:term":[{"taxonomy":"category","embeddable":true,"href":"https:\/\/radiorevelacionfm.cl\/index.php?rest_route=%2Fwp%2Fv2%2Fcategories&post=51612"},{"taxonomy":"post_tag","embeddable":true,"href":"https:\/\/radiorevelacionfm.cl\/index.php?rest_route=%2Fwp%2Fv2%2Ftags&post=51612"}],"curies":[{"name":"wp","href":"https:\/\/api.w.org\/{rel}","templated":true}]}}