{"id":51607,"date":"2025-03-19T17:46:13","date_gmt":"2025-03-19T20:46:13","guid":{"rendered":"https:\/\/radiorevelacionfm.cl\/?p=51607"},"modified":"2025-03-19T17:46:13","modified_gmt":"2025-03-19T20:46:13","slug":"coyhaique-en-prision-preventiva-imputado-por-lesiones-graves-en-contexto-de-violencia-intrafamiliar-y-genero","status":"publish","type":"post","link":"https:\/\/radiorevelacionfm.cl\/?p=51607","title":{"rendered":"Coyhaique: En prisi\u00f3n preventiva imputado por lesiones graves en contexto de violencia intrafamiliar y g\u00e9nero"},"content":{"rendered":"<div class=\"flex_column av_one_full  flex_column_div av-zero-column-padding first  avia-builder-el-0  el_before_av_one_full  avia-builder-el-first  \" style='border-radius:0px; '><div  class='avia-image-container  av-styling-    avia-builder-el-1  avia-builder-el-no-sibling  avia-align-center '  itemprop=\"image\" itemscope=\"itemscope\" itemtype=\"https:\/\/schema.org\/ImageObject\"  ><div class='avia-image-container-inner'><div class='avia-image-overlay-wrap'><img decoding=\"async\" class='wp-image-50142 avia-img-lazy-loading-not-50142 avia_image' src=\"https:\/\/radiorevelacionfm.cl\/wp-content\/uploads\/2025\/01\/Imputado-1-1-1.jpg\" alt='' title='Imputado 1 (1) (1)' height=\"600\" width=\"938\"  itemprop=\"thumbnailUrl\" srcset=\"https:\/\/radiorevelacionfm.cl\/wp-content\/uploads\/2025\/01\/Imputado-1-1-1.jpg 938w, https:\/\/radiorevelacionfm.cl\/wp-content\/uploads\/2025\/01\/Imputado-1-1-1-300x192.jpg 300w, https:\/\/radiorevelacionfm.cl\/wp-content\/uploads\/2025\/01\/Imputado-1-1-1-768x491.jpg 768w, https:\/\/radiorevelacionfm.cl\/wp-content\/uploads\/2025\/01\/Imputado-1-1-1-705x451.jpg 705w, https:\/\/radiorevelacionfm.cl\/wp-content\/uploads\/2025\/01\/Imputado-1-1-1-450x288.jpg 450w, https:\/\/radiorevelacionfm.cl\/wp-content\/uploads\/2025\/01\/Imputado-1-1-1-600x384.jpg 600w\" sizes=\"(max-width: 938px) 100vw, 938px\" \/><\/div><\/div><\/div><\/div><div class=\"flex_column av_one_full  flex_column_div av-zero-column-padding first  avia-builder-el-2  el_after_av_one_full  el_before_av_one_full  column-top-margin\" style='border-radius:0px; '><section class=\"av_textblock_section \"  itemscope=\"itemscope\" itemtype=\"https:\/\/schema.org\/BlogPosting\" itemprop=\"blogPost\" ><div class='avia_textblock  '   itemprop=\"text\" ><p style=\"text-align: center;\"><span style=\"font-size: 18pt;\"><b>Coyhaique: En prisi\u00f3n preventiva imputado por lesiones graves en contexto de violencia intrafamiliar y g\u00e9nero\u00a0<\/b><\/span><\/p>\n<div id=\"gtx-trans\" style=\"position: absolute; left: -50px; top: 4.31534px;\">\n<div class=\"gtx-trans-icon\"><\/div>\n<\/div>\n<\/div><\/section><\/div><div class=\"flex_column av_one_full  flex_column_div av-zero-column-padding first  avia-builder-el-4  el_after_av_one_full  el_before_av_hr  column-top-margin\" style='border-radius:0px; '><section class=\"av_textblock_section \"  itemscope=\"itemscope\" itemtype=\"https:\/\/schema.org\/BlogPosting\" itemprop=\"blogPost\" ><div class='avia_textblock  '   itemprop=\"text\" ><p style=\"font-weight: 400; text-align: justify;\">Hechos ocurrieron el s\u00e1bado reci\u00e9n pasado. Tambi\u00e9n se le atribuyen los delitos de incendio, da\u00f1os simples y amenazas tambi\u00e9n en contexto de g\u00e9nero.<\/p>\n<p style=\"font-weight: 400; text-align: justify;\">Luego de ser detenido por Carabineros de la Primera Comisar\u00eda fue formalizado este martes ante el Juzgado de Garant\u00eda de Coyhaique, un imputado de 22 a\u00f1os, como autor de cuatro delitos cometidos en contra de su pareja y tambi\u00e9n de familiares de la joven.<\/p>\n<p style=\"font-weight: 400; text-align: justify;\">Seg\u00fan explic\u00f3 la fiscal Mar\u00eda In\u00e9s N\u00fa\u00f1ez, \u201cse control\u00f3 la detenci\u00f3n de un hombre que el d\u00eda 15 de marzo 2025 habr\u00eda efectuado una agresi\u00f3n a su c\u00f3nyuge, provoc\u00e1ndole lesiones graves en su nariz y la habr\u00eda amenazado de muerte\u201d. Los hechos ocurrieron en una plazoleta de la ciudad.<\/p>\n<p style=\"font-weight: 400; text-align: justify;\">Posteriormente, dijo la fiscal, el imputado concurri\u00f3 a la casa de los padres de su pareja.\u00a0 \u201cHabr\u00eda ido al domicilio de sus padres, les habr\u00eda intentado incendiar su casa, como asimismo efectuar da\u00f1os al vidrio del domicilio\u201d, mencion\u00f3.<\/p>\n<p style=\"font-weight: 400; text-align: justify;\">La persecutora penal agreg\u00f3 que conforme a la audiencia de control de detenci\u00f3n efectuada el martes, \u201catendido que se pidi\u00f3 una orden de detenci\u00f3n en contra del imputado, se formaliz\u00f3 investigaci\u00f3n por cuatro delitos: lesiones graves en contexto de violencia intrafamiliar y g\u00e9nero, incendio, da\u00f1os simples y amenazas tambi\u00e9n en contexto de g\u00e9nero\u201d.<\/p>\n<p style=\"font-weight: 400; text-align: justify;\">En este caso, a\u00f1adi\u00f3 la fiscal N\u00fa\u00f1ez, \u201cel Tribunal decret\u00f3 un plazo investigaci\u00f3n de 60 d\u00edas y decret\u00f3 la prisi\u00f3n preventiva del imputado\u201d. El imputado fue trasladado hasta el Complejo Penitenciario de Coyhaique por funcionarios de Gendarmer\u00eda.<\/p>\n<\/div><\/section><\/div><div  style='height:50px' class='hr hr-invisible   avia-builder-el-6  el_after_av_one_full  el_before_av_social_share '><span class='hr-inner ' ><span class='hr-inner-style'><\/span><\/span><\/div><\/p>\n<div  class='av-social-sharing-box  avia-builder-el-7  el_after_av_hr  el_before_av_hr  '><div class='av-share-box'><h5 class='av-share-link-description av-no-toc '>Compartir esta noticia<\/h5><ul class='av-share-box-list noLightbox'><li class='av-share-link av-social-link-facebook' ><a target=\"_blank\" aria-label=\"Compartir en Facebook\" href='https:\/\/www.facebook.com\/sharer.php?u=https:\/\/radiorevelacionfm.cl\/?p=51607&#038;t=Coyhaique%3A%20En%20prisi%C3%B3n%20preventiva%20imputado%20por%20lesiones%20graves%20en%20contexto%20de%20violencia%20intrafamiliar%20y%20g%C3%A9nero' aria-hidden='false' data-av_icon='\ue8f3' data-av_iconfont='entypo-fontello' title='' data-avia-related-tooltip='Compartir en Facebook' rel=\"noopener\"><span class='avia_hidden_link_text'>Compartir en Facebook<\/span><\/a><\/li><li class='av-share-link av-social-link-twitter' ><a target=\"_blank\" aria-label=\"Compartir en Twitter\" href='https:\/\/twitter.com\/share?text=Coyhaique%3A%20En%20prisi%C3%B3n%20preventiva%20imputado%20por%20lesiones%20graves%20en%20contexto%20de%20violencia%20intrafamiliar%20y%20g%C3%A9nero&#038;url=https:\/\/radiorevelacionfm.cl\/?p=51607' aria-hidden='false' data-av_icon='\ue8f1' data-av_iconfont='entypo-fontello' title='' data-avia-related-tooltip='Compartir en Twitter' rel=\"noopener\"><span class='avia_hidden_link_text'>Compartir en Twitter<\/span><\/a><\/li><li class='av-share-link av-social-link-whatsapp' ><a target=\"_blank\" aria-label=\"Compartir en Whatsapp\" href='https:\/\/api.whatsapp.com\/send?text=https:\/\/radiorevelacionfm.cl\/?p=51607' aria-hidden='false' data-av_icon='\uf232' data-av_iconfont='entypo-fontello' title='' data-avia-related-tooltip='Compartir en Whatsapp' rel=\"noopener\"><span class='avia_hidden_link_text'>Compartir en Whatsapp<\/span><\/a><\/li><li class='av-share-link av-social-link-linkedin' ><a target=\"_blank\" aria-label=\"Compartir en LinkedIn\" href='https:\/\/linkedin.com\/shareArticle?mini=true&#038;title=Coyhaique%3A%20En%20prisi%C3%B3n%20preventiva%20imputado%20por%20lesiones%20graves%20en%20contexto%20de%20violencia%20intrafamiliar%20y%20g%C3%A9nero&#038;url=https:\/\/radiorevelacionfm.cl\/?p=51607' aria-hidden='false' data-av_icon='\ue8fc' data-av_iconfont='entypo-fontello' title='' data-avia-related-tooltip='Compartir en LinkedIn' rel=\"noopener\"><span class='avia_hidden_link_text'>Compartir en LinkedIn<\/span><\/a><\/li><li class='av-share-link av-social-link-mail' ><a  aria-label=\"Compartir por correo\" href='mailto:?subject=Coyhaique%3A%20En%20prisi%C3%B3n%20preventiva%20imputado%20por%20lesiones%20graves%20en%20contexto%20de%20violencia%20intrafamiliar%20y%20g%C3%A9nero&#038;body=https:\/\/radiorevelacionfm.cl\/?p=51607' aria-hidden='false' data-av_icon='\ue805' data-av_iconfont='entypo-fontello' title='' data-avia-related-tooltip='Compartir por correo'><span class='avia_hidden_link_text'>Compartir por correo<\/span><\/a><\/li><\/ul><\/div><\/div>\n<div  style='height:50px' class='hr hr-invisible   avia-builder-el-8  el_after_av_social_share  el_before_av_comments_list '><span class='hr-inner ' ><span class='hr-inner-style'><\/span><\/span><\/div>\n<div  class='av-buildercomment  av-blog-meta-html-info-disabled av-blog-meta-tag-disabled  '><\/div>\n","protected":false},"excerpt":{"rendered":"","protected":false},"author":1,"featured_media":50142,"comment_status":"open","ping_status":"open","sticky":false,"template":"","format":"standard","meta":{"footnotes":""},"categories":[36],"tags":[],"class_list":["post-51607","post","type-post","status-publish","format-standard","has-post-thumbnail","hentry","category-policial"],"jetpack_featured_media_url":"https:\/\/radiorevelacionfm.cl\/wp-content\/uploads\/2025\/01\/Imputado-1-1-1.jpg","_links":{"self":[{"href":"https:\/\/radiorevelacionfm.cl\/index.php?rest_route=\/wp\/v2\/posts\/51607","targetHints":{"allow":["GET"]}}],"collection":[{"href":"https:\/\/radiorevelacionfm.cl\/index.php?rest_route=\/wp\/v2\/posts"}],"about":[{"href":"https:\/\/radiorevelacionfm.cl\/index.php?rest_route=\/wp\/v2\/types\/post"}],"author":[{"embeddable":true,"href":"https:\/\/radiorevelacionfm.cl\/index.php?rest_route=\/wp\/v2\/users\/1"}],"replies":[{"embeddable":true,"href":"https:\/\/radiorevelacionfm.cl\/index.php?rest_route=%2Fwp%2Fv2%2Fcomments&post=51607"}],"version-history":[{"count":1,"href":"https:\/\/radiorevelacionfm.cl\/index.php?rest_route=\/wp\/v2\/posts\/51607\/revisions"}],"predecessor-version":[{"id":51608,"href":"https:\/\/radiorevelacionfm.cl\/index.php?rest_route=\/wp\/v2\/posts\/51607\/revisions\/51608"}],"wp:featuredmedia":[{"embeddable":true,"href":"https:\/\/radiorevelacionfm.cl\/index.php?rest_route=\/wp\/v2\/media\/50142"}],"wp:attachment":[{"href":"https:\/\/radiorevelacionfm.cl\/index.php?rest_route=%2Fwp%2Fv2%2Fmedia&parent=51607"}],"wp:term":[{"taxonomy":"category","embeddable":true,"href":"https:\/\/radiorevelacionfm.cl\/index.php?rest_route=%2Fwp%2Fv2%2Fcategories&post=51607"},{"taxonomy":"post_tag","embeddable":true,"href":"https:\/\/radiorevelacionfm.cl\/index.php?rest_route=%2Fwp%2Fv2%2Ftags&post=51607"}],"curies":[{"name":"wp","href":"https:\/\/api.w.org\/{rel}","templated":true}]}}