{"id":51604,"date":"2025-03-20T10:07:47","date_gmt":"2025-03-20T13:07:47","guid":{"rendered":"https:\/\/radiorevelacionfm.cl\/?p=51604"},"modified":"2025-03-20T10:07:47","modified_gmt":"2025-03-20T13:07:47","slug":"mes-del-clima-invitamos-a-la-comunidad-coyhaiquina-a-sumarse-a-una-jornada-de-limpieza-por-la-hora-del-planeta","status":"publish","type":"post","link":"https:\/\/radiorevelacionfm.cl\/?p=51604","title":{"rendered":"Mes del clima: \u00a1Invitamos a la comunidad coyhaiquina a sumarse a una jornada de limpieza por la Hora del Planeta!"},"content":{"rendered":"<div class=\"flex_column av_one_full  flex_column_div av-zero-column-padding first  avia-builder-el-0  el_before_av_one_full  avia-builder-el-first  \" style='border-radius:0px; '><div  class='avia-image-container  av-styling-    avia-builder-el-1  avia-builder-el-no-sibling  avia-align-center '  itemprop=\"image\" itemscope=\"itemscope\" itemtype=\"https:\/\/schema.org\/ImageObject\"  ><div class='avia-image-container-inner'><div class='avia-image-overlay-wrap'><img decoding=\"async\" class='wp-image-51605 avia-img-lazy-loading-not-51605 avia_image' src=\"https:\/\/radiorevelacionfm.cl\/wp-content\/uploads\/2025\/03\/lhdp-1-1_optimized.jpg\" alt='' title='lhdp-(1)-(1)_optimized' height=\"600\" width=\"1067\"  itemprop=\"thumbnailUrl\" srcset=\"https:\/\/radiorevelacionfm.cl\/wp-content\/uploads\/2025\/03\/lhdp-1-1_optimized.jpg 1067w, https:\/\/radiorevelacionfm.cl\/wp-content\/uploads\/2025\/03\/lhdp-1-1_optimized-300x169.jpg 300w, https:\/\/radiorevelacionfm.cl\/wp-content\/uploads\/2025\/03\/lhdp-1-1_optimized-1030x579.jpg 1030w, https:\/\/radiorevelacionfm.cl\/wp-content\/uploads\/2025\/03\/lhdp-1-1_optimized-768x432.jpg 768w, https:\/\/radiorevelacionfm.cl\/wp-content\/uploads\/2025\/03\/lhdp-1-1_optimized-705x396.jpg 705w, https:\/\/radiorevelacionfm.cl\/wp-content\/uploads\/2025\/03\/lhdp-1-1_optimized-450x253.jpg 450w, https:\/\/radiorevelacionfm.cl\/wp-content\/uploads\/2025\/03\/lhdp-1-1_optimized-600x337.jpg 600w\" sizes=\"(max-width: 1067px) 100vw, 1067px\" \/><\/div><\/div><\/div><\/div><div class=\"flex_column av_one_full  flex_column_div av-zero-column-padding first  avia-builder-el-2  el_after_av_one_full  el_before_av_one_full  column-top-margin\" style='border-radius:0px; '><section class=\"av_textblock_section \"  itemscope=\"itemscope\" itemtype=\"https:\/\/schema.org\/BlogPosting\" itemprop=\"blogPost\" ><div class='avia_textblock  '   itemprop=\"text\" ><p style=\"text-align: center;\"><span style=\"font-size: 18pt;\"><strong>Mes del clima:\u00a0<\/strong><strong>\u00a1Invitamos a la comunidad coyhaiquina a sumarse a una jornada de limpieza por la Hora del Planeta!<\/strong><\/span><\/p>\n<div id=\"gtx-trans\" style=\"position: absolute; left: -50px; top: 4.31534px;\">\n<div class=\"gtx-trans-icon\"><\/div>\n<\/div>\n<\/div><\/section><\/div><div class=\"flex_column av_one_full  flex_column_div av-zero-column-padding first  avia-builder-el-4  el_after_av_one_full  el_before_av_hr  column-top-margin\" style='border-radius:0px; '><section class=\"av_textblock_section \"  itemscope=\"itemscope\" itemtype=\"https:\/\/schema.org\/BlogPosting\" itemprop=\"blogPost\" ><div class='avia_textblock  '   itemprop=\"text\" ><p style=\"text-align: justify;\">A fines de cada marzo se lleva a cabo el movimiento global denominado La Hora del Planeta, este a\u00f1o, en el marco del mes del clima y coincidente con el d\u00eda del agua, la Seremi del Medio Ambiente, en colaboraci\u00f3n con los organizadores del LimpiaFest est\u00e1n convocando a participar de una limpieza ciudadana en la ribera del Rio Simpson.<\/p>\n<p style=\"text-align: justify;\">La iniciativa liderada por la WWF invita al gesto simb\u00f3lico de apagar las luces por 60 minutos en se\u00f1al de apoyo al movimiento para concientizar a las personas sobre el cambio clim\u00e1tico y dar un respiro al planeta<\/p>\n<p style=\"text-align: justify;\">\u201cNos sumamos a la hora del planeta esta iniciativa a nivel mundial que busca dar un respiro a nuestro planeta y a hacer conciencia respecto a las acciones que realizamos. La primera invitaci\u00f3n es que a las 20: 30 del d\u00eda s\u00e1bado 22 de marzo el planeta se apaga y todos podamos sumarnos a estos 60 minutos disminuyendo a la menor cantidad del consumo de energ\u00eda\u201d, explic\u00f3 el seremi del medio Ambiente, Yoal D\u00edaz, agregando que para el a\u00f1o 2025, la WWF ha incluido una nueva iniciativa para sumarse al proceso, levantando un Banco de horas, donde las personas que apoyan la iniciativa pueden sumar sus diversas actividades sustentables que van desde la sensibilizaci\u00f3n, hasta el compostaje y reciclaje \u201cLa segunda invitaci\u00f3n es hacerse parte del Banco de Horas, que es una iniciativa que busca realizar distintas acciones que permitan generar un aporte al desarrollo sustentable, avanzar con distintas gestiones, con residuos, con compostaje, con limpiezas, etc\u201d, agreg\u00f3.<\/p>\n<p style=\"text-align: justify;\">Para sumar a Coyhaique al banco de horas disponible en lahoradelplaneta.cl\/banco-de-horas\/ y en coincidencia adem\u00e1s con el d\u00eda del agua, el equipo de la Seremi del Medio Ambiente se ha sumado en colaboraci\u00f3n al equipo del LimpiaFest, para convocar a la ciudadan\u00eda a una limpieza comunitaria de ribera de rio.<\/p>\n<p style=\"text-align: justify;\">\u201cEl LimpiaFest es una iniciativa que invita a la comunidad completa a hacer voluntariado en una jornada de limpieza de los r\u00edos de las \u00e1reas verdes ac\u00e1 en la Patagonia chilena. Nos sumamos a la hora del planeta como la jornada de limpieza con todo el voluntariado, por cada hora que pase se sumar\u00e1 no solamente como un ahorro energ\u00e9tico, sino como voluntariado, donde vamos a reciclar, separar residuos por cada contenedor, clasificando y no solamente eso, sino incentivando a la gente a ahorrar energ\u00eda, a reciclar y a cuidar nuestro entorno verde\u201d, recalc\u00f3 el organizador del LimpiaFest, Lucas Espinoza.<\/p>\n<p style=\"text-align: justify;\">La cita est\u00e1 preparada para el s\u00e1bado 22 de marzo en el mirador bypass del R\u00edo Simpson en Coyhaique, se espera a las y los voluntarios participen de la jornada que iniciar\u00e1 a las 9:00 am y se extender\u00e1 hasta las 12:30 hrs, dividiendo al voluntariado en tres comitivas que recoger\u00e1n residuos en los 3 puntos considerados para la intervenci\u00f3n. Los organizadores de esta fiesta de limpieza han considerado elementos de seguridad, as\u00ed como snacks para las y los participantes.<\/p>\n<\/div><\/section><\/div><div  style='height:50px' class='hr hr-invisible   avia-builder-el-6  el_after_av_one_full  el_before_av_social_share '><span class='hr-inner ' ><span class='hr-inner-style'><\/span><\/span><\/div><\/p>\n<div  class='av-social-sharing-box  avia-builder-el-7  el_after_av_hr  el_before_av_hr  '><div class='av-share-box'><h5 class='av-share-link-description av-no-toc '>Compartir esta noticia<\/h5><ul class='av-share-box-list noLightbox'><li class='av-share-link av-social-link-facebook' ><a target=\"_blank\" aria-label=\"Compartir en Facebook\" href='https:\/\/www.facebook.com\/sharer.php?u=https:\/\/radiorevelacionfm.cl\/?p=51604&#038;t=Mes%20del%20clima%3A%20%C2%A1Invitamos%20a%20la%20comunidad%20coyhaiquina%20a%20sumarse%20a%20una%20jornada%20de%20limpieza%20por%20la%20Hora%20del%20Planeta%21' aria-hidden='false' data-av_icon='\ue8f3' data-av_iconfont='entypo-fontello' title='' data-avia-related-tooltip='Compartir en Facebook' rel=\"noopener\"><span class='avia_hidden_link_text'>Compartir en Facebook<\/span><\/a><\/li><li class='av-share-link av-social-link-twitter' ><a target=\"_blank\" aria-label=\"Compartir en Twitter\" href='https:\/\/twitter.com\/share?text=Mes%20del%20clima%3A%20%C2%A1Invitamos%20a%20la%20comunidad%20coyhaiquina%20a%20sumarse%20a%20una%20jornada%20de%20limpieza%20por%20la%20Hora%20del%20Planeta%21&#038;url=https:\/\/radiorevelacionfm.cl\/?p=51604' aria-hidden='false' data-av_icon='\ue8f1' data-av_iconfont='entypo-fontello' title='' data-avia-related-tooltip='Compartir en Twitter' rel=\"noopener\"><span class='avia_hidden_link_text'>Compartir en Twitter<\/span><\/a><\/li><li class='av-share-link av-social-link-whatsapp' ><a target=\"_blank\" aria-label=\"Compartir en Whatsapp\" href='https:\/\/api.whatsapp.com\/send?text=https:\/\/radiorevelacionfm.cl\/?p=51604' aria-hidden='false' data-av_icon='\uf232' data-av_iconfont='entypo-fontello' title='' data-avia-related-tooltip='Compartir en Whatsapp' rel=\"noopener\"><span class='avia_hidden_link_text'>Compartir en Whatsapp<\/span><\/a><\/li><li class='av-share-link av-social-link-linkedin' ><a target=\"_blank\" aria-label=\"Compartir en LinkedIn\" href='https:\/\/linkedin.com\/shareArticle?mini=true&#038;title=Mes%20del%20clima%3A%20%C2%A1Invitamos%20a%20la%20comunidad%20coyhaiquina%20a%20sumarse%20a%20una%20jornada%20de%20limpieza%20por%20la%20Hora%20del%20Planeta%21&#038;url=https:\/\/radiorevelacionfm.cl\/?p=51604' aria-hidden='false' data-av_icon='\ue8fc' data-av_iconfont='entypo-fontello' title='' data-avia-related-tooltip='Compartir en LinkedIn' rel=\"noopener\"><span class='avia_hidden_link_text'>Compartir en LinkedIn<\/span><\/a><\/li><li class='av-share-link av-social-link-mail' ><a  aria-label=\"Compartir por correo\" href='mailto:?subject=Mes%20del%20clima%3A%20%C2%A1Invitamos%20a%20la%20comunidad%20coyhaiquina%20a%20sumarse%20a%20una%20jornada%20de%20limpieza%20por%20la%20Hora%20del%20Planeta%21&#038;body=https:\/\/radiorevelacionfm.cl\/?p=51604' aria-hidden='false' data-av_icon='\ue805' data-av_iconfont='entypo-fontello' title='' data-avia-related-tooltip='Compartir por correo'><span class='avia_hidden_link_text'>Compartir por correo<\/span><\/a><\/li><\/ul><\/div><\/div>\n<div  style='height:50px' class='hr hr-invisible   avia-builder-el-8  el_after_av_social_share  el_before_av_comments_list '><span class='hr-inner ' ><span class='hr-inner-style'><\/span><\/span><\/div>\n<div  class='av-buildercomment  av-blog-meta-html-info-disabled av-blog-meta-tag-disabled  '><\/div>\n","protected":false},"excerpt":{"rendered":"","protected":false},"author":1,"featured_media":51605,"comment_status":"open","ping_status":"open","sticky":false,"template":"","format":"standard","meta":{"footnotes":""},"categories":[39],"tags":[],"class_list":["post-51604","post","type-post","status-publish","format-standard","has-post-thumbnail","hentry","category-medio-ambiente"],"jetpack_featured_media_url":"https:\/\/radiorevelacionfm.cl\/wp-content\/uploads\/2025\/03\/lhdp-1-1_optimized.jpg","_links":{"self":[{"href":"https:\/\/radiorevelacionfm.cl\/index.php?rest_route=\/wp\/v2\/posts\/51604","targetHints":{"allow":["GET"]}}],"collection":[{"href":"https:\/\/radiorevelacionfm.cl\/index.php?rest_route=\/wp\/v2\/posts"}],"about":[{"href":"https:\/\/radiorevelacionfm.cl\/index.php?rest_route=\/wp\/v2\/types\/post"}],"author":[{"embeddable":true,"href":"https:\/\/radiorevelacionfm.cl\/index.php?rest_route=\/wp\/v2\/users\/1"}],"replies":[{"embeddable":true,"href":"https:\/\/radiorevelacionfm.cl\/index.php?rest_route=%2Fwp%2Fv2%2Fcomments&post=51604"}],"version-history":[{"count":1,"href":"https:\/\/radiorevelacionfm.cl\/index.php?rest_route=\/wp\/v2\/posts\/51604\/revisions"}],"predecessor-version":[{"id":51606,"href":"https:\/\/radiorevelacionfm.cl\/index.php?rest_route=\/wp\/v2\/posts\/51604\/revisions\/51606"}],"wp:featuredmedia":[{"embeddable":true,"href":"https:\/\/radiorevelacionfm.cl\/index.php?rest_route=\/wp\/v2\/media\/51605"}],"wp:attachment":[{"href":"https:\/\/radiorevelacionfm.cl\/index.php?rest_route=%2Fwp%2Fv2%2Fmedia&parent=51604"}],"wp:term":[{"taxonomy":"category","embeddable":true,"href":"https:\/\/radiorevelacionfm.cl\/index.php?rest_route=%2Fwp%2Fv2%2Fcategories&post=51604"},{"taxonomy":"post_tag","embeddable":true,"href":"https:\/\/radiorevelacionfm.cl\/index.php?rest_route=%2Fwp%2Fv2%2Ftags&post=51604"}],"curies":[{"name":"wp","href":"https:\/\/api.w.org\/{rel}","templated":true}]}}