{"id":5160,"date":"2021-06-11T14:19:07","date_gmt":"2021-06-11T17:19:07","guid":{"rendered":"https:\/\/radiorevelacionfm.cl\/?p=5160"},"modified":"2021-06-11T14:19:07","modified_gmt":"2021-06-11T17:19:07","slug":"mas-de-cien-estudiantes-ayseninos-con-becas-rechazadas-de-junaeb-sostuvieron-reunion-con-diputado-alinco","status":"publish","type":"post","link":"https:\/\/radiorevelacionfm.cl\/?p=5160","title":{"rendered":"M\u00e1s de cien estudiantes ayseninos con becas rechazadas de Junaeb sostuvieron reuni\u00f3n con diputado Alinco"},"content":{"rendered":"<div class=\"flex_column av_one_full  flex_column_div av-zero-column-padding first  avia-builder-el-0  el_before_av_one_full  avia-builder-el-first  \" style='border-radius:0px; '><div  class='avia-image-container  av-styling-    avia-builder-el-1  avia-builder-el-no-sibling  avia-align-center '  itemprop=\"image\" itemscope=\"itemscope\" itemtype=\"https:\/\/schema.org\/ImageObject\"  ><div class='avia-image-container-inner'><div class='avia-image-overlay-wrap'><img decoding=\"async\" class='wp-image-5162 avia-img-lazy-loading-not-5162 avia_image' src=\"https:\/\/radiorevelacionfm.cl\/wp-content\/uploads\/2021\/06\/1-131-1.jpg\" alt='' title='1 (13)1 (1)' height=\"611\" width=\"925\"  itemprop=\"thumbnailUrl\" srcset=\"https:\/\/radiorevelacionfm.cl\/wp-content\/uploads\/2021\/06\/1-131-1.jpg 925w, https:\/\/radiorevelacionfm.cl\/wp-content\/uploads\/2021\/06\/1-131-1-300x198.jpg 300w, https:\/\/radiorevelacionfm.cl\/wp-content\/uploads\/2021\/06\/1-131-1-768x507.jpg 768w, https:\/\/radiorevelacionfm.cl\/wp-content\/uploads\/2021\/06\/1-131-1-705x466.jpg 705w, https:\/\/radiorevelacionfm.cl\/wp-content\/uploads\/2021\/06\/1-131-1-600x396.jpg 600w\" sizes=\"(max-width: 925px) 100vw, 925px\" \/><\/div><\/div><\/div><\/div><div class=\"flex_column av_one_full  flex_column_div av-zero-column-padding first  avia-builder-el-2  el_after_av_one_full  el_before_av_one_full  column-top-margin\" style='border-radius:0px; '><section class=\"av_textblock_section \"  itemscope=\"itemscope\" itemtype=\"https:\/\/schema.org\/BlogPosting\" itemprop=\"blogPost\" ><div class='avia_textblock  '   itemprop=\"text\" ><p style=\"text-align: center;\"><strong><span style=\"font-size: 18pt;\">M\u00e1s de cien estudiantes ayseninos con becas rechazadas de Junaeb sostuvieron reuni\u00f3n con diputado Alinco<\/span><\/strong><\/p>\n<div id=\"gtx-trans\" style=\"position: absolute; left: -50px; top: 4.31534px;\">\n<div class=\"gtx-trans-icon\"><\/div>\n<\/div>\n<\/div><\/section><\/div><div class=\"flex_column av_one_full  flex_column_div av-zero-column-padding first  avia-builder-el-4  el_after_av_one_full  el_before_av_hr  column-top-margin\" style='border-radius:0px; '><section class=\"av_textblock_section \"  itemscope=\"itemscope\" itemtype=\"https:\/\/schema.org\/BlogPosting\" itemprop=\"blogPost\" ><div class='avia_textblock  '   itemprop=\"text\" ><p style=\"text-align: justify;\">Este jueves por la noche, el diputado por Ays\u00e9n, Ren\u00e9 Alinco Bustos, sostuvo una reuni\u00f3n v\u00eda aplicaci\u00f3n Zoom con m\u00e1s de cien estudiantes de la regi\u00f3n, quienes hasta el momento han sido rechazados para la obtenci\u00f3n de las becas entregadas por Junaeb, Beca Ays\u00e9n y Beca Patagonia Ays\u00e9n, principalmente.<\/p>\n<p style=\"text-align: justify;\">En la oportunidad, muchos j\u00f3venes y tambi\u00e9n apoderados expusieron al diputado Alinco las dificultades que est\u00e1n pasando por no contar con los recursos que entregan las respectivas becas y que alivian la econom\u00eda de muchos hogares ayseninos, m\u00e1s en este contexto de pandemia. Gran confusi\u00f3n y preocupaci\u00f3n es lo que mostraron los estudiantes al parlamentario por no ser beneficiarios de las becas, siendo que s\u00ed cumplen con todos los requisitos exigidos por Junaeb, servicio que -seg\u00fan los afectados- ha entregado distintas respuestas a una misma pregunta.<\/p>\n<p style=\"text-align: justify;\">B\u00e1rbara Navarro, es la vocera de aproximadamente 230 estudiantes no becados, y en la reuni\u00f3n con el diputado Alinco, manifest\u00f3 que \u201cse nos han dado distintas respuestas a cada uno, siendo que tenemos las mismas dudas, todos cumplen los requisitos. La gran mayor\u00eda somos postulantes que ingresamos reci\u00e9n a la universidad y salimos no becados sin respuesta y a la otra parte se les se\u00f1ala que no han cumplido con el puntaje de corte\u201d, sostuvo la estudiante, quien respecto a lo \u00faltimo se\u00f1alado, no se les ha explicado a qu\u00e9 se refiere con este filtro, \u201cy en qu\u00e9 basan sus puntajes de corte par asignar las becas, por ejemplo, a una persona le dijeron que ten\u00eda 430 de puntaje de corte y a otra 730, entonces es donde empiezan a generarse dudas porque no se nos da una raz\u00f3n espec\u00edfica a todos\u201d, coment\u00f3 Navarro.<\/p>\n<p style=\"text-align: justify;\">Asimismo, la estudiante se\u00f1al\u00f3 que hay algunos j\u00f3venes que a\u00fan se mantienen fuera de la regi\u00f3n, \u201cpero a la deriva, pues se mantienen esperando una respuesta, llevan un semestre esperando. Cuando surgieron las primeras dudas, la respuesta que se les dio fue que primero van los renovantes por el tema de cupos y el dinero que tienen disponible para entregar becas, pero aparte de eso se nos dijo que la lista podr\u00eda ir avanzando de aqu\u00ed al 7 de julio, es decir los pagos podr\u00edan entregarse en agosto o ya septiembre, aunque no es una respuesta segura\u201d, afirm\u00f3.<\/p>\n<p style=\"text-align: justify;\">El diputado Ren\u00e9 Alinco, luego de escuchar a los j\u00f3venes y padres, se\u00f1al\u00f3 \u201cme parece incre\u00edble que se les est\u00e9 negando un leg\u00edtimo derecho a nuestros estudiantes de la regi\u00f3n de Ays\u00e9n, que es obtener su beca, ya sean renovantes o para quienes postulan por primera vez. Los estudiantes de eAys\u00e9n, regi\u00f3n extrema y aislada tienen ese leg\u00edtimo derecho\u201d, as\u00ed tambi\u00e9n sostuvo que \u201cestamos reuniendo el listado completo de todos los estudiantes de distintas becas rechazadas, para que sea entregado a las m\u00e1s altas autoridades de Educaci\u00f3n, hablo del ministro, subsecretario y director nacional de Junaeb, adem\u00e1s hablar\u00e9 en la Comisi\u00f3n de Educaci\u00f3n y espero que nos apoye la C\u00e1mara de Diputados en esta situaci\u00f3n que es una muy necesaria demanda\u201d, dijo el parlamentario.<\/p>\n<p style=\"text-align: justify;\">En este sentido, Alinco igualmente critic\u00f3 a las autoridades de Gobierno regionales, quienes hasta el momento no se han pronunciado al respeto, de igual forma indic\u00f3 que se trata de falta de voluntad pol\u00edtica, pues \u201clas platas est\u00e1n aprobadas desde el a\u00f1o pasado en el presupuesto de la naci\u00f3n, nosotros votamos a favor de esa glosa, por lo tanto, Junaeb o el gobierno no pueden decir que no hay plata. Tremenda insensibilidad demuestra las autoridades, m\u00e1s en estos tiempos de crisis. Por otra parte, yo lamento la actitud del director regional de Junaeb que aun no se pronuncia, no he escuchado la opini\u00f3n de la intendenta tampoco o alguna en defensa de los estudiantes por parte del seremi de Educaci\u00f3n, \u00bfqu\u00e9 es lo que est\u00e1 pasando?\u201d, enfatiz\u00f3 el diputado, quien sostuvo que la otra semana realizar\u00e1 las gestiones a nivel central, ya que por ahora los estudiantes organizados ya se encuentran entregando todos los antecedentes a la oficina parlamentaria.<\/p>\n<\/div><\/section><\/div><div  style='height:50px' class='hr hr-invisible   avia-builder-el-6  el_after_av_one_full  el_before_av_social_share '><span class='hr-inner ' ><span class='hr-inner-style'><\/span><\/span><\/div><\/p>\n<div  class='av-social-sharing-box  avia-builder-el-7  el_after_av_hr  el_before_av_hr  '><div class='av-share-box'><h5 class='av-share-link-description av-no-toc '>Compartir esta noticia<\/h5><ul class='av-share-box-list noLightbox'><li class='av-share-link av-social-link-facebook' ><a target=\"_blank\" aria-label=\"Compartir en Facebook\" href='https:\/\/www.facebook.com\/sharer.php?u=https:\/\/radiorevelacionfm.cl\/?p=5160&#038;t=M%C3%A1s%20de%20cien%20estudiantes%20ayseninos%20con%20becas%20rechazadas%20de%20Junaeb%20sostuvieron%20reuni%C3%B3n%20con%20diputado%20Alinco' aria-hidden='false' data-av_icon='\ue8f3' data-av_iconfont='entypo-fontello' title='' data-avia-related-tooltip='Compartir en Facebook' rel=\"noopener\"><span class='avia_hidden_link_text'>Compartir en Facebook<\/span><\/a><\/li><li class='av-share-link av-social-link-twitter' ><a target=\"_blank\" aria-label=\"Compartir en Twitter\" href='https:\/\/twitter.com\/share?text=M%C3%A1s%20de%20cien%20estudiantes%20ayseninos%20con%20becas%20rechazadas%20de%20Junaeb%20sostuvieron%20reuni%C3%B3n%20con%20diputado%20Alinco&#038;url=https:\/\/radiorevelacionfm.cl\/?p=5160' aria-hidden='false' data-av_icon='\ue8f1' data-av_iconfont='entypo-fontello' title='' data-avia-related-tooltip='Compartir en Twitter' rel=\"noopener\"><span class='avia_hidden_link_text'>Compartir en Twitter<\/span><\/a><\/li><li class='av-share-link av-social-link-whatsapp' ><a target=\"_blank\" aria-label=\"Compartir en Whatsapp\" href='https:\/\/api.whatsapp.com\/send?text=https:\/\/radiorevelacionfm.cl\/?p=5160' aria-hidden='false' data-av_icon='\uf232' data-av_iconfont='entypo-fontello' title='' data-avia-related-tooltip='Compartir en Whatsapp' rel=\"noopener\"><span class='avia_hidden_link_text'>Compartir en Whatsapp<\/span><\/a><\/li><li class='av-share-link av-social-link-linkedin' ><a target=\"_blank\" aria-label=\"Compartir en LinkedIn\" href='https:\/\/linkedin.com\/shareArticle?mini=true&#038;title=M%C3%A1s%20de%20cien%20estudiantes%20ayseninos%20con%20becas%20rechazadas%20de%20Junaeb%20sostuvieron%20reuni%C3%B3n%20con%20diputado%20Alinco&#038;url=https:\/\/radiorevelacionfm.cl\/?p=5160' aria-hidden='false' data-av_icon='\ue8fc' data-av_iconfont='entypo-fontello' title='' data-avia-related-tooltip='Compartir en LinkedIn' rel=\"noopener\"><span class='avia_hidden_link_text'>Compartir en LinkedIn<\/span><\/a><\/li><li class='av-share-link av-social-link-mail' ><a  aria-label=\"Compartir por correo\" href='mailto:?subject=M%C3%A1s%20de%20cien%20estudiantes%20ayseninos%20con%20becas%20rechazadas%20de%20Junaeb%20sostuvieron%20reuni%C3%B3n%20con%20diputado%20Alinco&#038;body=https:\/\/radiorevelacionfm.cl\/?p=5160' aria-hidden='false' data-av_icon='\ue805' data-av_iconfont='entypo-fontello' title='' data-avia-related-tooltip='Compartir por correo'><span class='avia_hidden_link_text'>Compartir por correo<\/span><\/a><\/li><\/ul><\/div><\/div>\n<div  style='height:50px' class='hr hr-invisible   avia-builder-el-8  el_after_av_social_share  el_before_av_comments_list '><span class='hr-inner ' ><span class='hr-inner-style'><\/span><\/span><\/div>\n<div  class='av-buildercomment  av-blog-meta-html-info-disabled av-blog-meta-tag-disabled  '><\/div>\n","protected":false},"excerpt":{"rendered":"","protected":false},"author":1,"featured_media":5162,"comment_status":"open","ping_status":"open","sticky":false,"template":"","format":"standard","meta":{"footnotes":""},"categories":[35],"tags":[],"class_list":["post-5160","post","type-post","status-publish","format-standard","has-post-thumbnail","hentry","category-politica"],"jetpack_featured_media_url":"https:\/\/radiorevelacionfm.cl\/wp-content\/uploads\/2021\/06\/1-131-1.jpg","_links":{"self":[{"href":"https:\/\/radiorevelacionfm.cl\/index.php?rest_route=\/wp\/v2\/posts\/5160","targetHints":{"allow":["GET"]}}],"collection":[{"href":"https:\/\/radiorevelacionfm.cl\/index.php?rest_route=\/wp\/v2\/posts"}],"about":[{"href":"https:\/\/radiorevelacionfm.cl\/index.php?rest_route=\/wp\/v2\/types\/post"}],"author":[{"embeddable":true,"href":"https:\/\/radiorevelacionfm.cl\/index.php?rest_route=\/wp\/v2\/users\/1"}],"replies":[{"embeddable":true,"href":"https:\/\/radiorevelacionfm.cl\/index.php?rest_route=%2Fwp%2Fv2%2Fcomments&post=5160"}],"version-history":[{"count":1,"href":"https:\/\/radiorevelacionfm.cl\/index.php?rest_route=\/wp\/v2\/posts\/5160\/revisions"}],"predecessor-version":[{"id":5163,"href":"https:\/\/radiorevelacionfm.cl\/index.php?rest_route=\/wp\/v2\/posts\/5160\/revisions\/5163"}],"wp:featuredmedia":[{"embeddable":true,"href":"https:\/\/radiorevelacionfm.cl\/index.php?rest_route=\/wp\/v2\/media\/5162"}],"wp:attachment":[{"href":"https:\/\/radiorevelacionfm.cl\/index.php?rest_route=%2Fwp%2Fv2%2Fmedia&parent=5160"}],"wp:term":[{"taxonomy":"category","embeddable":true,"href":"https:\/\/radiorevelacionfm.cl\/index.php?rest_route=%2Fwp%2Fv2%2Fcategories&post=5160"},{"taxonomy":"post_tag","embeddable":true,"href":"https:\/\/radiorevelacionfm.cl\/index.php?rest_route=%2Fwp%2Fv2%2Ftags&post=5160"}],"curies":[{"name":"wp","href":"https:\/\/api.w.org\/{rel}","templated":true}]}}