{"id":51598,"date":"2025-03-19T21:01:31","date_gmt":"2025-03-20T00:01:31","guid":{"rendered":"https:\/\/radiorevelacionfm.cl\/?p=51598"},"modified":"2025-03-19T21:01:31","modified_gmt":"2025-03-20T00:01:31","slug":"realizan-entrega-de-compra-asociativa-de-alimento-a-productores-ganaderos-de-alto-manihuales","status":"publish","type":"post","link":"https:\/\/radiorevelacionfm.cl\/?p=51598","title":{"rendered":"Realizan entrega de compra asociativa de alimento a productores ganaderos de Alto Ma\u00f1ihuales"},"content":{"rendered":"<div class=\"flex_column av_one_full  flex_column_div av-zero-column-padding first  avia-builder-el-0  el_before_av_one_full  avia-builder-el-first  \" style='border-radius:0px; '><div  class='avia-image-container  av-styling-    avia-builder-el-1  avia-builder-el-no-sibling  avia-align-center '  itemprop=\"image\" itemscope=\"itemscope\" itemtype=\"https:\/\/schema.org\/ImageObject\"  ><div class='avia-image-container-inner'><div class='avia-image-overlay-wrap'><img decoding=\"async\" class='wp-image-51599 avia-img-lazy-loading-not-51599 avia_image' src=\"https:\/\/radiorevelacionfm.cl\/wp-content\/uploads\/2025\/03\/image00003-3-1-1.jpeg\" alt='' title='image00003 (3) (1) (1)' height=\"600\" width=\"800\"  itemprop=\"thumbnailUrl\" srcset=\"https:\/\/radiorevelacionfm.cl\/wp-content\/uploads\/2025\/03\/image00003-3-1-1.jpeg 800w, https:\/\/radiorevelacionfm.cl\/wp-content\/uploads\/2025\/03\/image00003-3-1-1-300x225.jpeg 300w, https:\/\/radiorevelacionfm.cl\/wp-content\/uploads\/2025\/03\/image00003-3-1-1-768x576.jpeg 768w, https:\/\/radiorevelacionfm.cl\/wp-content\/uploads\/2025\/03\/image00003-3-1-1-705x529.jpeg 705w, https:\/\/radiorevelacionfm.cl\/wp-content\/uploads\/2025\/03\/image00003-3-1-1-450x338.jpeg 450w, https:\/\/radiorevelacionfm.cl\/wp-content\/uploads\/2025\/03\/image00003-3-1-1-600x450.jpeg 600w\" sizes=\"(max-width: 800px) 100vw, 800px\" \/><\/div><\/div><\/div><\/div><div class=\"flex_column av_one_full  flex_column_div av-zero-column-padding first  avia-builder-el-2  el_after_av_one_full  el_before_av_one_full  column-top-margin\" style='border-radius:0px; '><section class=\"av_textblock_section \"  itemscope=\"itemscope\" itemtype=\"https:\/\/schema.org\/BlogPosting\" itemprop=\"blogPost\" ><div class='avia_textblock  '   itemprop=\"text\" ><p style=\"text-align: center;\"><strong><span style=\"font-size: 18pt;\">Realizan entrega de compra asociativa de alimento a productores ganaderos de Alto Ma\u00f1ihuales<\/span><\/strong><\/p>\n<div id=\"gtx-trans\" style=\"position: absolute; left: -50px; top: 4.31534px;\">\n<div class=\"gtx-trans-icon\"><\/div>\n<\/div>\n<\/div><\/section><\/div><div class=\"flex_column av_one_full  flex_column_div av-zero-column-padding first  avia-builder-el-4  el_after_av_one_full  el_before_av_hr  column-top-margin\" style='border-radius:0px; '><section class=\"av_textblock_section \"  itemscope=\"itemscope\" itemtype=\"https:\/\/schema.org\/BlogPosting\" itemprop=\"blogPost\" ><div class='avia_textblock  '   itemprop=\"text\" ><p style=\"text-align: justify;\"><em>Agricultura impuls\u00f3 que la puesta en marcha de la medida permitiera llegar en la temporada de verano a las y los productores para preparar a tiempo la \u00e9poca de invierno.\u00a0<\/em><\/p>\n<p style=\"text-align: justify;\">En la sede de la Junta de Vecinas y Vecinos de Alto Ma\u00f1ihuales, comuna Coyhaique, la semana pasada el seremi de Agricultura, Eugenio Ruiz, y profesionales de Prodesal de la Ilustre Municipalidad de Coyhaique e INDAP \u00c1rea Coyhaique, desarroll\u00f3 la primera entrega en terreno de compra asociativa del Fondo de Operaci\u00f3n Anual (FOA) para m\u00e1s de 20 usuarias y usuarios del sector norte de la comuna. Un total de 549 sacos llegaron a destino.<\/p>\n<p style=\"text-align: justify;\">La iniciativa permite apoyar a las peque\u00f1as y peque\u00f1os agricultores y productores de la regi\u00f3n, fortaleciendo su capacidad productiva mediante el apoyo financiero y log\u00edstico para impulsar su desarrollo econ\u00f3mico a trav\u00e9s de la compra de sacos de productos agr\u00edcolas, quienes adem\u00e1s, en algunas oportunidades no cuentan con los medios de traslado para recibir estas entregas fuera del lugar donde residen.<\/p>\n<p style=\"text-align: justify;\">En palabras del seremi de Agricultura, Eugenio Ruiz, \u00abnos encontramos en Alto Ma\u00f1ihuales junto a las vecinas y vecinos rurales del sector ejecutando la primera entrega de compra asociativa de alimento para preparar a tiempo la temporada de invierno. A trav\u00e9s del Fondo de Operaci\u00f3n Anual podemos traer este alimento que viene fuera de la regi\u00f3n, que tiene un alto costo a nivel local, pero gestionamos que pueda ser adquirido en menor costo para usuarios de INDAP y Prodesal, que hoy contempla a 25 productores de este sector con un monto de inversi\u00f3n cercano a los 8 millones de pesos\u00bb.<\/p>\n<p style=\"text-align: justify;\">\u00abDesde el Ministerio de Agricultura apoyamos con instrumentos que permiten que nos anticipemos a las condiciones que vienen, m\u00e1s a\u00fan entendiendo c\u00f3mo es la realidad en la Patagonia\u00bb, finaliz\u00f3 Ruiz.<\/p>\n<p style=\"text-align: justify;\">Asimismo, este Fondo posee financiamiento p\u00fablico y municipal, lo que permite ampliar el abanico de comunidades rurales beneficiadas, llegando a usuarias y usuarios INDAP como tambi\u00e9n quienes est\u00e9n vinculados al prodesal.<\/p>\n<p style=\"text-align: justify;\">En este sentido, el profesional de la secci\u00f3n de Desarrollo Rural de la Municipalidad de Coyhaique, Fabi\u00e1n Ulloa, indic\u00f3 que \u00abla Municipalidad de Coyhaique administra los fondos que transfiere el Ministerio de Agricultura a trav\u00e9s de INDAP para poder desarrollar los prodesales en el norte y sur de la comuna, adem\u00e1s del PDTI. Haciendo valer el llamado de la seremi de Agricultura en hacer entregas tempranas para el abastecimiento de alimentaci\u00f3n invernal de los animales, esta es la primera entrega y la pr\u00f3xima debiese ser de la misma unidad norte, en Villa Ortega, otra en Coyhaique Sur y posteriormente los PDTI, abarcando igualmente norte y sur de la comuna durante marzo y abril\u00bb.<\/p>\n<p style=\"text-align: justify;\">La productora local y presidenta de la Junta de Vecinos de Alto Ma\u00f1ihuales, Ana Santana, quien adem\u00e1s form\u00f3 parte de la ayuda de emergencia por d\u00e9ficit h\u00eddrico que realiz\u00f3 Agricultura durante la temporada de parici\u00f3n de animales en octubre pasado, destac\u00f3 que \u00abyo estoy conforme con eso porque lleg\u00f3 en buen momento, terminando lo que ten\u00edamos guardado y los animales estaban pariendo, as\u00ed que agradecida de eso. Hoy d\u00eda como comunidad estamos recibiendo el cr\u00e9dito para concentrado de invierno y lo que se recibe normalmente es en coset\u00e1n o el alimento criancero para vacas, ovejas, caballos, aves y todo. Es una buena variedad\u00bb.<\/p>\n<p style=\"text-align: justify;\">\u00abYo creo que recibir esto ahora es ideal porque no nos pesca el tiempo malo y hace dos a\u00f1os que se est\u00e1 dando en este tiempo. Imag\u00ednese hoy hubiese estado lloviendo, c\u00f3mo queda el concentrado, entonces est\u00e1 llegando bien para guardarlo en el galp\u00f3n\u00bb, concluy\u00f3 la productora.<\/p>\n<p style=\"text-align: justify;\">La gesti\u00f3n anticipada se suma a las coordinaciones intersectoriales que lidera el Agro con actores p\u00fablicos y privados para fortalecer la prevenci\u00f3n en el territorio y mejorar la actividad agr\u00edcola de las peque\u00f1as y peque\u00f1os campesinos regionales, permitiendo que puedan anteponerse ante las contingencias clim\u00e1ticas.<\/p>\n<\/div><\/section><\/div><div  style='height:50px' class='hr hr-invisible   avia-builder-el-6  el_after_av_one_full  el_before_av_social_share '><span class='hr-inner ' ><span class='hr-inner-style'><\/span><\/span><\/div><\/p>\n<div  class='av-social-sharing-box  avia-builder-el-7  el_after_av_hr  el_before_av_hr  '><div class='av-share-box'><h5 class='av-share-link-description av-no-toc '>Compartir esta noticia<\/h5><ul class='av-share-box-list noLightbox'><li class='av-share-link av-social-link-facebook' ><a target=\"_blank\" aria-label=\"Compartir en Facebook\" href='https:\/\/www.facebook.com\/sharer.php?u=https:\/\/radiorevelacionfm.cl\/?p=51598&#038;t=Realizan%20entrega%20de%20compra%20asociativa%20de%20alimento%20a%20productores%20ganaderos%20de%20Alto%20Ma%C3%B1ihuales' aria-hidden='false' data-av_icon='\ue8f3' data-av_iconfont='entypo-fontello' title='' data-avia-related-tooltip='Compartir en Facebook' rel=\"noopener\"><span class='avia_hidden_link_text'>Compartir en Facebook<\/span><\/a><\/li><li class='av-share-link av-social-link-twitter' ><a target=\"_blank\" aria-label=\"Compartir en Twitter\" href='https:\/\/twitter.com\/share?text=Realizan%20entrega%20de%20compra%20asociativa%20de%20alimento%20a%20productores%20ganaderos%20de%20Alto%20Ma%C3%B1ihuales&#038;url=https:\/\/radiorevelacionfm.cl\/?p=51598' aria-hidden='false' data-av_icon='\ue8f1' data-av_iconfont='entypo-fontello' title='' data-avia-related-tooltip='Compartir en Twitter' rel=\"noopener\"><span class='avia_hidden_link_text'>Compartir en Twitter<\/span><\/a><\/li><li class='av-share-link av-social-link-whatsapp' ><a target=\"_blank\" aria-label=\"Compartir en Whatsapp\" href='https:\/\/api.whatsapp.com\/send?text=https:\/\/radiorevelacionfm.cl\/?p=51598' aria-hidden='false' data-av_icon='\uf232' data-av_iconfont='entypo-fontello' title='' data-avia-related-tooltip='Compartir en Whatsapp' rel=\"noopener\"><span class='avia_hidden_link_text'>Compartir en Whatsapp<\/span><\/a><\/li><li class='av-share-link av-social-link-linkedin' ><a target=\"_blank\" aria-label=\"Compartir en LinkedIn\" href='https:\/\/linkedin.com\/shareArticle?mini=true&#038;title=Realizan%20entrega%20de%20compra%20asociativa%20de%20alimento%20a%20productores%20ganaderos%20de%20Alto%20Ma%C3%B1ihuales&#038;url=https:\/\/radiorevelacionfm.cl\/?p=51598' aria-hidden='false' data-av_icon='\ue8fc' data-av_iconfont='entypo-fontello' title='' data-avia-related-tooltip='Compartir en LinkedIn' rel=\"noopener\"><span class='avia_hidden_link_text'>Compartir en LinkedIn<\/span><\/a><\/li><li class='av-share-link av-social-link-mail' ><a  aria-label=\"Compartir por correo\" href='mailto:?subject=Realizan%20entrega%20de%20compra%20asociativa%20de%20alimento%20a%20productores%20ganaderos%20de%20Alto%20Ma%C3%B1ihuales&#038;body=https:\/\/radiorevelacionfm.cl\/?p=51598' aria-hidden='false' data-av_icon='\ue805' data-av_iconfont='entypo-fontello' title='' data-avia-related-tooltip='Compartir por correo'><span class='avia_hidden_link_text'>Compartir por correo<\/span><\/a><\/li><\/ul><\/div><\/div>\n<div  style='height:50px' class='hr hr-invisible   avia-builder-el-8  el_after_av_social_share  el_before_av_comments_list '><span class='hr-inner ' ><span class='hr-inner-style'><\/span><\/span><\/div>\n<div  class='av-buildercomment  av-blog-meta-html-info-disabled av-blog-meta-tag-disabled  '><\/div>\n","protected":false},"excerpt":{"rendered":"","protected":false},"author":1,"featured_media":51599,"comment_status":"open","ping_status":"open","sticky":false,"template":"","format":"standard","meta":{"footnotes":""},"categories":[58],"tags":[],"class_list":["post-51598","post","type-post","status-publish","format-standard","has-post-thumbnail","hentry","category-agricultura"],"jetpack_featured_media_url":"https:\/\/radiorevelacionfm.cl\/wp-content\/uploads\/2025\/03\/image00003-3-1-1.jpeg","_links":{"self":[{"href":"https:\/\/radiorevelacionfm.cl\/index.php?rest_route=\/wp\/v2\/posts\/51598","targetHints":{"allow":["GET"]}}],"collection":[{"href":"https:\/\/radiorevelacionfm.cl\/index.php?rest_route=\/wp\/v2\/posts"}],"about":[{"href":"https:\/\/radiorevelacionfm.cl\/index.php?rest_route=\/wp\/v2\/types\/post"}],"author":[{"embeddable":true,"href":"https:\/\/radiorevelacionfm.cl\/index.php?rest_route=\/wp\/v2\/users\/1"}],"replies":[{"embeddable":true,"href":"https:\/\/radiorevelacionfm.cl\/index.php?rest_route=%2Fwp%2Fv2%2Fcomments&post=51598"}],"version-history":[{"count":1,"href":"https:\/\/radiorevelacionfm.cl\/index.php?rest_route=\/wp\/v2\/posts\/51598\/revisions"}],"predecessor-version":[{"id":51600,"href":"https:\/\/radiorevelacionfm.cl\/index.php?rest_route=\/wp\/v2\/posts\/51598\/revisions\/51600"}],"wp:featuredmedia":[{"embeddable":true,"href":"https:\/\/radiorevelacionfm.cl\/index.php?rest_route=\/wp\/v2\/media\/51599"}],"wp:attachment":[{"href":"https:\/\/radiorevelacionfm.cl\/index.php?rest_route=%2Fwp%2Fv2%2Fmedia&parent=51598"}],"wp:term":[{"taxonomy":"category","embeddable":true,"href":"https:\/\/radiorevelacionfm.cl\/index.php?rest_route=%2Fwp%2Fv2%2Fcategories&post=51598"},{"taxonomy":"post_tag","embeddable":true,"href":"https:\/\/radiorevelacionfm.cl\/index.php?rest_route=%2Fwp%2Fv2%2Ftags&post=51598"}],"curies":[{"name":"wp","href":"https:\/\/api.w.org\/{rel}","templated":true}]}}