{"id":51595,"date":"2025-03-19T17:07:44","date_gmt":"2025-03-19T20:07:44","guid":{"rendered":"https:\/\/radiorevelacionfm.cl\/?p=51595"},"modified":"2025-03-19T20:56:26","modified_gmt":"2025-03-19T23:56:26","slug":"emiten-alerta-roja-por-incendio-forestal-en-comuna-de-chile-chico-y-realizan-evacuaciones-preventivas","status":"publish","type":"post","link":"https:\/\/radiorevelacionfm.cl\/?p=51595","title":{"rendered":"Emiten alerta roja por Incendio Forestal en comuna de Chile Chico y realizan evacuaciones preventivas"},"content":{"rendered":"<div class=\"flex_column av_one_full  flex_column_div av-zero-column-padding first  avia-builder-el-0  el_before_av_one_full  avia-builder-el-first  \" style='border-radius:0px; '><div  class='avia-image-container  av-styling-    avia-builder-el-1  avia-builder-el-no-sibling  avia-align-center '  itemprop=\"image\" itemscope=\"itemscope\" itemtype=\"https:\/\/schema.org\/ImageObject\"  ><div class='avia-image-container-inner'><div class='avia-image-overlay-wrap'><img decoding=\"async\" class='wp-image-51615 avia-img-lazy-loading-not-51615 avia_image' src=\"https:\/\/radiorevelacionfm.cl\/wp-content\/uploads\/2025\/03\/Incendio-Chile-Chico-19.03.25-1-1.jpg\" alt='' title='Incendio Chile Chico 19.03.25 (1) (1)' height=\"640\" width=\"804\"  itemprop=\"thumbnailUrl\" srcset=\"https:\/\/radiorevelacionfm.cl\/wp-content\/uploads\/2025\/03\/Incendio-Chile-Chico-19.03.25-1-1.jpg 804w, https:\/\/radiorevelacionfm.cl\/wp-content\/uploads\/2025\/03\/Incendio-Chile-Chico-19.03.25-1-1-300x239.jpg 300w, https:\/\/radiorevelacionfm.cl\/wp-content\/uploads\/2025\/03\/Incendio-Chile-Chico-19.03.25-1-1-768x611.jpg 768w, https:\/\/radiorevelacionfm.cl\/wp-content\/uploads\/2025\/03\/Incendio-Chile-Chico-19.03.25-1-1-705x561.jpg 705w, https:\/\/radiorevelacionfm.cl\/wp-content\/uploads\/2025\/03\/Incendio-Chile-Chico-19.03.25-1-1-450x358.jpg 450w, https:\/\/radiorevelacionfm.cl\/wp-content\/uploads\/2025\/03\/Incendio-Chile-Chico-19.03.25-1-1-600x478.jpg 600w\" sizes=\"(max-width: 804px) 100vw, 804px\" \/><\/div><\/div><\/div><\/div><div class=\"flex_column av_one_full  flex_column_div av-zero-column-padding first  avia-builder-el-2  el_after_av_one_full  el_before_av_one_full  column-top-margin\" style='border-radius:0px; '><section class=\"av_textblock_section \"  itemscope=\"itemscope\" itemtype=\"https:\/\/schema.org\/BlogPosting\" itemprop=\"blogPost\" ><div class='avia_textblock  '   itemprop=\"text\" ><p style=\"text-align: center;\"><strong><span style=\"font-size: 18pt;\">Emiten alerta roja por Incendio Forestal en comuna de Chile Chico y realizan evacuaciones preventivas<\/span><\/strong><\/p>\n<div id=\"gtx-trans\" style=\"position: absolute; left: -50px; top: 4.31534px;\">\n<div class=\"gtx-trans-icon\"><\/div>\n<\/div>\n<\/div><\/section><\/div><\/p>\n<div class=\"flex_column av_one_full  flex_column_div av-zero-column-padding first  avia-builder-el-4  el_after_av_one_full  el_before_av_hr  column-top-margin\" style='border-radius:0px; '><section class=\"av_textblock_section \"  itemscope=\"itemscope\" itemtype=\"https:\/\/schema.org\/BlogPosting\" itemprop=\"blogPost\" ><div class='avia_textblock  '   itemprop=\"text\" ><p style=\"text-align: justify;\">Durante esta ma\u00f1ana, mi\u00e9rcoles 19 de marzo de 2025, se activ\u00f3 alerta por Incendio Forestal en la comuna de Chile Chico.<\/p>\n<p style=\"text-align: justify;\">De acuerdo a informaci\u00f3n proporcionada por CONAF, el incendio forestal denominado \u00abLas Llaves\u00bb, cercano a sector Fachinal, de momento se encuentra en estado \u201cEN COMBATE\u201d, con una superficie de 20 hect\u00e1reas.<\/p>\n<p style=\"text-align: justify;\">El incendio forestal se encuentra con propagaci\u00f3n e intensidad alta debido a r\u00e1fagas de viento de hasta 80 km\/h, lo que ha dificultado el trabajo de los brigadistas, seg\u00fan lo indicado por CONAF.<\/p>\n<p style=\"text-align: justify;\">Siendo las 14:40 horas se activa mensajer\u00eda SAE para evacuaci\u00f3n preventiva del sector Fachinal. Al momento la evacuaci\u00f3n se encuentra siendo apoyada por parte de Delegaci\u00f3n Presidencial Provincial del General Carrera y Municipalidad de Chile Chico.<\/p>\n<p><strong>CURSOS DE ACCI\u00d3N<\/strong><\/p>\n<p style=\"text-align: justify;\">En el lugar trabaja CONAF con brigadas de Cochrane, Puerto R\u00edo Tranquilo y Chile Chico, Bomberos, Carabineros, SAMU, Delegaci\u00f3n Presidencial Provincial Gral. Carrera, municipalidad de Chile Chico.<\/p>\n<p style=\"text-align: justify;\">Se solicit\u00f3 BRIFE para apoyo en combate.<\/p>\n<p style=\"text-align: justify;\">Adem\u00e1s, se solicit\u00f3 helic\u00f3ptero para apoyo del sector por parte de CONAF.<\/p>\n<\/div><\/section><\/div>\n<div  style='height:50px' class='hr hr-invisible   avia-builder-el-6  el_after_av_one_full  el_before_av_social_share '><span class='hr-inner ' ><span class='hr-inner-style'><\/span><\/span><\/div>\n<div  class='av-social-sharing-box  avia-builder-el-7  el_after_av_hr  el_before_av_hr  '><div class='av-share-box'><h5 class='av-share-link-description av-no-toc '>Compartir esta noticia<\/h5><ul class='av-share-box-list noLightbox'><li class='av-share-link av-social-link-facebook' ><a target=\"_blank\" aria-label=\"Compartir en Facebook\" href='https:\/\/www.facebook.com\/sharer.php?u=https:\/\/radiorevelacionfm.cl\/?p=51595&#038;t=Emiten%20alerta%20roja%20por%20Incendio%20Forestal%20en%20comuna%20de%20Chile%20Chico%20y%20realizan%20evacuaciones%20preventivas' aria-hidden='false' data-av_icon='\ue8f3' data-av_iconfont='entypo-fontello' title='' data-avia-related-tooltip='Compartir en Facebook' rel=\"noopener\"><span class='avia_hidden_link_text'>Compartir en Facebook<\/span><\/a><\/li><li class='av-share-link av-social-link-twitter' ><a target=\"_blank\" aria-label=\"Compartir en Twitter\" href='https:\/\/twitter.com\/share?text=Emiten%20alerta%20roja%20por%20Incendio%20Forestal%20en%20comuna%20de%20Chile%20Chico%20y%20realizan%20evacuaciones%20preventivas&#038;url=https:\/\/radiorevelacionfm.cl\/?p=51595' aria-hidden='false' data-av_icon='\ue8f1' data-av_iconfont='entypo-fontello' title='' data-avia-related-tooltip='Compartir en Twitter' rel=\"noopener\"><span class='avia_hidden_link_text'>Compartir en Twitter<\/span><\/a><\/li><li class='av-share-link av-social-link-whatsapp' ><a target=\"_blank\" aria-label=\"Compartir en Whatsapp\" href='https:\/\/api.whatsapp.com\/send?text=https:\/\/radiorevelacionfm.cl\/?p=51595' aria-hidden='false' data-av_icon='\uf232' data-av_iconfont='entypo-fontello' title='' data-avia-related-tooltip='Compartir en Whatsapp' rel=\"noopener\"><span class='avia_hidden_link_text'>Compartir en Whatsapp<\/span><\/a><\/li><li class='av-share-link av-social-link-linkedin' ><a target=\"_blank\" aria-label=\"Compartir en LinkedIn\" href='https:\/\/linkedin.com\/shareArticle?mini=true&#038;title=Emiten%20alerta%20roja%20por%20Incendio%20Forestal%20en%20comuna%20de%20Chile%20Chico%20y%20realizan%20evacuaciones%20preventivas&#038;url=https:\/\/radiorevelacionfm.cl\/?p=51595' aria-hidden='false' data-av_icon='\ue8fc' data-av_iconfont='entypo-fontello' title='' data-avia-related-tooltip='Compartir en LinkedIn' rel=\"noopener\"><span class='avia_hidden_link_text'>Compartir en LinkedIn<\/span><\/a><\/li><li class='av-share-link av-social-link-mail' ><a  aria-label=\"Compartir por correo\" href='mailto:?subject=Emiten%20alerta%20roja%20por%20Incendio%20Forestal%20en%20comuna%20de%20Chile%20Chico%20y%20realizan%20evacuaciones%20preventivas&#038;body=https:\/\/radiorevelacionfm.cl\/?p=51595' aria-hidden='false' data-av_icon='\ue805' data-av_iconfont='entypo-fontello' title='' data-avia-related-tooltip='Compartir por correo'><span class='avia_hidden_link_text'>Compartir por correo<\/span><\/a><\/li><\/ul><\/div><\/div>\n<div  style='height:50px' class='hr hr-invisible   avia-builder-el-8  el_after_av_social_share  el_before_av_comments_list '><span class='hr-inner ' ><span class='hr-inner-style'><\/span><\/span><\/div>\n<div  class='av-buildercomment  av-blog-meta-html-info-disabled av-blog-meta-tag-disabled  '><\/div>\n","protected":false},"excerpt":{"rendered":"","protected":false},"author":1,"featured_media":51615,"comment_status":"open","ping_status":"open","sticky":false,"template":"","format":"standard","meta":{"footnotes":""},"categories":[38],"tags":[],"class_list":["post-51595","post","type-post","status-publish","format-standard","has-post-thumbnail","hentry","category-regional"],"jetpack_featured_media_url":"https:\/\/radiorevelacionfm.cl\/wp-content\/uploads\/2025\/03\/Incendio-Chile-Chico-19.03.25-1-1.jpg","_links":{"self":[{"href":"https:\/\/radiorevelacionfm.cl\/index.php?rest_route=\/wp\/v2\/posts\/51595","targetHints":{"allow":["GET"]}}],"collection":[{"href":"https:\/\/radiorevelacionfm.cl\/index.php?rest_route=\/wp\/v2\/posts"}],"about":[{"href":"https:\/\/radiorevelacionfm.cl\/index.php?rest_route=\/wp\/v2\/types\/post"}],"author":[{"embeddable":true,"href":"https:\/\/radiorevelacionfm.cl\/index.php?rest_route=\/wp\/v2\/users\/1"}],"replies":[{"embeddable":true,"href":"https:\/\/radiorevelacionfm.cl\/index.php?rest_route=%2Fwp%2Fv2%2Fcomments&post=51595"}],"version-history":[{"count":2,"href":"https:\/\/radiorevelacionfm.cl\/index.php?rest_route=\/wp\/v2\/posts\/51595\/revisions"}],"predecessor-version":[{"id":51616,"href":"https:\/\/radiorevelacionfm.cl\/index.php?rest_route=\/wp\/v2\/posts\/51595\/revisions\/51616"}],"wp:featuredmedia":[{"embeddable":true,"href":"https:\/\/radiorevelacionfm.cl\/index.php?rest_route=\/wp\/v2\/media\/51615"}],"wp:attachment":[{"href":"https:\/\/radiorevelacionfm.cl\/index.php?rest_route=%2Fwp%2Fv2%2Fmedia&parent=51595"}],"wp:term":[{"taxonomy":"category","embeddable":true,"href":"https:\/\/radiorevelacionfm.cl\/index.php?rest_route=%2Fwp%2Fv2%2Fcategories&post=51595"},{"taxonomy":"post_tag","embeddable":true,"href":"https:\/\/radiorevelacionfm.cl\/index.php?rest_route=%2Fwp%2Fv2%2Ftags&post=51595"}],"curies":[{"name":"wp","href":"https:\/\/api.w.org\/{rel}","templated":true}]}}